{"id":14676,"date":"2014-08-27T00:00:00","date_gmt":"2014-08-26T23:00:00","guid":{"rendered":"https:\/\/imagazine.it\/?p=14676"},"modified":"2014-08-27T00:00:00","modified_gmt":"2014-08-26T23:00:00","slug":"servizio-volontario-europeo-trieste-al-top-in-italia","status":"publish","type":"post","link":"https:\/\/imagazine.it\/home_desk\/servizio-volontario-europeo-trieste-al-top-in-italia\/","title":{"rendered":"Servizio volontario europeo, Trieste al top in Italia"},"content":{"rendered":"<p class=\"ui-droppable\" style=\"text-align: justify;\"> \tProseguono a pieno ritmo gli incontri informativi sul Servizio Volontario Europeo (SVE) organizzati presso l&#39;Europe Direct del Comune di Trieste (<a href=\"http:\/\/www.retecivica.trieste.it\/eud\" target=\"_blank\" rel=\"noopener\">www.retecivica.trieste.it\/eud<\/a>) di via della Procureria 2\/a, tra i pi\u00f9 attivi in Italia nello sviluppo e promozione del <em>Programma Giovent\u00f9 In Azione<\/em> con quasi duecento ragazzi partecipanti alle varie azioni di volontariato e scambi all\u2019estero.<\/p>\n<p class=\"ui-droppable\" style=\"text-align: justify;\"> \tNell&#39;ambito delle numerose attivit\u00e0 svolte a favore dei giovani, il Comune triestino ha sviluppato fin dall&#39;anno 2000 un Servizio Volontario Europeo rodato per la diffusione e la conoscenza delle diverse opportunit\u00e0 di mobilit\u00e0 giovanile e volontariato all\u2019estero, consentendo cos\u00ec di cogliere al volo l\u2019opportunit\u00e0 di apprendere una lingua e di mettersi al servizio degli altri per poi reinvestire il tutto nel mondo del lavoro. Finora 89 ragazzi e ragazze hanno \u201caffrontato\u201d la sfida, ma sono gi\u00e0 ai blocchi di partenza altri 1.141 giovani che hanno presentato la richiesta all&#39;Ufficio dello Europe Direct del Comune.<\/p>\n<\/p>\n<p class=\"ui-droppable\" style=\"text-align: justify;\"> \tIl Servizio Volontario Europeo \u00e8 finanziato dall&#39;Unione europea e permette ai giovani dai 17 ai 30 anni di svolgere un&#39;attivit\u00e0 di volontariato all&#39;estero dai 2 ai 12 mesi, spesati quasi del tutto. Gli ambiti in cui prestare il proprio servizio sono vari: cultura, giovent\u00f9, sport, assistenza sociale, patrimonio culturale, arte, tempo libero, protezione civile, ambiente.\u00a0<\/p>\n<p class=\"ui-droppable\" style=\"text-align: justify;\"> \tPer tutti gli interessati il prossimo incontro informativo sulle opportunit\u00e0 di mobilit\u00e0 giovanile e volontariato nei Paesi europei si terr\u00e0 mercoled\u00ec 3 settembre presso l&#39;Europe Direct di via della Procureria 2\/a, con inizio alle ore 15.<\/p>\n<p class=\"ui-droppable\" style=\"text-align: justify;\"> \tInfo 040 6754141, europedirect@comune.trieste.it. Orari di apertura luned\u00ec-venerd\u00ec 9-12.30, luned\u00ec e mercoled\u00ec anche 14.30-17.<\/p>\n","protected":false},"excerpt":{"rendered":"<p>Numerose opportunit\u00e0 di mobilit\u00e0 giovanile<\/p>\n","protected":false},"author":28,"featured_media":0,"comment_status":"closed","ping_status":"closed","sticky":false,"template":"","format":"standard","meta":{"dwc-title":[],"dwc-content":[],"footnotes":""},"categories":[5],"tags":[],"class_list":["post-14676","post","type-post","status-publish","format-standard","hentry","category-attualita"],"rttpg_featured_image_url":null,"rttpg_author":{"display_name":"redazione","author_link":"https:\/\/imagazine.it\/home_desk\/author\/redazione\/"},"rttpg_comment":0,"rttpg_category":"<a href=\"https:\/\/imagazine.it\/home_desk\/category\/attualita\/\" rel=\"category tag\">ATTUALIT\u00c0<\/a>","rttpg_excerpt":"Numerose opportunit\u00e0 di mobilit\u00e0 giovanile","_links":{"self":[{"href":"https:\/\/imagazine.it\/home_desk\/wp-json\/wp\/v2\/posts\/14676","targetHints":{"allow":["GET"]}}],"collection":[{"href":"https:\/\/imagazine.it\/home_desk\/wp-json\/wp\/v2\/posts"}],"about":[{"href":"https:\/\/imagazine.it\/home_desk\/wp-json\/wp\/v2\/types\/post"}],"author":[{"embeddable":true,"href":"https:\/\/imagazine.it\/home_desk\/wp-json\/wp\/v2\/users\/28"}],"replies":[{"embeddable":true,"href":"https:\/\/imagazine.it\/home_desk\/wp-json\/wp\/v2\/comments?post=14676"}],"version-history":[{"count":0,"href":"https:\/\/imagazine.it\/home_desk\/wp-json\/wp\/v2\/posts\/14676\/revisions"}],"wp:attachment":[{"href":"https:\/\/imagazine.it\/home_desk\/wp-json\/wp\/v2\/media?parent=14676"}],"wp:term":[{"taxonomy":"category","embeddable":true,"href":"https:\/\/imagazine.it\/home_desk\/wp-json\/wp\/v2\/categories?post=14676"},{"taxonomy":"post_tag","embeddable":true,"href":"https:\/\/imagazine.it\/home_desk\/wp-json\/wp\/v2\/tags?post=14676"}],"curies":[{"name":"wp","href":"https:\/\/api.w.org\/{rel}","templated":true}]}}