{"id":14675,"date":"2014-08-27T00:00:00","date_gmt":"2014-08-26T23:00:00","guid":{"rendered":"https:\/\/imagazine.it\/?p=14675"},"modified":"2014-08-27T00:00:00","modified_gmt":"2014-08-26T23:00:00","slug":"consorzio-industriale-una-rappresentante-slovena-per-la-provincia-di-gorizia","status":"publish","type":"post","link":"https:\/\/imagazine.it\/home_desk\/consorzio-industriale-una-rappresentante-slovena-per-la-provincia-di-gorizia\/","title":{"rendered":"Consorzio industriale, una rappresentante slovena per la Provincia di Gorizia"},"content":{"rendered":"<p style=\"text-align: justify;\" class=\"ui-droppable\"> \tLa Provincia di Gorizia guarda all\u2019Europa. In questa direzioni si muove la nomina del proprio rappresentante nel consiglio di amministrazione del Consorzio per lo sviluppo industriale di Gorizia, <strong>Anita Manfreda<\/strong>, 49enne dipendente del Comune di Sempeter-Vertojba, specialista in management, sviluppo economico e turistico, oltre che in gestione dei progetti comunitari.<\/p>\n<p style=\"text-align: justify;\" class=\"ui-droppable\"> \tUna nomina conseguente alle dimissioni, per motivi puramente familiari, della precedente componente, <strong>Marina Pisani<\/strong>, che \u2013 come ha voluto sottolineare il presidente della Provincia, <strong>Enrico Gherghetta<\/strong>, in una lettera di ringraziamenti che le ha indirizzato \u2013 dal 2005 a oggi ha dimostrato di essere altamente professionale e un punto fermo nelle scelte di politica industriale del nostro ente.<\/p>\n<p style=\"text-align: justify;\" class=\"ui-droppable\"> \t\u00abA questo punto \u2013 sottolinea Gherghetta\u00a0\u2013\u00a0con la nomina di una professionalit\u00e0 slovena, abbiamo abbattuto l\u2019ultimo muro, forse quello pi\u00f9 difficile da eliminare, cio\u00e8 quello delle persone.\u00bb<\/p>\n<p style=\"text-align: justify;\" class=\"ui-droppable\"> \tUn\u2019apertura verso la Slovenia e l\u2019Europa che gi\u00e0 era sembrata evidente con la concessione di un proprio spazio, Palazzo Alvarez, all\u2019Universit\u00e0 di Lubiana, cos\u00ec come la recente presa di posizione a favore della possibilit\u00e0 di far partorire i goriziani in un ospedale d\u2019oltreconfine, a Sempeter.<\/p>\n<p style=\"text-align: justify;\" class=\"ui-droppable\"> \tE ora la scelta di una propria rappresentante non italiana, \u00abche non vuole essere una provocazione \u2013 continua il presidente della Provincia di Gorizia \u2013 anche se gi\u00e0 so che saranno in molti a criticare questa nomina. Tuttavia, non capisco per quale motivo le squadre italiane di calcio possano andare a scegliere buona parte dei propri giocatori all\u2019estero e noi dobbiamo essere criticati per aver preso una persona, estremamente qualificata, che vive a 500 metri dal confine.\u00bb<\/p>\n","protected":false},"excerpt":{"rendered":"<p>Scelta Anita Manfreda<\/p>\n","protected":false},"author":28,"featured_media":0,"comment_status":"closed","ping_status":"closed","sticky":false,"template":"","format":"standard","meta":{"dwc-title":[],"dwc-content":[],"footnotes":""},"categories":[5],"tags":[],"class_list":["post-14675","post","type-post","status-publish","format-standard","hentry","category-attualita"],"rttpg_featured_image_url":null,"rttpg_author":{"display_name":"redazione","author_link":"https:\/\/imagazine.it\/home_desk\/author\/redazione\/"},"rttpg_comment":0,"rttpg_category":"<a href=\"https:\/\/imagazine.it\/home_desk\/category\/attualita\/\" rel=\"category tag\">ATTUALIT\u00c0<\/a>","rttpg_excerpt":"Scelta Anita Manfreda","_links":{"self":[{"href":"https:\/\/imagazine.it\/home_desk\/wp-json\/wp\/v2\/posts\/14675","targetHints":{"allow":["GET"]}}],"collection":[{"href":"https:\/\/imagazine.it\/home_desk\/wp-json\/wp\/v2\/posts"}],"about":[{"href":"https:\/\/imagazine.it\/home_desk\/wp-json\/wp\/v2\/types\/post"}],"author":[{"embeddable":true,"href":"https:\/\/imagazine.it\/home_desk\/wp-json\/wp\/v2\/users\/28"}],"replies":[{"embeddable":true,"href":"https:\/\/imagazine.it\/home_desk\/wp-json\/wp\/v2\/comments?post=14675"}],"version-history":[{"count":0,"href":"https:\/\/imagazine.it\/home_desk\/wp-json\/wp\/v2\/posts\/14675\/revisions"}],"wp:attachment":[{"href":"https:\/\/imagazine.it\/home_desk\/wp-json\/wp\/v2\/media?parent=14675"}],"wp:term":[{"taxonomy":"category","embeddable":true,"href":"https:\/\/imagazine.it\/home_desk\/wp-json\/wp\/v2\/categories?post=14675"},{"taxonomy":"post_tag","embeddable":true,"href":"https:\/\/imagazine.it\/home_desk\/wp-json\/wp\/v2\/tags?post=14675"}],"curies":[{"name":"wp","href":"https:\/\/api.w.org\/{rel}","templated":true}]}}