{"id":14670,"date":"2014-08-26T00:00:00","date_gmt":"2014-08-25T23:00:00","guid":{"rendered":"https:\/\/imagazine.it\/?p=14670"},"modified":"2014-08-26T00:00:00","modified_gmt":"2014-08-25T23:00:00","slug":"trieste-ritornano-i-nonni-paletta","status":"publish","type":"post","link":"https:\/\/imagazine.it\/home_desk\/trieste-ritornano-i-nonni-paletta\/","title":{"rendered":"Trieste, ritornano i nonni-paletta"},"content":{"rendered":"<p style=\"text-align: justify;\" class=\"ui-droppable\"> \tPaletta e pettorina. \u00c8 cos\u00ec che si distinguono i &#8216;nonni paletta&#8217;, presenza ormai familiare davanti alle scuole di Trieste. Un servizio volontario, a supporto della sicurezza degli alunni negli orari di ingresso e di uscita dagli edifici scolastici durante l&#8217;anno.<\/p>\n<p style=\"text-align: justify;\" class=\"ui-droppable\"> \tAnche quest&#8217;anno il Comune, con apposita delibera di giunta, su proposta del vicesindaco <strong>Fabiana Martini<\/strong>, ha deciso di riconfermare il progetto per l&#8217;inserimento di persone anziane in attivit\u00e0 socialmente utili, relativamente all&#8217;anno scolastico 2014\/2015, e in questo caso per svolgere un&#8217;attivit\u00e0 di vigilanza degli attraversamenti pedonali in prossimit\u00e0 delle scuole elementari comunali, basata su adesioni volontarie.<\/p>\n<p style=\"text-align: justify;\" class=\"ui-droppable\"> \t\u201c\u00c8 un servizio prezioso \u2013 sostiene Martini \u2013 molto apprezzato dalle famiglie e dal personale scolastico, e dall&#8217;altissimo valore sociale, che ribadisce l&#8217;impegno dell&#8217;Amministrazione a garantire l&#8217;incolumit\u00e0 dei suoi concittadini pi\u00f9 piccoli e a offrire ad alcuni concittadini non pi\u00f9 giovanissimi, esclusi dai processi produttivi, la possibilit\u00e0 di continuare a essere utili agli altri percependo un seppur minimo compenso\u201d.<\/p>\n<p style=\"text-align: justify;\" class=\"ui-droppable\"> \t\u00a0Le singole domande, presentate all&#8217;Ufficio Gestione Personale Formazione della Polizia Locale, come avvenuto il precedente anno scolastico, saranno esaminate in base all&#8217;attestazione ISEE (Indicatore situazione economica equivalente), alle certificazioni riguardanti il possesso di requisiti fisici e psichici e morali, il casellario giudiziale e altri elementi necessari ai fini delle regolarit\u00e0 della stessa. Quindi, valutate da una commissione.<\/p>\n<p style=\"text-align: justify;\" class=\"ui-droppable\"> \tGli aspiranti nonni-paletta che compariranno ai primi posti della graduatoria dovranno poi partecipare a un corso formativo (fino a un massimo di 35 partecipanti per sessione), un incontro di tipo operativo e un colloquio attitudinale con due Ufficiali incaricati di Polizia Locale. Con le persone ritenute idonee e inserite nella graduatoria (in base a posti disponibili e alle esigenze di bilancio) saranno sottoscritti dei contratti individuali di \u201cincarico di attivit\u00e0 socialmente utile svolta da un anziano\u201d.<\/p>\n<p style=\"text-align: justify;\" class=\"ui-droppable\"> \tSar\u00e0 accordata preferenza nella formazione della graduatoria e conferimento dell&#8217;incarico a chi ha gi\u00e0 prestato servizio nell&#8217;anno scolastico precedente (salvo i casi di rinuncia).\u00a0 Naturalmente la durata dell&#8217;incarico coincide con la durata dell&#8217;anno scolastico e l&#8217;orario delle lezioni.<\/p>\n<p style=\"text-align: justify;\" class=\"ui-droppable\"> \tIl costo complessivo del progetto a carico del Comune \u00e8 di 135.000 euro.<\/p>\n","protected":false},"excerpt":{"rendered":"<p>Progetto finanziato dal Comune<\/p>\n","protected":false},"author":28,"featured_media":0,"comment_status":"closed","ping_status":"closed","sticky":false,"template":"","format":"standard","meta":{"dwc-title":[],"dwc-content":[],"footnotes":""},"categories":[5],"tags":[],"class_list":["post-14670","post","type-post","status-publish","format-standard","hentry","category-attualita"],"rttpg_featured_image_url":null,"rttpg_author":{"display_name":"redazione","author_link":"https:\/\/imagazine.it\/home_desk\/author\/redazione\/"},"rttpg_comment":0,"rttpg_category":"<a href=\"https:\/\/imagazine.it\/home_desk\/category\/attualita\/\" rel=\"category tag\">ATTUALIT\u00c0<\/a>","rttpg_excerpt":"Progetto finanziato dal Comune","_links":{"self":[{"href":"https:\/\/imagazine.it\/home_desk\/wp-json\/wp\/v2\/posts\/14670","targetHints":{"allow":["GET"]}}],"collection":[{"href":"https:\/\/imagazine.it\/home_desk\/wp-json\/wp\/v2\/posts"}],"about":[{"href":"https:\/\/imagazine.it\/home_desk\/wp-json\/wp\/v2\/types\/post"}],"author":[{"embeddable":true,"href":"https:\/\/imagazine.it\/home_desk\/wp-json\/wp\/v2\/users\/28"}],"replies":[{"embeddable":true,"href":"https:\/\/imagazine.it\/home_desk\/wp-json\/wp\/v2\/comments?post=14670"}],"version-history":[{"count":0,"href":"https:\/\/imagazine.it\/home_desk\/wp-json\/wp\/v2\/posts\/14670\/revisions"}],"wp:attachment":[{"href":"https:\/\/imagazine.it\/home_desk\/wp-json\/wp\/v2\/media?parent=14670"}],"wp:term":[{"taxonomy":"category","embeddable":true,"href":"https:\/\/imagazine.it\/home_desk\/wp-json\/wp\/v2\/categories?post=14670"},{"taxonomy":"post_tag","embeddable":true,"href":"https:\/\/imagazine.it\/home_desk\/wp-json\/wp\/v2\/tags?post=14670"}],"curies":[{"name":"wp","href":"https:\/\/api.w.org\/{rel}","templated":true}]}}