{"id":14660,"date":"2014-08-25T00:00:00","date_gmt":"2014-08-24T23:00:00","guid":{"rendered":"https:\/\/imagazine.it\/?p=14660"},"modified":"2014-08-25T00:00:00","modified_gmt":"2014-08-24T23:00:00","slug":"come-costruire-sviluppo-a-udine","status":"publish","type":"post","link":"https:\/\/imagazine.it\/home_desk\/come-costruire-sviluppo-a-udine\/","title":{"rendered":"Come costruire sviluppo a Udine"},"content":{"rendered":"<\/p>\n<p class=\"ui-droppable\" style=\"text-align: justify;\"> \tUn progetto che coinvolger\u00e0 la comunit\u00e0 friulana, le sue istituzioni, la sua economia, imprese e cittadini in un processo con cui si definir\u00e0 con metodo partecipativo quali azioni mettere in campo nei prossimi 10 anni, affinch\u00e9 Udine e il suo territorio possano diventare un luogo che costruisce sviluppo e migliora il proprio posizionamento, sia economico sia in termini di qualit\u00e0 della vita. Tutto questo, grazie alle idee, alle proposte e agli scenari che emergeranno da 18 Tavoli di lavoro, formati da ben 180 soggetti rappresentativi di una trentina di settori di interesse della comunit\u00e0 locale, sotto la guida di esperti dell\u2019Universit\u00e0 di Udine e con il coordinamento scientifico complessivo dell\u2019Ocse di Parigi (Organizzazione per la cooperazione e lo sviluppo economico).\u00a0<\/p>\n<p class=\"ui-droppable\" style=\"text-align: justify;\"> \t<strong>Friuli Future Forum<\/strong>\u00a0(FFF) l\u2019ha chiamato \u201c<strong>Agenda del Futuro \u2013 Udine 2024<\/strong>\u201d e sar\u00e0 questa\u00a0<strong>la prima delle tre declinazioni che FFF \u00e8 pronto ad avviare quest\u2019autunno<\/strong>. Sar\u00e0 un progetto articolato e vedr\u00e0 nuovamente impegnata una fitta rete, a livello locale e internazionale. Da un lato,\u00a0<strong>Regione Fvg e Comune di Udine<\/strong>\u00a0sono diventati\u00a0<strong>partner del progetto<\/strong>, promosso dalla\u00a0<strong>Camera di Commercio (Cciaa)<\/strong>, dalle\u00a0<strong>associazioni di categoria<\/strong>, dall\u2019<strong>Universit\u00e0<\/strong>\u00a0e da tantissime realt\u00e0 che operano nell\u2019economia locale. Dall\u2019altro, il partner internazionale, ossia l\u2019<strong>Ocse di Parigi<\/strong>,\u00a0curer\u00e0 l\u2019analisi e l\u2019elaborazione delle idee e delle proposte per la Udine del prossimo decennio nate dai Tavoli di lavoro.\u00a0<\/p>\n<\/p>\n<p class=\"ui-droppable\" style=\"text-align: justify;\"> \tIl progetto \u201c<strong>Agenda del futuro \u2013 Udine 2024<\/strong>\u201d \u00e8 stato presentato in <strong>stamani <\/strong>con l\u2019intervento del presidente\u00a0Cciaa<strong> Giovanni Da Pozzo<\/strong>, con la presidente della\u00a0Regione<strong> Debora Serracchiani<\/strong>, il magnifico rettore dell\u2019Ateneo udinese\u00a0<strong>Alberto Felice De Toni<\/strong>\u00a0e l\u2019assessore all\u2019innovazione del Comune di Udine\u00a0<strong>Gabriele Giacomini<\/strong>. Assieme a loro il project manager di\u00a0<strong>Friuli Future Forum, Renato Quaglia<\/strong>.\u00a0<\/p>\n<p class=\"ui-droppable\" style=\"text-align: justify;\"> \t\u00abPartiremo \u201cdal basso\u201d \u2013 ha dichiarato Da Pozzo \u2013 con un metodo partecipativo che coinvolger\u00e0 soggetti rappresentativi della nostra economia e della nostra comunit\u00e0 nell\u2019elaborazione di idee. Ma avendo al nostro fianco, come parte integrante del progetto, chi poi \u00e8 chiamato a decidere le politiche di sviluppo, permette al nostro percorso di essere completo e dunque di essere realizzato,\u00a0con il contributo di tutte le parti\u00bb.\u00a0<\/p>\n<p class=\"ui-droppable\" style=\"text-align: justify;\"> \tPer approfondimenti: <a href=\"http:\/\/www.friulifutureforum.com\" target=\"_blank\" rel=\"noopener\">www.friulifutureforum.com<\/a><\/p>\n","protected":false},"excerpt":{"rendered":"<p>Presentata &#8220;Agenda del Futuro&#8221;<\/p>\n","protected":false},"author":28,"featured_media":14661,"comment_status":"closed","ping_status":"closed","sticky":false,"template":"","format":"standard","meta":{"dwc-title":[],"dwc-content":[],"footnotes":""},"categories":[5],"tags":[],"class_list":["post-14660","post","type-post","status-publish","format-standard","has-post-thumbnail","hentry","category-attualita"],"rttpg_featured_image_url":{"full":["https:\/\/imagazine.it\/wp-content\/uploads\/2024\/01\/6889-1.webp",534,400,false],"landscape":["https:\/\/imagazine.it\/wp-content\/uploads\/2024\/01\/6889-1.webp",534,400,false],"portraits":["https:\/\/imagazine.it\/wp-content\/uploads\/2024\/01\/6889-1.webp",534,400,false],"thumbnail":["https:\/\/imagazine.it\/wp-content\/uploads\/2024\/01\/6889-1-150x150.webp",150,150,true],"medium":["https:\/\/imagazine.it\/wp-content\/uploads\/2024\/01\/6889-1-300x225.webp",300,225,true],"large":["https:\/\/imagazine.it\/wp-content\/uploads\/2024\/01\/6889-1.webp",534,400,false],"thumblist":["https:\/\/imagazine.it\/wp-content\/uploads\/2024\/01\/6889-1.webp",300,225,false],"thumbrelated":["https:\/\/imagazine.it\/wp-content\/uploads\/2024\/01\/6889-1.webp",500,375,false],"meccarouselthumb":["https:\/\/imagazine.it\/wp-content\/uploads\/2024\/01\/6889-1.webp",433,324,false],"gridsquare":["https:\/\/imagazine.it\/wp-content\/uploads\/2024\/01\/6889-1.webp",347,260,false],"tileview":["https:\/\/imagazine.it\/wp-content\/uploads\/2024\/01\/6889-1.webp",300,225,false],"1536x1536":["https:\/\/imagazine.it\/wp-content\/uploads\/2024\/01\/6889-1.webp",534,400,false],"2048x2048":["https:\/\/imagazine.it\/wp-content\/uploads\/2024\/01\/6889-1.webp",534,400,false],"newsup-slider-full":["https:\/\/imagazine.it\/wp-content\/uploads\/2024\/01\/6889-1.webp",534,400,false],"newsup-featured":["https:\/\/imagazine.it\/wp-content\/uploads\/2024\/01\/6889-1.webp",534,400,false],"newsup-medium":["https:\/\/imagazine.it\/wp-content\/uploads\/2024\/01\/6889-1-534x380.webp",534,380,true],"tptn_thumbnail":["https:\/\/imagazine.it\/wp-content\/uploads\/2024\/01\/6889-1.webp",250,187,false],"sow-carousel-default":["https:\/\/imagazine.it\/wp-content\/uploads\/2024\/01\/6889-1-272x182.webp",272,182,true]},"rttpg_author":{"display_name":"redazione","author_link":"https:\/\/imagazine.it\/home_desk\/author\/redazione\/"},"rttpg_comment":0,"rttpg_category":"<a href=\"https:\/\/imagazine.it\/home_desk\/category\/attualita\/\" rel=\"category tag\">ATTUALIT\u00c0<\/a>","rttpg_excerpt":"Presentata \"Agenda del Futuro\"","_links":{"self":[{"href":"https:\/\/imagazine.it\/home_desk\/wp-json\/wp\/v2\/posts\/14660","targetHints":{"allow":["GET"]}}],"collection":[{"href":"https:\/\/imagazine.it\/home_desk\/wp-json\/wp\/v2\/posts"}],"about":[{"href":"https:\/\/imagazine.it\/home_desk\/wp-json\/wp\/v2\/types\/post"}],"author":[{"embeddable":true,"href":"https:\/\/imagazine.it\/home_desk\/wp-json\/wp\/v2\/users\/28"}],"replies":[{"embeddable":true,"href":"https:\/\/imagazine.it\/home_desk\/wp-json\/wp\/v2\/comments?post=14660"}],"version-history":[{"count":0,"href":"https:\/\/imagazine.it\/home_desk\/wp-json\/wp\/v2\/posts\/14660\/revisions"}],"wp:featuredmedia":[{"embeddable":true,"href":"https:\/\/imagazine.it\/home_desk\/wp-json\/wp\/v2\/media\/14661"}],"wp:attachment":[{"href":"https:\/\/imagazine.it\/home_desk\/wp-json\/wp\/v2\/media?parent=14660"}],"wp:term":[{"taxonomy":"category","embeddable":true,"href":"https:\/\/imagazine.it\/home_desk\/wp-json\/wp\/v2\/categories?post=14660"},{"taxonomy":"post_tag","embeddable":true,"href":"https:\/\/imagazine.it\/home_desk\/wp-json\/wp\/v2\/tags?post=14660"}],"curies":[{"name":"wp","href":"https:\/\/api.w.org\/{rel}","templated":true}]}}