{"id":14653,"date":"2014-08-21T00:00:00","date_gmt":"2014-08-20T23:00:00","guid":{"rendered":"https:\/\/imagazine.it\/?p=14653"},"modified":"2014-08-21T00:00:00","modified_gmt":"2014-08-20T23:00:00","slug":"monfalcone-nido-comunali-con-partenza-alternata","status":"publish","type":"post","link":"https:\/\/imagazine.it\/home_desk\/monfalcone-nido-comunali-con-partenza-alternata\/","title":{"rendered":"Monfalcone, nido comunali con partenza alternata"},"content":{"rendered":"<p style=\"text-align: justify;\"> \t\u00c8 stato approvato il calendario per la frequenza agli asili nido comunali di Monfalcone, quest&#39;anno differenziato tra le due scuole di via Tagliamento e via Cosulich a causa dei lavori che interesseranno quest&#39;ultima struttura.\u00a0<\/p>\n<p style=\"text-align: justify;\"> \tDi conseguenza, il nido Albero Azzurro di via Tagliamento inizier\u00e0 l&#39;anno scolastico luned\u00ec 1 settembre, accogliendo i bambini iscritti a entrambi i nidi nell&#39;anno scolastico 2013\/2014, nonch\u00e9 i primi nove bambini ammessi al servizio medi-grandi part time all&#39;Albero Azzurro.\u00a0<\/p>\n<p style=\"text-align: justify;\"> \tI lavori alla Tana dei Cuccioli di via Cosulich invece, comprese le opere di pulizia e riordino dei locali, dureranno probabilmente fino a inizio novembre: di conseguenza il nido comincer\u00e0 l&#39;attivit\u00e0 il giorno 3 novembre. I bambini che gi\u00e0 frequentavano il nido nello scorso anno scolastico rientreranno dall&#39;Albero Azzurro, mentre i nuovi ammessi saranno accolti gradualmente secondo il solito piano degli inserimenti.\u00a0<\/p>\n<p style=\"text-align: justify;\"> \tEntrambi i nidi proseguiranno poi l&#39;attivit\u00e0 fino al 15 luglio 2015, osservando le consuete festivit\u00e0 e un solo &#39;&#39;ponte&#39;&#39;, quello del 1 giugno. Giornate di chiusura anticipata del servizio saranno il 5 dicembre (Fiera di S. Nicol\u00f2), 22 dicembre (inizio delle festivit\u00e0 natalizie), 17 febbraio (Carnevale), e nelle giornate delle gite.\u00a0<\/p>\n","protected":false},"excerpt":{"rendered":"<p>Fino a novembre inagibile la struttura di via Cosulich<\/p>\n","protected":false},"author":28,"featured_media":0,"comment_status":"closed","ping_status":"closed","sticky":false,"template":"","format":"standard","meta":{"dwc-title":[],"dwc-content":[],"footnotes":""},"categories":[5],"tags":[],"class_list":["post-14653","post","type-post","status-publish","format-standard","hentry","category-attualita"],"rttpg_featured_image_url":null,"rttpg_author":{"display_name":"redazione","author_link":"https:\/\/imagazine.it\/home_desk\/author\/redazione\/"},"rttpg_comment":0,"rttpg_category":"<a href=\"https:\/\/imagazine.it\/home_desk\/category\/attualita\/\" rel=\"category tag\">ATTUALIT\u00c0<\/a>","rttpg_excerpt":"Fino a novembre inagibile la struttura di via Cosulich","_links":{"self":[{"href":"https:\/\/imagazine.it\/home_desk\/wp-json\/wp\/v2\/posts\/14653","targetHints":{"allow":["GET"]}}],"collection":[{"href":"https:\/\/imagazine.it\/home_desk\/wp-json\/wp\/v2\/posts"}],"about":[{"href":"https:\/\/imagazine.it\/home_desk\/wp-json\/wp\/v2\/types\/post"}],"author":[{"embeddable":true,"href":"https:\/\/imagazine.it\/home_desk\/wp-json\/wp\/v2\/users\/28"}],"replies":[{"embeddable":true,"href":"https:\/\/imagazine.it\/home_desk\/wp-json\/wp\/v2\/comments?post=14653"}],"version-history":[{"count":0,"href":"https:\/\/imagazine.it\/home_desk\/wp-json\/wp\/v2\/posts\/14653\/revisions"}],"wp:attachment":[{"href":"https:\/\/imagazine.it\/home_desk\/wp-json\/wp\/v2\/media?parent=14653"}],"wp:term":[{"taxonomy":"category","embeddable":true,"href":"https:\/\/imagazine.it\/home_desk\/wp-json\/wp\/v2\/categories?post=14653"},{"taxonomy":"post_tag","embeddable":true,"href":"https:\/\/imagazine.it\/home_desk\/wp-json\/wp\/v2\/tags?post=14653"}],"curies":[{"name":"wp","href":"https:\/\/api.w.org\/{rel}","templated":true}]}}