{"id":14647,"date":"2014-08-20T00:00:00","date_gmt":"2014-08-19T23:00:00","guid":{"rendered":"https:\/\/imagazine.it\/?p=14647"},"modified":"2014-08-20T00:00:00","modified_gmt":"2014-08-19T23:00:00","slug":"trieste-larte-si-mobilita-contro-laids","status":"publish","type":"post","link":"https:\/\/imagazine.it\/home_desk\/trieste-larte-si-mobilita-contro-laids\/","title":{"rendered":"Trieste, l&#8217;arte si mobilita contro l&#8217;AIDS"},"content":{"rendered":"<p style=\"text-align: justify;\" class=\"ui-droppable\"> \tIl <strong>Dipartimento delle Dipendenze<\/strong> dell\u2019<strong>ASS1 Triestina<\/strong>, in collaborazione con il <strong>Comune di Trieste<\/strong> e con alcune <strong>cooperative sociali<\/strong> e <strong>associazioni <\/strong>presenti sul territorio cittadino e regionale, sta organizzando la quarta edizione di <strong>\u201cpi\u00f9 o meno positivi\u201d<\/strong>, mostra di arti visive, video e arti performative che sar\u00e0 ospitata dal 1 al 6 dicembre 2014 a Trieste nella <strong>Sala Umberto Veruda<\/strong> di <strong>Palazzo Costanzi <\/strong>(piazza Unit\u00e0), in occasione della Giornata Mondiale di Lotta all\u2019AIDS (1 dicembre). L\u2019esposizione \u00e8 dedicata agli <strong>artisti e creativi<\/strong>, <strong>dai 16 anni in su<\/strong>, che abbiano trattato il tema del bando. Il Dipartimento delle Dipendenze dell\u2019ASS1 Triestina collaborer\u00e0 strettamente all\u2019evento con la <strong>segreteria organizzativa<\/strong> dell\u2019open call, che curer\u00e0 la mostra e provveder\u00e0 alla selezione degli artisti e dei loro lavori, per diffondere informazioni corrette sulla malattia e sugli strumenti per prevenirla.<\/p>\n<p style=\"text-align: justify;\" class=\"ui-droppable\"> \t<strong>TEMA<\/strong><\/p>\n<p style=\"text-align: justify;\" class=\"ui-droppable\"> \tIl tema richiesto da bando \u00e8 l\u2019essere <strong>\u201cpi\u00f9 o meno positivi\u201d<\/strong> nelle situazioni quotidiane di tutti i giorni per vincere i problemi e le difficolt\u00e0: ottimisti o pessimisti? bianco o nero? bello o brutto? bene o male? Anche <strong>la malattia, <\/strong>qualsiasi essa sia<strong>, <\/strong>quando si presenta nella nostra vita, ci costringe sempre a riflessioni e cambiamenti radicali, scatenando reazioni opposte in noi e nell&#8217;altro: <strong>rifiuto o accettazione<\/strong>, <strong>avvicinamento o allontanamento<\/strong>? La malattia pu\u00f2 diventare paradossalmente anche una <strong>opportunit\u00e0 <\/strong>per conoscere meglio s\u00e9 e gli altri, per rivedere le proprie priorit\u00e0, per vivere pi\u00f9 intensamente<\/p>\n<p style=\"text-align: justify;\" class=\"ui-droppable\"> \t\u201cIl messaggio che si desidera trasmettere \u2013 spiegano gli organizzatori \u2013 \u00e8 che la malattia pu\u00f2 far parte della nostra vita e non possiamo negarla, n\u00e9 tantomeno lasciare solo chi ne soffre. L\u2019AIDS \u00e8 una malattia che si pu\u00f2 prevenire, adottando alcune semplici scelte e, in particolare, facendo il <strong>test HIV<\/strong>, che \u00e8<strong> gratuito e anonimo<\/strong>. L\u2019AIDS rappresenta le nostre contraddizioni e le nostre paure e per questo pu\u00f2 stimolarci al confronto attraverso i diversi linguaggi che abbiamo a disposizione\u201d.<\/p>\n<p style=\"text-align: justify;\" class=\"ui-droppable\"> \t<strong>CRITERI di SELEZIONE<\/strong><\/p>\n<p style=\"text-align: justify;\" class=\"ui-droppable\"> \tIl bando \u00e8 riservato a <strong>tutti gli artisti e creativi<\/strong>, <strong>indipendentemente dalla provenienza geografica<\/strong>, <strong>dai 16 anni in su<\/strong>, che abbiano trattato il tema in una o pi\u00f9 loro opere.<\/p>\n<p style=\"text-align: justify;\" class=\"ui-droppable\"> \tLa mostra sar\u00e0 poi suddivisa in tre aree tematiche: <strong>visual arts<\/strong> (pittura, scultura, fotografia, installazione), <strong>multimedia<\/strong> (cortometraggi, fiction, spot, documentari, videoarte) e <strong>performing arts<\/strong> (laboratori teatrali, reading, musica, visual-set, performance). Le iscrizioni si chiuderanno nella giornata di domenica 2 novembre. Per tutti i dettagli \u00e8 possibile contattare la segreteria organizzativa all\u2019indirizzo mail piuomenopositivi@gmail.com<\/p>\n","protected":false},"excerpt":{"rendered":"<p>Progetto &#8220;+ o &#8211; positivi&#8221;<\/p>\n","protected":false},"author":28,"featured_media":0,"comment_status":"closed","ping_status":"closed","sticky":false,"template":"","format":"standard","meta":{"dwc-title":[],"dwc-content":[],"footnotes":""},"categories":[5],"tags":[],"class_list":["post-14647","post","type-post","status-publish","format-standard","hentry","category-attualita"],"rttpg_featured_image_url":null,"rttpg_author":{"display_name":"redazione","author_link":"https:\/\/imagazine.it\/home_desk\/author\/redazione\/"},"rttpg_comment":0,"rttpg_category":"<a href=\"https:\/\/imagazine.it\/home_desk\/category\/attualita\/\" rel=\"category tag\">ATTUALIT\u00c0<\/a>","rttpg_excerpt":"Progetto \"+ o - positivi\"","_links":{"self":[{"href":"https:\/\/imagazine.it\/home_desk\/wp-json\/wp\/v2\/posts\/14647","targetHints":{"allow":["GET"]}}],"collection":[{"href":"https:\/\/imagazine.it\/home_desk\/wp-json\/wp\/v2\/posts"}],"about":[{"href":"https:\/\/imagazine.it\/home_desk\/wp-json\/wp\/v2\/types\/post"}],"author":[{"embeddable":true,"href":"https:\/\/imagazine.it\/home_desk\/wp-json\/wp\/v2\/users\/28"}],"replies":[{"embeddable":true,"href":"https:\/\/imagazine.it\/home_desk\/wp-json\/wp\/v2\/comments?post=14647"}],"version-history":[{"count":0,"href":"https:\/\/imagazine.it\/home_desk\/wp-json\/wp\/v2\/posts\/14647\/revisions"}],"wp:attachment":[{"href":"https:\/\/imagazine.it\/home_desk\/wp-json\/wp\/v2\/media?parent=14647"}],"wp:term":[{"taxonomy":"category","embeddable":true,"href":"https:\/\/imagazine.it\/home_desk\/wp-json\/wp\/v2\/categories?post=14647"},{"taxonomy":"post_tag","embeddable":true,"href":"https:\/\/imagazine.it\/home_desk\/wp-json\/wp\/v2\/tags?post=14647"}],"curies":[{"name":"wp","href":"https:\/\/api.w.org\/{rel}","templated":true}]}}