{"id":14534,"date":"2014-07-16T00:00:00","date_gmt":"2014-07-15T23:00:00","guid":{"rendered":"https:\/\/imagazine.it\/?p=14534"},"modified":"2014-07-16T00:00:00","modified_gmt":"2014-07-15T23:00:00","slug":"imprenditori-di-se-stessi-per-battere-la-crisi","status":"publish","type":"post","link":"https:\/\/imagazine.it\/home_desk\/imprenditori-di-se-stessi-per-battere-la-crisi\/","title":{"rendered":"Imprenditori di se stessi per battere la crisi"},"content":{"rendered":"<p style=\"text-align: justify;\" class=\"ui-droppable\"> \tDai dati evidenziati nel rapporto sul mercato del lavoro in Fvg dell&#8217;Osservatorio regionale emerge che la crescita della disoccupazione \u00e8 un fenomeno che riguarda tutte le province; nel 2013, l&#8217;occupazione regionale \u00e8 scesa sotto le 500 mila unit\u00e0 (506,5 nel 2012), con una forte perdita (-1,3%) che riporta ai livelli del 2004. La flessione riguarda sia la componente di genere maschile (da 286 a 283 mila) che quella femminile (da 220 a 216 mila). Tra le province investe Pordenone (-4.800) e Gorizia (-3.000). L&#8217;occupazione passa dal 63,6 al 63%; in 42 mila cercano lavoro. La disoccupazione aumenta da 6,8 a 7,7%. In aumento inoltre il numero degli inattivi, specie nelle province di Pordenone e Gorizia, proprio nelle due province colpite dalla contrazione occupazionale: al calo occupazionale non corrisponde un pari incremento delle persone in cerca di lavoro, generando in tal modo un incremento dell\u2019inattivit\u00e0, ossia di coloro che escono dal mercato del lavoro, rinunciando a parteciparvi (scoraggiamento, ecc.).<\/p>\n<p style=\"text-align: justify;\" class=\"ui-droppable\"> \tInoltre dai dati elaborati dal Centro Studi Unioncamere Fvg su dati InfoCamere, al 30 aprile 2014 le imprese attive in Friuli Venezia Giulia sono 93.581 (di queste 29.112 sono artigiane). Nel periodo gennaio-marzo 2014 le nuove\u00a0 iscrizioni sono 1.914 mentre le cancellazioni sono 3.153. Il saldo fra imprese iscritte e cessate nel 2013 \u00e8 negativo per -881 unit\u00e0 (6.180 iscrizioni e 7.061 cancellazioni). Per quanto concerne i macrosettori (var % 2014 su 2009): il settore commercio ha registrato un -3,56%, agricoltura e pesca -19,42%, costruzioni, manifattura, servizi alle imprese e alle persone.<\/p>\n<p style=\"text-align: justify;\" class=\"ui-droppable\"> \t\u00abTutti siamo a conoscenza della difficile situazione che sta vivendo la nostra regione &#8211; ha affermato l&#8217;assessore regionale al lavoro, formazione, istruzione, pari opportunit\u00e0, politiche giovanili e ricerca <strong>Loredana Panariti<\/strong> -. I dati confermano condizioni del mercato del lavoro deteriorate e le difficolt\u00e0 che ci sono rappresentate quotidianamente. I risultati della crisi che stiamo vivendo sono tutt\u2019altro che definiti, spetta a noi e a tutti gli altri attori coinvolti convergere su obiettivi comuni e realizzarli. Una concreta risposta per contrastare la difficolt\u00e0 di ingresso al mondo del lavoro da parte dei giovani (i cosiddetti Neet) e di reinserimento di soggetti altrimenti esclusi dal mercato del lavoro o in difficolt\u00e0 occupazionale \u00e8 promuovere azioni di politica attiva del lavoro volte a dare alle persone gli strumenti necessari per avviare una nuova iniziativa imprenditoriale. Il progetto regionale Imprender\u00f2 4.0 si muove in tale direzione, finanziando e offrendo alla popolazione servizi gratuiti per la promozione della cultura imprenditoriale, per la creazione d&#8217;impresa o lavoro autonomo e per il passaggio generazionale o trasmissione d&#8217;impresa. L&#8217;obiettivo \u00e8 quello, in sinergia con gli Enti partner, di accompagnare strategie volte all&#8217;aumento dell&#8217;occupazione, a migliorare la qualit\u00e0 e la produttivit\u00e0 del lavoro e a potenziare la rete sociale e territoriale\u00bb.<\/p>\n<p style=\"text-align: justify;\" class=\"ui-droppable\"> \tDurante la conferenza stampa il direttore del Consorzio Friuli Formazione <strong>Andrea Giacomelli<\/strong>, responsabile del progetto Imprender\u00f2 4.0, proiettando un video informativo, ha presentato le linee guida del progetto e ha presentato i primi seminari in programma.<\/p>\n<p style=\"text-align: justify;\" class=\"ui-droppable\"> \t\u00abIn una situazione di crisi occupazionale che ha investito l&#8217;intera regione \u2013 sottolinea Giacomelli &#8211; \u00e8 necessario mettere in campo strumenti volti a orientare e formare le persone, creare lavoro e favorire l\u2019occupazione, in special modo quella giovanile. Attraverso seminari di orientamento, corsi di formazione imprenditoriale e consulenze personalizzate, il progetto, in stretta sinergia con tutti gli altri servizi e strumenti, anche finanziari, che la Regione insieme alle Province mettono a disposizione, \u00e8 volto a supportare coloro che scelgono un percorso di autoimpiego nella definizione di un piano d&#8217;impresa e ad accompagnare coloro che si trovano nella fase di passaggio o trasmissione nel rafforzarne la dimensione produttiva, organizzativa e finanziaria. Tutto questo per consentire una crescita e uno sviluppo economico dell\u2019intero sistema imprenditoriale \u00bb.<\/p>\n<p style=\"text-align: justify;\" class=\"ui-droppable\"> \t<strong>Il progetto IMPRENDER\u00d2 4.0 <\/strong><\/p>\n<p style=\"text-align: justify;\" class=\"ui-droppable\"> \tImprender\u00f2 \u00e8 un progetto di diffusione della cultura imprenditoriale, intesa come valore da promuovere nella societ\u00e0 e vista come precondizione indispensabile per innescare percorsi virtuosi di sviluppo socioeconomico. Imprenditoria, dunque, come modello culturale, come risorsa per lo sviluppo, come pratica educativa e formativa.<\/p>\n<p style=\"text-align: justify;\" class=\"ui-droppable\"> \tIl progetto, giunto alla quarta edizione, \u00e8 promosso e finanziato dalla Regione Friuli Venezia Giulia nell\u2019ambito del Fondo Sociale Europeo \u2013 Un investimento per il tuo futuro &#8211; (Programma operativo 2007\/2013 \u2013 Asse 2 Occupabilit\u00e0 PPO 2013, Programma Specifico n.8) e dal Programma esterno parallelo del POR FSER 2007\/2013 (rientrante nel Piano di azione e coesione &#8211; PAC &#8211; Garanzia Giovani FVG).<\/p>\n<p style=\"text-align: justify;\" class=\"ui-droppable\"> \tObiettivo del progetto regionale \u00e8 quello di promuovere e sostenere i processi di ideazione, creazione d\u2019impresa e lavoro autonomo, di passaggio generazionale e trasmissione d\u2019impresa.<\/p>\n<p style=\"text-align: justify;\" class=\"ui-droppable\"> \tNello specifico,\u00a0 i servizi comprendono la realizzazione di <strong>75 seminari informativi<\/strong> e tematici della durata di 8 ore, <strong>48 corsi di formazione imprenditoriale<\/strong> di 40 o 80 ore per sviluppare le competenze manageriali e necessarie a realizzare il proprio progetto imprenditoriale e definirne il piano di impresa, 10.000 ore destinate alla consulenza individuale per l\u2019accompagnamento all\u2019avvio o al trasferimenti d\u2019impresa.<\/p>\n<p style=\"text-align: justify;\" class=\"ui-droppable\"> \tTutte le attivit\u00e0 promosse da Imprender\u00f2 4.0 sono gratuite.<\/p>\n","protected":false},"excerpt":{"rendered":"<p>Progetto &#8220;Imprender\u00f2 4.0&#8221;<\/p>\n","protected":false},"author":28,"featured_media":14535,"comment_status":"closed","ping_status":"closed","sticky":false,"template":"","format":"standard","meta":{"dwc-title":[],"dwc-content":[],"footnotes":""},"categories":[5],"tags":[],"class_list":["post-14534","post","type-post","status-publish","format-standard","has-post-thumbnail","hentry","category-attualita"],"rttpg_featured_image_url":{"full":["https:\/\/imagazine.it\/wp-content\/uploads\/2024\/01\/6453-1.webp",450,300,false],"landscape":["https:\/\/imagazine.it\/wp-content\/uploads\/2024\/01\/6453-1.webp",450,300,false],"portraits":["https:\/\/imagazine.it\/wp-content\/uploads\/2024\/01\/6453-1.webp",450,300,false],"thumbnail":["https:\/\/imagazine.it\/wp-content\/uploads\/2024\/01\/6453-1-150x150.webp",150,150,true],"medium":["https:\/\/imagazine.it\/wp-content\/uploads\/2024\/01\/6453-1-300x200.webp",300,200,true],"large":["https:\/\/imagazine.it\/wp-content\/uploads\/2024\/01\/6453-1.webp",450,300,false],"thumblist":["https:\/\/imagazine.it\/wp-content\/uploads\/2024\/01\/6453-1.webp",300,200,false],"thumbrelated":["https:\/\/imagazine.it\/wp-content\/uploads\/2024\/01\/6453-1.webp",450,300,false],"meccarouselthumb":["https:\/\/imagazine.it\/wp-content\/uploads\/2024\/01\/6453-1.webp",450,300,false],"gridsquare":["https:\/\/imagazine.it\/wp-content\/uploads\/2024\/01\/6453-1.webp",391,260,false],"tileview":["https:\/\/imagazine.it\/wp-content\/uploads\/2024\/01\/6453-1.webp",300,200,false],"1536x1536":["https:\/\/imagazine.it\/wp-content\/uploads\/2024\/01\/6453-1.webp",450,300,false],"2048x2048":["https:\/\/imagazine.it\/wp-content\/uploads\/2024\/01\/6453-1.webp",450,300,false],"newsup-slider-full":["https:\/\/imagazine.it\/wp-content\/uploads\/2024\/01\/6453-1.webp",450,300,false],"newsup-featured":["https:\/\/imagazine.it\/wp-content\/uploads\/2024\/01\/6453-1.webp",450,300,false],"newsup-medium":["https:\/\/imagazine.it\/wp-content\/uploads\/2024\/01\/6453-1.webp",450,300,false],"tptn_thumbnail":["https:\/\/imagazine.it\/wp-content\/uploads\/2024\/01\/6453-1.webp",250,167,false],"sow-carousel-default":["https:\/\/imagazine.it\/wp-content\/uploads\/2024\/01\/6453-1-272x182.webp",272,182,true]},"rttpg_author":{"display_name":"redazione","author_link":"https:\/\/imagazine.it\/home_desk\/author\/redazione\/"},"rttpg_comment":0,"rttpg_category":"<a href=\"https:\/\/imagazine.it\/home_desk\/category\/attualita\/\" rel=\"category tag\">ATTUALIT\u00c0<\/a>","rttpg_excerpt":"Progetto \"Imprender\u00f2 4.0\"","_links":{"self":[{"href":"https:\/\/imagazine.it\/home_desk\/wp-json\/wp\/v2\/posts\/14534","targetHints":{"allow":["GET"]}}],"collection":[{"href":"https:\/\/imagazine.it\/home_desk\/wp-json\/wp\/v2\/posts"}],"about":[{"href":"https:\/\/imagazine.it\/home_desk\/wp-json\/wp\/v2\/types\/post"}],"author":[{"embeddable":true,"href":"https:\/\/imagazine.it\/home_desk\/wp-json\/wp\/v2\/users\/28"}],"replies":[{"embeddable":true,"href":"https:\/\/imagazine.it\/home_desk\/wp-json\/wp\/v2\/comments?post=14534"}],"version-history":[{"count":0,"href":"https:\/\/imagazine.it\/home_desk\/wp-json\/wp\/v2\/posts\/14534\/revisions"}],"wp:featuredmedia":[{"embeddable":true,"href":"https:\/\/imagazine.it\/home_desk\/wp-json\/wp\/v2\/media\/14535"}],"wp:attachment":[{"href":"https:\/\/imagazine.it\/home_desk\/wp-json\/wp\/v2\/media?parent=14534"}],"wp:term":[{"taxonomy":"category","embeddable":true,"href":"https:\/\/imagazine.it\/home_desk\/wp-json\/wp\/v2\/categories?post=14534"},{"taxonomy":"post_tag","embeddable":true,"href":"https:\/\/imagazine.it\/home_desk\/wp-json\/wp\/v2\/tags?post=14534"}],"curies":[{"name":"wp","href":"https:\/\/api.w.org\/{rel}","templated":true}]}}