{"id":14510,"date":"2014-07-14T00:00:00","date_gmt":"2014-07-13T23:00:00","guid":{"rendered":"https:\/\/imagazine.it\/?p=14510"},"modified":"2014-07-14T00:00:00","modified_gmt":"2014-07-13T23:00:00","slug":"la-carnia-punta-tutto-su-cucina-e-prodotti-locali","status":"publish","type":"post","link":"https:\/\/imagazine.it\/home_desk\/la-carnia-punta-tutto-su-cucina-e-prodotti-locali\/","title":{"rendered":"La Carnia punta tutto su cucina e prodotti locali"},"content":{"rendered":"<p style=\"text-align: justify;\" class=\"ui-droppable\"> \tLa <strong>Carnia<\/strong>, e la sua <strong>filiera<\/strong>, come un grande parco agro-alimentare: un incrocio virtuoso fra produzione, distribuzione e ristorazione, a tutto vantaggio del turismo e della promozione del territorio. Carnia Food Design, il progetto finanziato da <strong>Euroleader<\/strong> e ideato dalla <strong>Cooperativa Cramars<\/strong> nell\u2019ambito del PSR \u2013 Programma di Sviluppo Rurale della Regione autonoma Friuli Venezia Giulia 2007 \u2013 2013, \u00e8 concepito come un volano di valorizzazione delle risorse agro-alimentari e delle tipicit\u00e0 della Carnia: un percorso a tappe che ruota intorno alla cucina carnica, alla sua fantasiosa stagionalit\u00e0 e alla sua genuina \u201cattualit\u00e0\u201d. Proprio per questo <strong>Carnia Food Design<\/strong>, realizzato su coordinamento e direzione scientifica a cura di <strong>Slow Food Friuli Venezia Giulia<\/strong>, non poteva prescindere dall\u2019omaggio a una figura chiave fra tradizione e innovazione del gusto: il grande chef <strong>Gianni Cosetti<\/strong>, \u2018profeta\u2019 della rivisitazione dei piatti storici della Carnia, che, nel corso della lunghissima carriera, ha riletto con rispettosa consapevolezza delle loro radici, ma al tempo stesso con la capacit\u00e0 di evolvere in chiave moderna le ricette e le pietanze consegnate al nostro tempo. Da queste premesse nasce il \u201c<strong>Premio Gianni Cosetti all\u2019Innovazione tradizionale gastronomica<\/strong>\u201d che, nell\u2019ambito di <strong>Carnia Food Design<\/strong>, verr\u00e0 assegnato nell\u2019autunno 2014 da una <strong>giuria<\/strong> di cui fanno parte la figlia di Gianni, <strong>Anna Cosetti<\/strong>, con <strong>Giorgio Dri<\/strong> (Vice Presidente Slow Food Fvg), <strong>Fabio Pogaccin<\/strong> (Segretario Slow Food Fvg), <strong>Anna Buongiorno Gianna<\/strong> (Segreteria Slow Food Fvg), <strong>Marino Corti<\/strong> (Fiduciario Condotta Slow Food \u201cGianni Cosetti\u201d), <strong>Germano Pontoni<\/strong> (Presidente Unione Cuochi Fvg) e <strong>Pietro Gortani<\/strong> (esperto di agroalimentare).<\/p>\n<p style=\"text-align: justify;\" class=\"ui-droppable\"> \tGenuina e naturale: si pu\u00f2 sintetizzare, cos\u00ec, in due parole, la cucina carnica, evoluta negli anni \u201980 per mano del grande chef carnico Gianni Cosetti. Nella consapevolezza del prezioso patrimonio che la cucina carnica rappresenta, il progetto <strong>Carnia Food Design<\/strong> <strong>2014<\/strong> si propone di mappare le tipicit\u00e0 e peculiarit\u00e0 agroalimentari del comprensorio, affinch\u00e9 il comparto produttivo\u00a0 possa fare rete in modo capillare e sistematico con la ristorazione: agroturismi, trattorie, ristoranti, hotel e le strutture ricettive in generale. In sostanza, obiettivo del progetto \u00e8 la definizione di una filiera a km 0 fra produttori di tipicit\u00e0 e ristoratori, che utilizzeranno e rielaboreranno quei prodotti per i loro clienti. Ricerca e innovazione saranno parole d\u2019ordine di ciascuna fase del progetto: per immaginare, a oltre dieci anni dalla morte di Gianni Cosetti, come egli stesso avrebbe potuto reinventare oggi la cucina carnica e i suoi piatti di riferimento.<\/p>\n<p style=\"text-align: justify;\" class=\"ui-droppable\"> \tCarnia Food Design prende avvio nei mesi di luglio e agosto \u00a0con il \u00a0\u201ccensimento\u201d delle tipicit\u00e0 dell\u2019area carnica: uno screening accurato per individuare le aziende e le loro produzioni tipiche, i livelli di sostenibilit\u00e0 economica e di impatto ambientale delle loro produzioni, i mercati di riferimento, la disponibilit\u00e0 ad essere fornitori diretti della ristorazione; contestualmente sar\u00e0 condotto il censimento sulle principali strutture ricettive della Carnia disponibili a creare accordi e sinergie con i produttori locali, e contestualmente a mettersi in gioco per introdurre elementi di innovazione nelle proposte dei loro men\u00f9. Nei mesi di settembre e ottobre 2014, Carnia Food Design si aprir\u00e0 alla formazione, attraverso laboratori tematici promossi per favorire la sperimentazione nella cucina tradizionale carnica.<\/p>\n<p style=\"text-align: justify;\" class=\"ui-droppable\"> \tGli stage saranno rivolti sia a chef professionisti che a personale di sala o a semplici casalinghe che desiderano imparare a narrare le pietanze (la storia, i luoghi di origine degli ingredienti, gli abbinamenti dei colori e dei sapori&#8230;), ma anche utilizzare le moderne tecnologie per la narrazione dei piatti (lezioni con food blogger, con fotografi, con storici locali, con esperti di tradizioni culturali locali &#8230;).\u00a0 I laboratori saranno articolati in \u201c<strong>text<\/strong>\u201d: per restituire la narrazione e fantasia dei grandi recensori\/scrittori, imparando a narrare i piatti della tradizione e schiuderli su web.2.0 attraverso applicazioni mobile, spazi di foodblogging, ecc; \u201c<strong>colore<\/strong>\u201d: per una vetrina sui colori del mondo della cucina, i siti di visual food, programmi di grafica dedicata \u2026; \u201c<strong>sapori e odori<\/strong>\u201d: per andare alla scoperta del laboratorio alchemico cosettiano di sapori e gusti, erbe, spezie e tipicit\u00e0 in prospettiva di un contatto diretto con le aziende agrituristiche, con attenzione rivolta alle nuove frontiere del bio, vegetarismo e veg, cibo termale, ortocoltura, ma anche con un occhio al rapporto fra tipicit\u00e0, prevenzione e salute; \u201c<strong>musica<\/strong>\u201d: per approfondire le interazioni fra il cibo carnico e la musica, dall\u2019antica Roma di Carnorum region, passando per i musicisti del folclore carnico, i cantori locali, il rap\/hip hop dei Carnicats, i principali food &#038; music festival del pianeta. Infine, nei mesi di ottobre e novembre 2014 spazio alla competizione fra le migliori idee innovative della cucina locale, applicando le tecniche apprese durante i laboratori.<\/p>\n<p style=\"text-align: justify;\" class=\"ui-droppable\"> \tCon il \u201cPremio Gianni Cosetti all\u2019Innovazione tradizionale gastronomica\u201d saranno valorizzati il miglior aperitivo, il miglior primo piatto, il miglior secondo piatto ed il miglior dolce realizzato sempre fra tradizione e innovazione: per armonizzare l\u2019eredit\u00e0 della cucina carnica con la rivoluzione del settore favorita in questi anni dal food design commerciale e dalla comunicazione gastronomica web 2.0. Un modo per rivendicare i temi portanti della cucina cosettiana osservandone il \u201cmetodo\u201d ma aggiornando i contenuti alla luce delle pi\u00f9 moderne tecniche di food design e dei media di ultima generazione. Sar\u00e0 una straordinaria chance di formazione e aggiornamento per gli operatori della Carnia, che avranno l\u2019occasione di apprendere un bagaglio fondamentale di tecniche e competenze legate al food design, tuttora poco conosciute e praticate. E potranno sintonizzarsi sull\u2019innovativo approccio ai prodotti di food: armonizzando forma, colore, texture e le caratteristiche tipiche del gusto e di sensorialit\u00e0.<\/p>\n<p style=\"text-align: justify;\" class=\"ui-droppable\"> \t\u00a0<\/p>\n<p style=\"text-align: justify;\" class=\"ui-droppable\"> \t<strong>GIANNI COSETTI<\/strong><\/p>\n<p style=\"text-align: justify;\" class=\"ui-droppable\"> \tDopo aver fatto l&#8217;apprendista nell&#8217;albergo \u201cVal Pesarina\u201d gestito dal padre Sardo fra le montagne di Pesariis, nel 1953 <strong>Gianni Cosetti<\/strong> frequenta la scuola alberghiera di Arta Terme. Prima di lasciare il Friuli per Roma, dove assieme alla sua famiglia gestir\u00e0 la mensa aziendale e il bar del Quirinale (1958-1964), aiuta per un paio di anni i genitori nella conduzione dell&#8217;Albergo Morgenleit di Sauris. Nel 1964 rientra in Carnia, dove rileva la trattoria Cooperativa di Tolmezzo che gestisce fino al 1968. L&#8217;anno seguente inizia l&#8217;avventura del \u201cmitico Roma\u201d di piazza XX Settembre. Gli anni Ottanta e Novanta sono quelli del successo: scrivono di lui i pi\u00f9 importanti nomi del giornalismo enogastronomico, il suo ristorante \u00e8 frequentato da vip e intellettuali, da tutto il mondo arrivano intenditori della buona tavola per gustare le sue creazioni originali ma fortemente legate ai valori del territorio. Per il grande Luigi Veronelli, i men\u00f9 del \u00abRoma sono immensi, inarrivabili, superiori\u00bb e Cosetti \u00e8 \u00abil cuoco pi\u00f9 moderno che l&#8217;Italia abbia mai avuto, perch\u00e9 ha intuito primo fra tutti il valore assoluto delle sue erbe, dei suoi funghi, dei prodotti delle sue malghe\u00bb. Nel 1991 il suo locale viene insignito della prestigiosa Stella Michelin entrando definitivamente nell&#8217;orbita dei ristoranti pi\u00f9 prestigiosi a livello internazionale. Nel 1995 esce la prima fatica letteraria di Gianni, \u201cVecchia e Nuova Cucina di Carnia\u201d: l&#8217;opera che riassume 45 anni di sperimentazione intrecciata alla tradizione, omaggio e testimonianza d&#8217;amore che il maestro schiude alla terra da cui tanto ha ricevuto, e a cui tanto ha saputo dare. Alla fine degli anni Novanta, quando il \u201cRoma\u201d chiude per ristrutturazione, Gianni prosegue nella sua \u2018missione\u2019 di chef per rilevanti appuntamenti, quali il \u201cRisit d&#8217;aur\u201d dei Nonino e si dedica all\u2019insegnamento della sua arte a giovani promesse dei fornelli. Nel Duemila si ammala e abbandona definitivamente la scena pubblica. Rimane comunque attivo dietro le quinte inventando un concorso per giovani cuochi e portando avanti con entusiasmo ambiziosi progetti per il futuro della sua terra. Agli inizi del 2001 le sue precarie condizioni di salute si aggravano e il 20 febbraio, all&#8217;ospedale di Tolmezzo, si spegne accanto alle tre figlie Gabriella, Anna e Silvia.<\/p>\n","protected":false},"excerpt":{"rendered":"<p>Presentato il premio &#8220;Gianni Cosetti&#8221;<\/p>\n","protected":false},"author":28,"featured_media":14511,"comment_status":"closed","ping_status":"closed","sticky":false,"template":"","format":"standard","meta":{"dwc-title":[],"dwc-content":[],"footnotes":""},"categories":[5],"tags":[],"class_list":["post-14510","post","type-post","status-publish","format-standard","has-post-thumbnail","hentry","category-attualita"],"rttpg_featured_image_url":{"full":["https:\/\/imagazine.it\/wp-content\/uploads\/2024\/01\/6367-1.webp",372,260,false],"landscape":["https:\/\/imagazine.it\/wp-content\/uploads\/2024\/01\/6367-1.webp",372,260,false],"portraits":["https:\/\/imagazine.it\/wp-content\/uploads\/2024\/01\/6367-1.webp",372,260,false],"thumbnail":["https:\/\/imagazine.it\/wp-content\/uploads\/2024\/01\/6367-1-150x150.webp",150,150,true],"medium":["https:\/\/imagazine.it\/wp-content\/uploads\/2024\/01\/6367-1-300x210.webp",300,210,true],"large":["https:\/\/imagazine.it\/wp-content\/uploads\/2024\/01\/6367-1.webp",372,260,false],"thumblist":["https:\/\/imagazine.it\/wp-content\/uploads\/2024\/01\/6367-1.webp",300,210,false],"thumbrelated":["https:\/\/imagazine.it\/wp-content\/uploads\/2024\/01\/6367-1.webp",372,260,false],"meccarouselthumb":["https:\/\/imagazine.it\/wp-content\/uploads\/2024\/01\/6367-1.webp",372,260,false],"gridsquare":["https:\/\/imagazine.it\/wp-content\/uploads\/2024\/01\/6367-1.webp",372,260,false],"tileview":["https:\/\/imagazine.it\/wp-content\/uploads\/2024\/01\/6367-1.webp",300,210,false],"1536x1536":["https:\/\/imagazine.it\/wp-content\/uploads\/2024\/01\/6367-1.webp",372,260,false],"2048x2048":["https:\/\/imagazine.it\/wp-content\/uploads\/2024\/01\/6367-1.webp",372,260,false],"newsup-slider-full":["https:\/\/imagazine.it\/wp-content\/uploads\/2024\/01\/6367-1.webp",372,260,false],"newsup-featured":["https:\/\/imagazine.it\/wp-content\/uploads\/2024\/01\/6367-1.webp",372,260,false],"newsup-medium":["https:\/\/imagazine.it\/wp-content\/uploads\/2024\/01\/6367-1.webp",372,260,false],"tptn_thumbnail":["https:\/\/imagazine.it\/wp-content\/uploads\/2024\/01\/6367-1.webp",250,175,false],"sow-carousel-default":["https:\/\/imagazine.it\/wp-content\/uploads\/2024\/01\/6367-1-272x182.webp",272,182,true]},"rttpg_author":{"display_name":"redazione","author_link":"https:\/\/imagazine.it\/home_desk\/author\/redazione\/"},"rttpg_comment":0,"rttpg_category":"<a href=\"https:\/\/imagazine.it\/home_desk\/category\/attualita\/\" rel=\"category tag\">ATTUALIT\u00c0<\/a>","rttpg_excerpt":"Presentato il premio \"Gianni Cosetti\"","_links":{"self":[{"href":"https:\/\/imagazine.it\/home_desk\/wp-json\/wp\/v2\/posts\/14510","targetHints":{"allow":["GET"]}}],"collection":[{"href":"https:\/\/imagazine.it\/home_desk\/wp-json\/wp\/v2\/posts"}],"about":[{"href":"https:\/\/imagazine.it\/home_desk\/wp-json\/wp\/v2\/types\/post"}],"author":[{"embeddable":true,"href":"https:\/\/imagazine.it\/home_desk\/wp-json\/wp\/v2\/users\/28"}],"replies":[{"embeddable":true,"href":"https:\/\/imagazine.it\/home_desk\/wp-json\/wp\/v2\/comments?post=14510"}],"version-history":[{"count":0,"href":"https:\/\/imagazine.it\/home_desk\/wp-json\/wp\/v2\/posts\/14510\/revisions"}],"wp:featuredmedia":[{"embeddable":true,"href":"https:\/\/imagazine.it\/home_desk\/wp-json\/wp\/v2\/media\/14511"}],"wp:attachment":[{"href":"https:\/\/imagazine.it\/home_desk\/wp-json\/wp\/v2\/media?parent=14510"}],"wp:term":[{"taxonomy":"category","embeddable":true,"href":"https:\/\/imagazine.it\/home_desk\/wp-json\/wp\/v2\/categories?post=14510"},{"taxonomy":"post_tag","embeddable":true,"href":"https:\/\/imagazine.it\/home_desk\/wp-json\/wp\/v2\/tags?post=14510"}],"curies":[{"name":"wp","href":"https:\/\/api.w.org\/{rel}","templated":true}]}}