{"id":14503,"date":"2014-07-11T00:00:00","date_gmt":"2014-07-10T23:00:00","guid":{"rendered":"https:\/\/imagazine.it\/?p=14503"},"modified":"2014-07-11T00:00:00","modified_gmt":"2014-07-10T23:00:00","slug":"premiate-le-4-startup-di-fvg-labor","status":"publish","type":"post","link":"https:\/\/imagazine.it\/home_desk\/premiate-le-4-startup-di-fvg-labor\/","title":{"rendered":"Premiate le 4 startup di &#8220;FVG Labor&#8221;"},"content":{"rendered":"<div class=\"image_box\">\n<div style=\"width: 200px;\">\n<p style=\"text-align: left; line-height: 14px; font-size: 11px;\" class=\"ui-droppable\"> \t\t\t\u00a0<\/p>\n<\/p><\/div>\n<\/p><\/div>\n<p class=\"ui-droppable\" style=\"text-align: justify;\"> \tGli strumenti messi in campo dalle province sui temi cardine di lavoro e occupazione si sono rivelati pi\u00f9 performanti rispetto a quelli dei privati e, in particolare, il lavoro dei Centri per l\u2019impiego presenti sul territorio risulta essere di fondamentale importanza per chi \u00e8 in cerca di un impiego.\u00a0<strong>Il 20% delle occupazioni passa attraverso i Centri provinciali per l\u2019impiego, contro solo il 4% dei soggetti privati di collocamento.<\/strong>\u00a0La restante parte \u00e8 frutto di contatti diretti tra datore di lavoro e occupato.<\/p>\n<p class=\"ui-droppable\" style=\"text-align: justify;\"> \t\u201cQuesto risultato \u00e8 frutto di politiche del lavoro plasmate direttamente sulle necessit\u00e0 dei cittadini e delle imprese, in virt\u00f9 di uno stretto rapporto con il territorio\u201d ha commentato\u00a0<strong>Alessandro Ciriani<\/strong>, Presidente della Provincia di Pordenone, durante un incontro svolto all\u2019UPI (Unione Province Italiane). E continua: \u201cNon possiamo nemmeno dimenticare il grande lavoro delle Province nel sociale, grazie al collocamento mirato dei disabili\u201d.<\/p>\n<p class=\"ui-droppable\" style=\"text-align: justify;\"> \tNella stessa occasione sono stati premiati i quattro vincitori di FVG Labor. Il progetto \u00e8 stato un\u2019opportunit\u00e0 per i giovani con idee imprenditoriali da sviluppare: hanno partecipato 263 ragazzi con 154 progetti creativi. I vincitori, uno per provincia, sono stati premiati con una somma di 12 mila euro che permetter\u00e0 loro di dare avvio immediato a una nuova azienda, una startup.<\/p>\n<div class=\"image_box\">\n<div style=\"width: 200px;\">\n<p style=\"text-align: left; line-height: 14px; font-size: 11px;\" class=\"ui-droppable\"> \t\t\t\u00a0<\/p>\n<\/p><\/div>\n<\/p><\/div>\n<p class=\"ui-droppable\" style=\"text-align: justify;\"> \t\u201cLa nostra volont\u00e0 \u00e8 quella aiutare finanziariamente anche gli altri progetti. Faremo il possibile, chiedendo alla Regione o direttamente con i nostri fondi, per dare una possibilit\u00e0 e un aiuto a questi ragazzi\u201d ha aggiunto\u00a0<strong>Enrico Gherghetta<\/strong>, Presidente della Provincia di Gorizia.<\/p>\n<p class=\"ui-droppable\" style=\"text-align: justify;\"> \t<strong>Anna Devecchi<\/strong>, <strong>Giovanna Culot<\/strong> e <strong>Manuela Iob<\/strong>, sono state premiate dal presidente Gherghetta per il progetto <em>\u2018LAM\u2019 &#8211; Look at me<\/em>, che propone la costruzione e la\u00a0 diffusione di nuovi giochi e servizi ludici come supporto per la prevenzione e lo sviluppo della persona con disabilit\u00e0.<\/p>\n<div class=\"image_box\">\n<div style=\"width: 200px;\">\n<p style=\"text-align: left; line-height: 14px; font-size: 11px;\" class=\"ui-droppable\"> \t\t\t\u00a0<\/p>\n<\/p><\/div>\n<\/p><\/div>\n<p class=\"ui-droppable\" style=\"text-align: justify;\"> \tPer la Provincia di Trieste, la Presidente, <strong>Maria Teresa Bassa Poropat<\/strong>, ha consegnato l\u2019attestato di primo classificato al progetto <em>\u2018Comunicazione integrata ed integrante\u2019<\/em>, presentato da <strong>Giordano Bianchi<\/strong> e <strong>Martina Marafatto<\/strong>, che si candida alla produzione di video innovativi nel settore sociale e del welfare.\u00a0<\/p>\n<div class=\"image_box\">\n<div style=\"width: 200px;\">\n<p style=\"text-align: left; line-height: 14px; font-size: 11px;\" class=\"ui-droppable\"> \t\t\t\u00a0<\/p>\n<\/p><\/div>\n<\/p><\/div>\n<p class=\"ui-droppable\" style=\"text-align: justify;\"> \tPer la Provincia di Pordenone, il presidente Ciriani ha premiato il progetto <em>\u20184Bit Animation Studio\u2019<\/em>, scritto a quattro mani da <strong>Lorenzo Giol<\/strong> e <strong>Alan Millo<\/strong> che, pure, si inserisce nel settore della realizzazione di cortometraggi, serie web, serie tv e lungometraggi in animazione 3D, video informativi, educativi, spot e mascotte animate.\u00a0<\/p>\n<p class=\"ui-droppable\" style=\"text-align: justify;\"> \tPer Udine, infine, <strong>Stefania Pinat<\/strong> e <strong>Marco\u00a0 Savorgnani<\/strong> hanno ricevuto il diploma di primo classificato dall\u2019Assessore alle politiche sociali della Provincia, <strong>Elisa Asia Battaglia<\/strong>, per il progetto <em>TRED<\/em>, che sviluppa l\u2019utilizzo della bioplastica, un biopolimero di origine biologica e biodegradabile, e della tecnologia della stampa 3D per la realizzazione di complementi d\u2019arredo.<\/p>\n<div class=\"image_box\">\n<div style=\"width: 200px;\">\n<p style=\"text-align: left; line-height: 14px; font-size: 11px;\" class=\"ui-droppable\"> \t\t\t\u00a0<\/p>\n<\/p><\/div>\n<\/p><\/div>\n<p class=\"ui-droppable\" style=\"text-align: justify;\"> \tI referenti dei progetti saranno seguiti dallo staff del progetto FVG Labor fino a fine settembre per un ulteriore periodo di accompagnamento per l\u2019incubazione e la costituzione della startup di impresa.<\/p>\n<p class=\"ui-droppable\" style=\"text-align: justify;\"> \t<em><strong>Visita la sezione immagini in alto a sinistra per vedere le foto delle premiazioni<\/strong><\/em><\/p>\n","protected":false},"excerpt":{"rendered":"<p>Una per provincia<\/p>\n","protected":false},"author":28,"featured_media":14504,"comment_status":"closed","ping_status":"closed","sticky":false,"template":"","format":"standard","meta":{"dwc-title":[],"dwc-content":[],"footnotes":""},"categories":[5],"tags":[],"class_list":["post-14503","post","type-post","status-publish","format-standard","has-post-thumbnail","hentry","category-attualita"],"rttpg_featured_image_url":{"full":["https:\/\/imagazine.it\/wp-content\/uploads\/2024\/01\/6350-1.webp",800,532,false],"landscape":["https:\/\/imagazine.it\/wp-content\/uploads\/2024\/01\/6350-1.webp",800,532,false],"portraits":["https:\/\/imagazine.it\/wp-content\/uploads\/2024\/01\/6350-1.webp",800,532,false],"thumbnail":["https:\/\/imagazine.it\/wp-content\/uploads\/2024\/01\/6350-1-150x150.webp",150,150,true],"medium":["https:\/\/imagazine.it\/wp-content\/uploads\/2024\/01\/6350-1-300x200.webp",300,200,true],"large":["https:\/\/imagazine.it\/wp-content\/uploads\/2024\/01\/6350-1.webp",640,426,false],"thumblist":["https:\/\/imagazine.it\/wp-content\/uploads\/2024\/01\/6350-1.webp",300,200,false],"thumbrelated":["https:\/\/imagazine.it\/wp-content\/uploads\/2024\/01\/6350-1.webp",500,333,false],"meccarouselthumb":["https:\/\/imagazine.it\/wp-content\/uploads\/2024\/01\/6350-1.webp",474,315,false],"gridsquare":["https:\/\/imagazine.it\/wp-content\/uploads\/2024\/01\/6350-1.webp",391,260,false],"tileview":["https:\/\/imagazine.it\/wp-content\/uploads\/2024\/01\/6350-1.webp",300,200,false],"1536x1536":["https:\/\/imagazine.it\/wp-content\/uploads\/2024\/01\/6350-1.webp",800,532,false],"2048x2048":["https:\/\/imagazine.it\/wp-content\/uploads\/2024\/01\/6350-1.webp",800,532,false],"newsup-slider-full":["https:\/\/imagazine.it\/wp-content\/uploads\/2024\/01\/6350-1.webp",800,532,false],"newsup-featured":["https:\/\/imagazine.it\/wp-content\/uploads\/2024\/01\/6350-1.webp",800,532,false],"newsup-medium":["https:\/\/imagazine.it\/wp-content\/uploads\/2024\/01\/6350-1-720x380.webp",720,380,true],"tptn_thumbnail":["https:\/\/imagazine.it\/wp-content\/uploads\/2024\/01\/6350-1.webp",250,166,false],"sow-carousel-default":["https:\/\/imagazine.it\/wp-content\/uploads\/2024\/01\/6350-1-272x182.webp",272,182,true]},"rttpg_author":{"display_name":"redazione","author_link":"https:\/\/imagazine.it\/home_desk\/author\/redazione\/"},"rttpg_comment":0,"rttpg_category":"<a href=\"https:\/\/imagazine.it\/home_desk\/category\/attualita\/\" rel=\"category tag\">ATTUALIT\u00c0<\/a>","rttpg_excerpt":"Una per provincia","_links":{"self":[{"href":"https:\/\/imagazine.it\/home_desk\/wp-json\/wp\/v2\/posts\/14503","targetHints":{"allow":["GET"]}}],"collection":[{"href":"https:\/\/imagazine.it\/home_desk\/wp-json\/wp\/v2\/posts"}],"about":[{"href":"https:\/\/imagazine.it\/home_desk\/wp-json\/wp\/v2\/types\/post"}],"author":[{"embeddable":true,"href":"https:\/\/imagazine.it\/home_desk\/wp-json\/wp\/v2\/users\/28"}],"replies":[{"embeddable":true,"href":"https:\/\/imagazine.it\/home_desk\/wp-json\/wp\/v2\/comments?post=14503"}],"version-history":[{"count":0,"href":"https:\/\/imagazine.it\/home_desk\/wp-json\/wp\/v2\/posts\/14503\/revisions"}],"wp:featuredmedia":[{"embeddable":true,"href":"https:\/\/imagazine.it\/home_desk\/wp-json\/wp\/v2\/media\/14504"}],"wp:attachment":[{"href":"https:\/\/imagazine.it\/home_desk\/wp-json\/wp\/v2\/media?parent=14503"}],"wp:term":[{"taxonomy":"category","embeddable":true,"href":"https:\/\/imagazine.it\/home_desk\/wp-json\/wp\/v2\/categories?post=14503"},{"taxonomy":"post_tag","embeddable":true,"href":"https:\/\/imagazine.it\/home_desk\/wp-json\/wp\/v2\/tags?post=14503"}],"curies":[{"name":"wp","href":"https:\/\/api.w.org\/{rel}","templated":true}]}}