{"id":14488,"date":"2014-07-10T00:00:00","date_gmt":"2014-07-09T23:00:00","guid":{"rendered":"https:\/\/imagazine.it\/?p=14488"},"modified":"2014-07-10T00:00:00","modified_gmt":"2014-07-09T23:00:00","slug":"gorizia-nuovo-sito-sulla-grande-guerra","status":"publish","type":"post","link":"https:\/\/imagazine.it\/home_desk\/gorizia-nuovo-sito-sulla-grande-guerra\/","title":{"rendered":"Gorizia, nuovo sito sulla Grande Guerra"},"content":{"rendered":"<p style=\"text-align: justify;\" class=\"ui-droppable\"> \t<em>Gorizia e la Grande Guerra<\/em> \u00e8 il nome del nuovo sito aperto dalla Biblioteca statale isontina; una grande vetrina in rete delle notizie, immagini, libri e giornali delle biblioteche goriziane che hanno sede nel palazzo di via Mameli.\u00a0<\/p>\n<p style=\"text-align: justify;\" class=\"ui-droppable\"> \tIl sito propone una selezione di notizie che narrano gli eventi bellici dall\u2019attentato di Sarajevo fino a tutto il durare dei combattimenti in citt\u00e0. Episodi tratti dai materiali presenti nell\u2019istituzione. Particolare attenzione \u00e8 dedicata alle battaglie e agli scontri sul fronte dell\u2019Isonzo e del Carso e agli articoli di cronaca della stampa. Materiali e testi spesso inediti, utili a ricreare l\u2019atmosfera dell\u2019epoca vista dalla popolazione civile.<\/p>\n<p style=\"text-align: justify;\" class=\"ui-droppable\"> \tMa il sito, che si arricchir\u00e0 via via, non sar\u00e0 solo un\u2019utile raccolta di testi, memorie e documenti interessanti per bibliotecari, studiosi e curiosi. Nelle sue pagine verranno offerti suggerimenti di lettura, bibliografie e descrizioni delle raccolte della Bsi sul tema, in modo da valorizzarne la conoscenza e la diffusione. L\u2019auspicio \u00e8 che il coinvolgimento nel progetto di altre istituzioni quali biblioteche, archivi, musei e associazioni \u00a0possa farne uno strumento di conoscenza e approfondimento sugli anni della Grande Guerra anche attraverso nuove informazioni, immagini e documenti fino ad oggi non disponibili.<\/p>\n<p style=\"text-align: justify;\" class=\"ui-droppable\"> \tVarie le sezioni di ricerca: dalla cronaca goriziana, con riprodotte le pagine sull\u2019attentato a Sarajevo, alla presentazione del direttore <strong>Marco Menato<\/strong> sulla Studienbibliothek: \u201cSe \u00e8 abbastanza conosciuta la storia della Biblioteca Statale (gi\u00e0 Governativa) dal 1918 in poi, da quando cio\u00e8 \u00e8 diventata italiana, non si pu\u00f2 dire lo stesso per i decenni precedenti, dal 1825 al 1914, quando era classificata come una delle sei \u201cStudienbibliothek\u201d della monarchia asburgica (le altre erano a Linz, Salisburgo, Klagenfurt, Lubiana e Olmutz, ora Olomouc nella Repubblica Ceca). Si trattava di una biblioteca di indole scientifica aperta in una citt\u00e0 che non aveva l&#8217;universit\u00e0, e quindi nemmeno una biblioteca di ricerca, ma che invece era sede di un istituto scolastico di livello liceale. Era quindi una biblioteca riservata ai docenti, ai discenti liceali e in genere alle persone colte: una biblioteca\u00a0 per lo studio e l&#8217;insegnamento, non una biblioteca per tutti\u201d.<\/p>\n<p style=\"text-align: justify;\" class=\"ui-droppable\"> \tIl sito della Bsi, arricchito nella homepage da un\u2019inedita fotografia a colori di <strong>Luigi Vitale<\/strong>, \u00e8 consultabile all\u2019indirizzo <a href=\"http:\/\/www.goriziagrandeguerra.beniculturali.it\/\" target=\"_blank\" rel=\"noopener\">http:\/\/www.goriziagrandeguerra.beniculturali.it\/<\/a>.<\/p>\n","protected":false},"excerpt":{"rendered":"<p>Promosso dalla Biblioteca statale isontina<\/p>\n","protected":false},"author":23,"featured_media":14489,"comment_status":"closed","ping_status":"closed","sticky":false,"template":"","format":"standard","meta":{"dwc-title":[],"dwc-content":[],"footnotes":""},"categories":[37],"tags":[],"class_list":["post-14488","post","type-post","status-publish","format-standard","has-post-thumbnail","hentry","category-cultura-e-spettacolo"],"rttpg_featured_image_url":{"full":["https:\/\/imagazine.it\/wp-content\/uploads\/2024\/01\/6327-1.webp",452,300,false],"landscape":["https:\/\/imagazine.it\/wp-content\/uploads\/2024\/01\/6327-1.webp",452,300,false],"portraits":["https:\/\/imagazine.it\/wp-content\/uploads\/2024\/01\/6327-1.webp",452,300,false],"thumbnail":["https:\/\/imagazine.it\/wp-content\/uploads\/2024\/01\/6327-1-150x150.webp",150,150,true],"medium":["https:\/\/imagazine.it\/wp-content\/uploads\/2024\/01\/6327-1-300x199.webp",300,199,true],"large":["https:\/\/imagazine.it\/wp-content\/uploads\/2024\/01\/6327-1.webp",452,300,false],"thumblist":["https:\/\/imagazine.it\/wp-content\/uploads\/2024\/01\/6327-1.webp",300,199,false],"thumbrelated":["https:\/\/imagazine.it\/wp-content\/uploads\/2024\/01\/6327-1.webp",452,300,false],"meccarouselthumb":["https:\/\/imagazine.it\/wp-content\/uploads\/2024\/01\/6327-1.webp",452,300,false],"gridsquare":["https:\/\/imagazine.it\/wp-content\/uploads\/2024\/01\/6327-1.webp",391,260,false],"tileview":["https:\/\/imagazine.it\/wp-content\/uploads\/2024\/01\/6327-1.webp",300,199,false],"1536x1536":["https:\/\/imagazine.it\/wp-content\/uploads\/2024\/01\/6327-1.webp",452,300,false],"2048x2048":["https:\/\/imagazine.it\/wp-content\/uploads\/2024\/01\/6327-1.webp",452,300,false],"newsup-slider-full":["https:\/\/imagazine.it\/wp-content\/uploads\/2024\/01\/6327-1.webp",452,300,false],"newsup-featured":["https:\/\/imagazine.it\/wp-content\/uploads\/2024\/01\/6327-1.webp",452,300,false],"newsup-medium":["https:\/\/imagazine.it\/wp-content\/uploads\/2024\/01\/6327-1.webp",452,300,false],"tptn_thumbnail":["https:\/\/imagazine.it\/wp-content\/uploads\/2024\/01\/6327-1.webp",250,166,false],"sow-carousel-default":["https:\/\/imagazine.it\/wp-content\/uploads\/2024\/01\/6327-1-272x182.webp",272,182,true]},"rttpg_author":{"display_name":"Margherita Reguitti","author_link":"https:\/\/imagazine.it\/home_desk\/author\/reguitti\/"},"rttpg_comment":0,"rttpg_category":"<a href=\"https:\/\/imagazine.it\/home_desk\/category\/cultura-e-spettacolo\/\" rel=\"category tag\">CULTURA&amp;SPETTACOLO<\/a>","rttpg_excerpt":"Promosso dalla Biblioteca statale isontina","_links":{"self":[{"href":"https:\/\/imagazine.it\/home_desk\/wp-json\/wp\/v2\/posts\/14488","targetHints":{"allow":["GET"]}}],"collection":[{"href":"https:\/\/imagazine.it\/home_desk\/wp-json\/wp\/v2\/posts"}],"about":[{"href":"https:\/\/imagazine.it\/home_desk\/wp-json\/wp\/v2\/types\/post"}],"author":[{"embeddable":true,"href":"https:\/\/imagazine.it\/home_desk\/wp-json\/wp\/v2\/users\/23"}],"replies":[{"embeddable":true,"href":"https:\/\/imagazine.it\/home_desk\/wp-json\/wp\/v2\/comments?post=14488"}],"version-history":[{"count":0,"href":"https:\/\/imagazine.it\/home_desk\/wp-json\/wp\/v2\/posts\/14488\/revisions"}],"wp:featuredmedia":[{"embeddable":true,"href":"https:\/\/imagazine.it\/home_desk\/wp-json\/wp\/v2\/media\/14489"}],"wp:attachment":[{"href":"https:\/\/imagazine.it\/home_desk\/wp-json\/wp\/v2\/media?parent=14488"}],"wp:term":[{"taxonomy":"category","embeddable":true,"href":"https:\/\/imagazine.it\/home_desk\/wp-json\/wp\/v2\/categories?post=14488"},{"taxonomy":"post_tag","embeddable":true,"href":"https:\/\/imagazine.it\/home_desk\/wp-json\/wp\/v2\/tags?post=14488"}],"curies":[{"name":"wp","href":"https:\/\/api.w.org\/{rel}","templated":true}]}}