{"id":14467,"date":"2014-07-07T00:00:00","date_gmt":"2014-07-06T23:00:00","guid":{"rendered":"https:\/\/imagazine.it\/?p=14467"},"modified":"2014-07-07T00:00:00","modified_gmt":"2014-07-06T23:00:00","slug":"fiorella-mannoia-villa-manin-verso-il-tutto-esaurito","status":"publish","type":"post","link":"https:\/\/imagazine.it\/home_desk\/fiorella-mannoia-villa-manin-verso-il-tutto-esaurito\/","title":{"rendered":"Fiorella Mannoia, Villa Manin verso il tutto esaurito"},"content":{"rendered":"<p class=\"ui-droppable\" style=\"text-align: justify;\"> \tDopo l&#39;entusiasmante avvio del tour estivo &#8220;Live 2014&#8221;, con un sold-out a Gardone Riviera,\u00a0<strong>Fiorella Mannoia <\/strong>\u00e8 attesa a Villa Manin di Passariano di Codroipo venerd\u00ec 11 luglio alle 21.30.<br \/> \tL&#39;associazione culturale Eurtimica, organizzatrice dell&#39;evento, realizzato con la collaborazione dell&#39;Azienda Speciale Villa Manin e inserito nel cartellone della stagione musicale della villa dogale, fa sapere che anche la data friulana si preannuncia da tutto esaurito.\u00a0Moltissime, infatti, le richieste che giungono ogni giorno negli uffici udinesi dell&#39;associazione.<\/p>\n<p class=\"ui-droppable\" style=\"text-align: justify;\"> \tDi pochi giorni fa, l&#39;annuncio della cantante romana ai suoi fan, attraverso un post su Facebook, breve ma molto esplicito:\u00a0&#8220;Con Laura oggi in studio, progetti futuri&#8221;, con due scatti che ritraggono Fiorella e Laura Pausini davanti ad un mixer.<\/p>\n<p class=\"ui-droppable\" style=\"text-align: justify;\"> \tLe due cantanti si esibirono assieme nel 2009, allo stadio di San Siro, in occasione del mega-concerto a scopo benefico &#8220;Amiche per l&#39;Abruzzo&#8221;, e nel maggio scorso, in occasione della trasmissione-cult di Rai 1 &#8220;Stasera Laura: ho creduto in un sogno&#8221;, che celebrava i vent&#39;anni di carriera della Pausini, dal teatro Antico di Taormina, dove interpretarono &#8220;Io canto&#8221; di Riccardo Cocciante.<\/p>\n<\/p>\n<p class=\"ui-droppable\" style=\"text-align: justify;\"> \tLa performance di Fiorella Mannoia \u00e8 molto attesa dai fan: una digressione in musica che ripercorrer\u00e0 quarant&#39;anni di carriera.<\/p>\n<p class=\"ui-droppable\" style=\"text-align: justify;\"> \tLa\u00a0<em>grande dame\u00a0<\/em>della canzone italiana sar\u00e0 accompagnata dalla sua band composta da\u00a0<strong>Carlo Di Francesco (percussioni e direzione musicale), Diego Corradin (batteria),\u00a0Luca Visigalli (basso), Davide Aru (chitarre) e Fabio Valdemarin (pianoforte).<\/strong><\/p>\n<p class=\"ui-droppable\" style=\"text-align: justify;\"> \tLo scenario di Villa Manin far\u00e0 cos\u00ec da sfondo alle canzoni pi\u00f9 amate della Mannoia: &#8220;Quello che le donne non dicono&#8221;, &#8220;Sally&#8221;, &#8220;Il cielo d&#39;Irlanda&#8221;, &#8220;Come si cambia&#8221;\u00a0e tante altre. Un&#39;artista in continuo movimento, sempre aperta alle collaborazioni, come le pi\u00f9 recenti con due giovani talenti provenienti dal format televisivo &#8220;Amici&#8221;, il rapper Moreno, con il quale Fiorella ha duettato nella hit &#8220;Sempre sarai&#8221; e con Alessandra Amoroso, ne &#8220;La sera dei miracoli&#8221; inserita nel recente album-tributo a Lucio Dalla\u00a0\u00a0&#8220;A te&#8221;, che la cantante capitolina ha dedicato proprio a Dalla.<\/p>\n","protected":false},"excerpt":{"rendered":"<p>Venerd\u00ec sera il concerto<\/p>\n","protected":false},"author":28,"featured_media":14468,"comment_status":"closed","ping_status":"closed","sticky":false,"template":"","format":"standard","meta":{"dwc-title":[],"dwc-content":[],"footnotes":""},"categories":[37],"tags":[],"class_list":["post-14467","post","type-post","status-publish","format-standard","has-post-thumbnail","hentry","category-cultura-e-spettacolo"],"rttpg_featured_image_url":{"full":["https:\/\/imagazine.it\/wp-content\/uploads\/2024\/01\/6290-1.webp",390,260,false],"landscape":["https:\/\/imagazine.it\/wp-content\/uploads\/2024\/01\/6290-1.webp",390,260,false],"portraits":["https:\/\/imagazine.it\/wp-content\/uploads\/2024\/01\/6290-1.webp",390,260,false],"thumbnail":["https:\/\/imagazine.it\/wp-content\/uploads\/2024\/01\/6290-1-150x150.webp",150,150,true],"medium":["https:\/\/imagazine.it\/wp-content\/uploads\/2024\/01\/6290-1-300x200.webp",300,200,true],"large":["https:\/\/imagazine.it\/wp-content\/uploads\/2024\/01\/6290-1.webp",390,260,false],"thumblist":["https:\/\/imagazine.it\/wp-content\/uploads\/2024\/01\/6290-1.webp",300,200,false],"thumbrelated":["https:\/\/imagazine.it\/wp-content\/uploads\/2024\/01\/6290-1.webp",390,260,false],"meccarouselthumb":["https:\/\/imagazine.it\/wp-content\/uploads\/2024\/01\/6290-1.webp",390,260,false],"gridsquare":["https:\/\/imagazine.it\/wp-content\/uploads\/2024\/01\/6290-1.webp",390,260,false],"tileview":["https:\/\/imagazine.it\/wp-content\/uploads\/2024\/01\/6290-1.webp",300,200,false],"1536x1536":["https:\/\/imagazine.it\/wp-content\/uploads\/2024\/01\/6290-1.webp",390,260,false],"2048x2048":["https:\/\/imagazine.it\/wp-content\/uploads\/2024\/01\/6290-1.webp",390,260,false],"newsup-slider-full":["https:\/\/imagazine.it\/wp-content\/uploads\/2024\/01\/6290-1.webp",390,260,false],"newsup-featured":["https:\/\/imagazine.it\/wp-content\/uploads\/2024\/01\/6290-1.webp",390,260,false],"newsup-medium":["https:\/\/imagazine.it\/wp-content\/uploads\/2024\/01\/6290-1.webp",390,260,false],"tptn_thumbnail":["https:\/\/imagazine.it\/wp-content\/uploads\/2024\/01\/6290-1.webp",250,167,false],"sow-carousel-default":["https:\/\/imagazine.it\/wp-content\/uploads\/2024\/01\/6290-1-272x182.webp",272,182,true]},"rttpg_author":{"display_name":"redazione","author_link":"https:\/\/imagazine.it\/home_desk\/author\/redazione\/"},"rttpg_comment":0,"rttpg_category":"<a href=\"https:\/\/imagazine.it\/home_desk\/category\/cultura-e-spettacolo\/\" rel=\"category tag\">CULTURA&amp;SPETTACOLO<\/a>","rttpg_excerpt":"Venerd\u00ec sera il concerto","_links":{"self":[{"href":"https:\/\/imagazine.it\/home_desk\/wp-json\/wp\/v2\/posts\/14467","targetHints":{"allow":["GET"]}}],"collection":[{"href":"https:\/\/imagazine.it\/home_desk\/wp-json\/wp\/v2\/posts"}],"about":[{"href":"https:\/\/imagazine.it\/home_desk\/wp-json\/wp\/v2\/types\/post"}],"author":[{"embeddable":true,"href":"https:\/\/imagazine.it\/home_desk\/wp-json\/wp\/v2\/users\/28"}],"replies":[{"embeddable":true,"href":"https:\/\/imagazine.it\/home_desk\/wp-json\/wp\/v2\/comments?post=14467"}],"version-history":[{"count":0,"href":"https:\/\/imagazine.it\/home_desk\/wp-json\/wp\/v2\/posts\/14467\/revisions"}],"wp:featuredmedia":[{"embeddable":true,"href":"https:\/\/imagazine.it\/home_desk\/wp-json\/wp\/v2\/media\/14468"}],"wp:attachment":[{"href":"https:\/\/imagazine.it\/home_desk\/wp-json\/wp\/v2\/media?parent=14467"}],"wp:term":[{"taxonomy":"category","embeddable":true,"href":"https:\/\/imagazine.it\/home_desk\/wp-json\/wp\/v2\/categories?post=14467"},{"taxonomy":"post_tag","embeddable":true,"href":"https:\/\/imagazine.it\/home_desk\/wp-json\/wp\/v2\/tags?post=14467"}],"curies":[{"name":"wp","href":"https:\/\/api.w.org\/{rel}","templated":true}]}}