{"id":14463,"date":"2014-07-07T00:00:00","date_gmt":"2014-07-06T23:00:00","guid":{"rendered":"https:\/\/imagazine.it\/?p=14463"},"modified":"2014-07-07T00:00:00","modified_gmt":"2014-07-06T23:00:00","slug":"umberto-eco-lezione-magistrale-a-pordenone","status":"publish","type":"post","link":"https:\/\/imagazine.it\/home_desk\/umberto-eco-lezione-magistrale-a-pordenone\/","title":{"rendered":"Umberto Eco, lezione magistrale a Pordenone"},"content":{"rendered":"<p style=\"text-align: justify;\" class=\"ui-droppable\"> \t<strong>Umberto Eco,<\/strong> scrittore e semiologo capace di tenere per decenni il centro della scena intellettuale italiana e internazionale, \u00e8 il vincitore del <strong><em>Premio FriulAdria &#8220;La storia in un romanzo\u201d<\/em><\/strong> edizione 2014, giunto alla 7^ edizione, promosso dalla <strong>Fondazione pordenonelegge<\/strong> di Pordenone con il festival <strong>\u00e8Storia<\/strong> di Gorizia, su impulso di <strong>Banca Popolare FriulAdria-Cr\u00e9dit Agricole,<\/strong> che sostiene da tempo entrambe le manifestazioni. Dopo <strong>Arturo Per\u00e9z-Reverte<\/strong>, <strong>Abraham Yehoshua<\/strong>, <strong>Art Spiegelman, Alessandro Baricco, Ian McEwan <\/strong>e<strong> Martin Amis, <\/strong>quest\u2019anno il Premio <strong><em>La storia in un romanzo<\/em><\/strong> viene assegnato a uno scrittore di\u00a0 autorevolissima influenza e di statura internazionale quale teorico della semiotica e filosofo.<\/p>\n<p style=\"text-align: justify;\" class=\"ui-droppable\"> \t\u00abIn una vasta opera narrativa costellata da clamorosi successi \u2013 recitano le motivazioni del Premio \u2013 Eco ha affrontato temi storici e filosofici, impiegando la sua erudizione enciclopedica per raccontare, attraverso un uso magistrale dell\u2019indagine storiografica e del romanzo di genere, alcuni meccanismi della cultura e dell\u2019informazione contemporanea. I suoi romanzi ci hanno infatti permesso di leggere in controluce gli intorbidamenti delle notizie, i falsi miti, l\u2019inaffidabilit\u00e0 delle fonti, che ieri e oggi modificano la rappresentazione della realt\u00e0, ricercando come antidoto e medicina un acuminato illuminismo che non si spaventa di sprofondare nei pi\u00f9 oscuri recessi storici\u00bb.<\/p>\n<p style=\"text-align: justify;\" class=\"ui-droppable\"> \tUmberto Eco ricever\u00e0 il premio a pordenonelegge sabato 20 settembre (ore 18, Teatro Verdi) e subito dopo sar\u00e0 protagonista di una lezione magistrale sui legami tra il romanzo e la storia.<\/p>\n","protected":false},"excerpt":{"rendered":"<p>Sabato 20 settembre<\/p>\n","protected":false},"author":28,"featured_media":14464,"comment_status":"closed","ping_status":"closed","sticky":false,"template":"","format":"standard","meta":{"dwc-title":[],"dwc-content":[],"footnotes":""},"categories":[37],"tags":[],"class_list":["post-14463","post","type-post","status-publish","format-standard","has-post-thumbnail","hentry","category-cultura-e-spettacolo"],"rttpg_featured_image_url":{"full":["https:\/\/imagazine.it\/wp-content\/uploads\/2024\/01\/6287-1.webp",460,276,false],"landscape":["https:\/\/imagazine.it\/wp-content\/uploads\/2024\/01\/6287-1.webp",460,276,false],"portraits":["https:\/\/imagazine.it\/wp-content\/uploads\/2024\/01\/6287-1.webp",460,276,false],"thumbnail":["https:\/\/imagazine.it\/wp-content\/uploads\/2024\/01\/6287-1-150x150.webp",150,150,true],"medium":["https:\/\/imagazine.it\/wp-content\/uploads\/2024\/01\/6287-1-300x180.webp",300,180,true],"large":["https:\/\/imagazine.it\/wp-content\/uploads\/2024\/01\/6287-1.webp",460,276,false],"thumblist":["https:\/\/imagazine.it\/wp-content\/uploads\/2024\/01\/6287-1.webp",300,180,false],"thumbrelated":["https:\/\/imagazine.it\/wp-content\/uploads\/2024\/01\/6287-1.webp",460,276,false],"meccarouselthumb":["https:\/\/imagazine.it\/wp-content\/uploads\/2024\/01\/6287-1.webp",460,276,false],"gridsquare":["https:\/\/imagazine.it\/wp-content\/uploads\/2024\/01\/6287-1.webp",391,235,false],"tileview":["https:\/\/imagazine.it\/wp-content\/uploads\/2024\/01\/6287-1.webp",300,180,false],"1536x1536":["https:\/\/imagazine.it\/wp-content\/uploads\/2024\/01\/6287-1.webp",460,276,false],"2048x2048":["https:\/\/imagazine.it\/wp-content\/uploads\/2024\/01\/6287-1.webp",460,276,false],"newsup-slider-full":["https:\/\/imagazine.it\/wp-content\/uploads\/2024\/01\/6287-1.webp",460,276,false],"newsup-featured":["https:\/\/imagazine.it\/wp-content\/uploads\/2024\/01\/6287-1.webp",460,276,false],"newsup-medium":["https:\/\/imagazine.it\/wp-content\/uploads\/2024\/01\/6287-1.webp",460,276,false],"tptn_thumbnail":["https:\/\/imagazine.it\/wp-content\/uploads\/2024\/01\/6287-1.webp",250,150,false],"sow-carousel-default":["https:\/\/imagazine.it\/wp-content\/uploads\/2024\/01\/6287-1-272x182.webp",272,182,true]},"rttpg_author":{"display_name":"redazione","author_link":"https:\/\/imagazine.it\/home_desk\/author\/redazione\/"},"rttpg_comment":0,"rttpg_category":"<a href=\"https:\/\/imagazine.it\/home_desk\/category\/cultura-e-spettacolo\/\" rel=\"category tag\">CULTURA&amp;SPETTACOLO<\/a>","rttpg_excerpt":"Sabato 20 settembre","_links":{"self":[{"href":"https:\/\/imagazine.it\/home_desk\/wp-json\/wp\/v2\/posts\/14463","targetHints":{"allow":["GET"]}}],"collection":[{"href":"https:\/\/imagazine.it\/home_desk\/wp-json\/wp\/v2\/posts"}],"about":[{"href":"https:\/\/imagazine.it\/home_desk\/wp-json\/wp\/v2\/types\/post"}],"author":[{"embeddable":true,"href":"https:\/\/imagazine.it\/home_desk\/wp-json\/wp\/v2\/users\/28"}],"replies":[{"embeddable":true,"href":"https:\/\/imagazine.it\/home_desk\/wp-json\/wp\/v2\/comments?post=14463"}],"version-history":[{"count":0,"href":"https:\/\/imagazine.it\/home_desk\/wp-json\/wp\/v2\/posts\/14463\/revisions"}],"wp:featuredmedia":[{"embeddable":true,"href":"https:\/\/imagazine.it\/home_desk\/wp-json\/wp\/v2\/media\/14464"}],"wp:attachment":[{"href":"https:\/\/imagazine.it\/home_desk\/wp-json\/wp\/v2\/media?parent=14463"}],"wp:term":[{"taxonomy":"category","embeddable":true,"href":"https:\/\/imagazine.it\/home_desk\/wp-json\/wp\/v2\/categories?post=14463"},{"taxonomy":"post_tag","embeddable":true,"href":"https:\/\/imagazine.it\/home_desk\/wp-json\/wp\/v2\/tags?post=14463"}],"curies":[{"name":"wp","href":"https:\/\/api.w.org\/{rel}","templated":true}]}}