{"id":14429,"date":"2014-06-30T00:00:00","date_gmt":"2014-06-29T23:00:00","guid":{"rendered":"https:\/\/imagazine.it\/?p=14429"},"modified":"2014-06-30T00:00:00","modified_gmt":"2014-06-29T23:00:00","slug":"gli-80-anni-del-marchese-doimo-frangipane","status":"publish","type":"post","link":"https:\/\/imagazine.it\/home_desk\/gli-80-anni-del-marchese-doimo-frangipane\/","title":{"rendered":"Gli 80 anni del marchese Doimo Frangipane"},"content":{"rendered":"<p style=\"text-align: justify;\" class=\"ui-droppable\"> \tJoannis in festa: il marchese Doimo Frangipane spegne le sue prime 80 candeline. Nato il 30 giugno 1934 a Santa Maria la Longa dal conte Doimo Frangipane (1892-1936), signore di Castello e di Tarcento, e dalla contessa del S.R.I. Natalia di Strassoldo e Soffumbergo (1893-1974), si trasferisce nel 1940 a Joannis nella casa materna, ove tuttora risiede. Nel 1947, adottato dalla zia materna contessa del S.R.I. Marianna di Strassoldo Soffumbergo, al proprio cognome Frangipane di Castello e Tarcento aggiunge quello di Strassoldo e Soffumbergo.<\/p>\n<p style=\"text-align: justify;\" class=\"ui-droppable\"> \tLaureato in Scienze Politiche presso l&#8217;Universit\u00e0 degli Studi di Trieste, il 7 ottobre 1963 sposa la baronessa <strong>Feliciana Salvotti de Bindis<\/strong>, figlia di Mario. Da questo matrimonio nasce il figlio Gordio. Si dedica inizialmente all&#8217;insegnamento presso la Scuola Media Statale di Codroipo, ove ricopre cariche dirigenziali, per prendere poi la cattedra di Storia Contemporanea presso l&#8217;Universit\u00e0 degli Studi di Udine. Da sempre attivo e impegnato nel promuovere la cultura storica e quella friulana in particolare, viene spesso invitato a portare il proprio contributo a Convegni di Studi storici.<\/p>\n<p style=\"text-align: justify;\" class=\"ui-droppable\"> \tSocio dal 1966 della &#8220;Societ\u00e0 dalmatica di storia patria&#8221;, studioso di prestigio, conosciuto anche fuori dell&#8217;ambito regionale, nel 1974 viene accolto come socio corrispondente dell&#8217;Accademia di Scienze, Lettere e Arti di Udine. Condivide dal 1986, come associato, l&#8217;impegno dell&#8217;Accademia di Santa Chiara di Genova, nel promuovere la cultura cattolica.<\/p>\n<p style=\"text-align: justify;\" class=\"ui-droppable\"> \tA 23 anni, nel giugno del 1957, lo troviamo socio fondatore dell&#8217;Associazione Nobiliare Regionale Veneta, che presiede dal 1986. Dal 1997 \u00e8 cancelliere del Corpo della Nobilt\u00e0 Italiana. Associazioni che hanno la finalit\u00e0 di accertare e salvaguardare i diritti e i doveri storici della nobilt\u00e0 e di promuovere al contempo studi storici, giuridici e araldici, atti ad illustrarla. Le sue profonde convinzioni religiose hanno trovato naturale espressione e realizzazione nell&#8217;Ordine religioso del Sovrano Militare Ordine di Malta, del quale \u00e8 stato ritenuto degno di far parte come Cavaliere d&#8217;Onore e Devozione dal 1980.<\/p>\n<p style=\"text-align: justify;\" class=\"ui-droppable\"> \tNel 1988 \u00e8 stato ricevuto nel ceto come Cavaliere d&#8217;Obbedienza; sempre nell&#8217;Ordine, dal 1992, ricopre la carica di Delegato Granpriorale per il Friuli Venezia Giulia. Dagli anni Novanta fa parte del Capitolo Granpriorale di Lombardia e Venezia del S.M.O.M. come rappresentante dei Cavalieri di Obbedienza e dal 2012 gli \u00e8 stato conferito il titolo di \u201cSua Eccellenza Bal\u00ec\u201d, riservata a pochissime personalit\u00e0 per bravura o meriti speciali.<\/p>\n","protected":false},"excerpt":{"rendered":"<p>Oggi grande festa  a Joannis<\/p>\n","protected":false},"author":22,"featured_media":14430,"comment_status":"closed","ping_status":"closed","sticky":false,"template":"","format":"standard","meta":{"dwc-title":[],"dwc-content":[],"footnotes":""},"categories":[5],"tags":[],"class_list":["post-14429","post","type-post","status-publish","format-standard","has-post-thumbnail","hentry","category-attualita"],"rttpg_featured_image_url":{"full":["https:\/\/imagazine.it\/wp-content\/uploads\/2024\/01\/6227-1.webp",350,467,false],"landscape":["https:\/\/imagazine.it\/wp-content\/uploads\/2024\/01\/6227-1.webp",350,467,false],"portraits":["https:\/\/imagazine.it\/wp-content\/uploads\/2024\/01\/6227-1.webp",350,467,false],"thumbnail":["https:\/\/imagazine.it\/wp-content\/uploads\/2024\/01\/6227-1-150x150.webp",150,150,true],"medium":["https:\/\/imagazine.it\/wp-content\/uploads\/2024\/01\/6227-1-225x300.webp",225,300,true],"large":["https:\/\/imagazine.it\/wp-content\/uploads\/2024\/01\/6227-1.webp",350,467,false],"thumblist":["https:\/\/imagazine.it\/wp-content\/uploads\/2024\/01\/6227-1.webp",225,300,false],"thumbrelated":["https:\/\/imagazine.it\/wp-content\/uploads\/2024\/01\/6227-1.webp",350,467,false],"meccarouselthumb":["https:\/\/imagazine.it\/wp-content\/uploads\/2024\/01\/6227-1.webp",243,324,false],"gridsquare":["https:\/\/imagazine.it\/wp-content\/uploads\/2024\/01\/6227-1.webp",195,260,false],"tileview":["https:\/\/imagazine.it\/wp-content\/uploads\/2024\/01\/6227-1.webp",300,400,false],"1536x1536":["https:\/\/imagazine.it\/wp-content\/uploads\/2024\/01\/6227-1.webp",350,467,false],"2048x2048":["https:\/\/imagazine.it\/wp-content\/uploads\/2024\/01\/6227-1.webp",350,467,false],"newsup-slider-full":["https:\/\/imagazine.it\/wp-content\/uploads\/2024\/01\/6227-1.webp",350,467,false],"newsup-featured":["https:\/\/imagazine.it\/wp-content\/uploads\/2024\/01\/6227-1.webp",350,467,false],"newsup-medium":["https:\/\/imagazine.it\/wp-content\/uploads\/2024\/01\/6227-1-350x380.webp",350,380,true],"tptn_thumbnail":["https:\/\/imagazine.it\/wp-content\/uploads\/2024\/01\/6227-1.webp",157,210,false],"sow-carousel-default":["https:\/\/imagazine.it\/wp-content\/uploads\/2024\/01\/6227-1-272x182.webp",272,182,true]},"rttpg_author":{"display_name":"Livio Nonis","author_link":"https:\/\/imagazine.it\/home_desk\/author\/nonis\/"},"rttpg_comment":0,"rttpg_category":"<a href=\"https:\/\/imagazine.it\/home_desk\/category\/attualita\/\" rel=\"category tag\">ATTUALIT\u00c0<\/a>","rttpg_excerpt":"Oggi grande festa a Joannis","_links":{"self":[{"href":"https:\/\/imagazine.it\/home_desk\/wp-json\/wp\/v2\/posts\/14429","targetHints":{"allow":["GET"]}}],"collection":[{"href":"https:\/\/imagazine.it\/home_desk\/wp-json\/wp\/v2\/posts"}],"about":[{"href":"https:\/\/imagazine.it\/home_desk\/wp-json\/wp\/v2\/types\/post"}],"author":[{"embeddable":true,"href":"https:\/\/imagazine.it\/home_desk\/wp-json\/wp\/v2\/users\/22"}],"replies":[{"embeddable":true,"href":"https:\/\/imagazine.it\/home_desk\/wp-json\/wp\/v2\/comments?post=14429"}],"version-history":[{"count":0,"href":"https:\/\/imagazine.it\/home_desk\/wp-json\/wp\/v2\/posts\/14429\/revisions"}],"wp:featuredmedia":[{"embeddable":true,"href":"https:\/\/imagazine.it\/home_desk\/wp-json\/wp\/v2\/media\/14430"}],"wp:attachment":[{"href":"https:\/\/imagazine.it\/home_desk\/wp-json\/wp\/v2\/media?parent=14429"}],"wp:term":[{"taxonomy":"category","embeddable":true,"href":"https:\/\/imagazine.it\/home_desk\/wp-json\/wp\/v2\/categories?post=14429"},{"taxonomy":"post_tag","embeddable":true,"href":"https:\/\/imagazine.it\/home_desk\/wp-json\/wp\/v2\/tags?post=14429"}],"curies":[{"name":"wp","href":"https:\/\/api.w.org\/{rel}","templated":true}]}}