{"id":14361,"date":"2014-06-20T00:00:00","date_gmt":"2014-06-19T23:00:00","guid":{"rendered":"https:\/\/imagazine.it\/?p=14361"},"modified":"2014-06-20T00:00:00","modified_gmt":"2014-06-19T23:00:00","slug":"cinema-giu-i-veli-a-maremetraggio","status":"publish","type":"post","link":"https:\/\/imagazine.it\/home_desk\/cinema-giu-i-veli-a-maremetraggio\/","title":{"rendered":"Cinema, gi\u00f9 i veli a Maremetraggio"},"content":{"rendered":"<p style=\"text-align: justify;\" class=\"ui-droppable\"> \tCompie 15 anni <strong>l\u2019International ShorTS Film Festival, <\/strong>organizzato dall\u2019associazione <strong>Maremetraggio, <\/strong>in programma a <strong>Trieste<\/strong> <strong>dal 28 giugno al 5 luglio, con due giorni di prefestival il 26\u00a0 e 27 giugno al Teatro Miela. <\/strong>Il festival del cortometraggio pi\u00f9 noto d\u2019Italia, per festeggiare il traguardo dei tre lustri, propone <strong>otto giorni pi\u00f9 due <\/strong>dedicati alle nuove promesse del cinema italiano e internazionale. Due le sedi di proiezione: la splendida Piazza Verdi, con un maxi schermo all\u2019aperto che proporr\u00e0 una maratona sotto le stelle dedicata ai migliori cortometraggi a livello internazionale, e il Teatro Miela riservato ai lungometraggi.<\/p>\n<p style=\"text-align: justify;\" class=\"ui-droppable\"> \tPer la sezione Maremetraggio, ben 67 i<strong> \u201cTop of the shorTS<\/strong>\u201d, \u00a0selezionati tra oltre 1.200 cortometraggi provenienti da tutti gli angoli del pianeta e gi\u00e0 vincitori di almeno un premio, che si contenderanno \u2013 insieme al corto esordiente selezionato dal contest \u201cun\u2019altra chance\u201d in collaborazione con la rivista Fabrique du Cinema \u2013 \u00a0il <strong>premio Punto Enel<\/strong> di 10.000 Euro assegnato da una Giuria per l\u2019occasione anch\u2019essa internazionale, composta dal regista israeliano<strong> Benjamin Freidenberg, <\/strong>il\u00a0casting manager\u00a0francese <strong>Nicolas Ronchi, <\/strong>il\u00a0fotografo tedesco\u00a0<strong>Dirk Vogel e Monique Catalano, <\/strong>che si occupa di relazioni\u00a0cinematografiche\u00a0internazionali e <strong>Cinzia Spironello<\/strong>, responsabile distribuzione cortometraggi<strong>.<\/strong><\/p>\n<p style=\"text-align: justify;\" class=\"ui-droppable\"> \tPer i cortometraggi italiani pi\u00f9 interessanti in gara, in palio anche il prestigioso <strong>premio \u201cStudio Universal\u201d<\/strong>, realizzato grazie al rinnovo della partnership tra Maremetraggio e\u00a0Studio Universal (Mediaset Premium sul DTT), la TV del cinema da chi fa cinema, che consiste nell\u2019acquisizione dei diritti Pay per la trasmissione televisiva\u00a0del numero uno italiano dei \u201cTop of the ShorTs\u201d, selezionato da una giuria del Canale. E poi il <strong>premio al miglior corto d\u2019animazione<\/strong>, il <strong>premio al miglior montaggio italiano<\/strong> assegnato dall\u2019AMC (Associazione Montatori Cinematografici), il <strong>Premio Enel Green Solution<\/strong> e il <strong>Premio Piquadro<\/strong> attribuito dal pubblico.<\/p>\n<p style=\"text-align: justify;\" class=\"ui-droppable\"> \tPer gli amanti del lungometraggio, invece, ci sar\u00e0 lo schermo del Teatro Miela, riservato a dieci <strong>opere prime italiane<\/strong>, scelte tra le pi\u00f9 \u201cinvisibili\u201d per la sezione \u201cNuove Impronte\u201d: le migliori saranno premiate dal pubblico, dalla critica e da una giuria davvero d\u2019eccezione composta dall\u2019attrice <strong>Carolina Crescentini,<\/strong> dal <strong>regista e sceneggiatore Gianluca\u00a0Tavarelli e dalla produttrice della Bianca Film Donatella Botti.<\/strong><\/p>\n<p style=\"text-align: justify;\" class=\"ui-droppable\"> \tDopo Sergio Rubini, Margherita Buy, Laura Morante e Murray Abraham, protagonista della <strong>retrospettiva 2014 <\/strong>del festival sar\u00e0 la splendida <strong>Francesca Neri<\/strong>, attrice e produttrice che ha fatto la storia del cinema italiano e spagnolo, indimenticabile protagonista di opere come \u201cCarne Tremula\u201d (1997) di Pedro Almodovar e \u201cPensavo fosse amore\u2026invece era un calesse\u201d (1991) del rimpianto Massimo Troisi, che all\u2019epoca le fecero conquistare due Nastri d\u2019Argento come miglior attrice protagonista. Francesca Neri sar\u00e0 a Trieste per incontrare il pubblico nei giorni del festival.<\/p>\n<p style=\"text-align: justify;\" class=\"ui-droppable\"> \tPrima della proiezione dei film con Francesca Neri, al Teatro Miela il festival omaggier\u00e0 la <strong>CSC Production<\/strong> \u2013 la societ\u00e0 di produzione del <strong>Centro Sperimentale di Cinematografia <\/strong>\u2013 con <strong>\u201cRewind\u201d,<\/strong> un vero e proprio \u201cbalzo all\u2019indietro\u201d per questa iniziativa che dedica una riflessione a registi importanti che si sono diplomati al Centro Sperimentale e che sono passati per Trieste\u00a0 con le loro Opere Prime durante questi 15 anni di festival.<\/p>\n<p style=\"text-align: justify;\" class=\"ui-droppable\"> \tIn questa sua quindicesima edizione,\u00a0il festival rinnover\u00e0 anche la sua scommessa sui giovani talenti del nostro cinema. Protagonista della \u201c<strong>prospettiva 2014\u201d<\/strong> \u2013 lo spazio dedicato agli\u00a0<strong>attori italiani emergenti<\/strong> \u2013 l\u2019attrice che si \u00e8 fatta notare fin dal suo esordio per il grande schermo: la magnetica <strong>Elena Radonicich, <\/strong>che ha esordito accanto a Charlotte Rampling nella docu-fiction di Alina Marazzi \u201cTutto parla di te\u201d.<\/p>\n<p style=\"text-align: justify;\" class=\"ui-droppable\"> \tCome accaduto l\u2019anno scorso con il Kazakhstan e l\u2019anno precedente con l\u2019India, anche quest\u2019anno <strong>l\u2019International ShorTS Film Festival<\/strong>\u00a0 proporr\u00e0 un <strong>focus dedicato alla cinematografia di un Paese extraeuropeo. <\/strong>La scelta quest\u2019anno \u00e8 caduta sul<strong> Giappone: <\/strong>dal 2 al 4 luglio saranno proposti, in collaborazione con lo <strong>Short Shorts Film Festival di Tokyo<\/strong>, una selezione di cortometraggi giapponesi, mentre insieme all\u2019associazione italo-giapponese <strong>YU JO<\/strong> si esploreranno le arti del Paese del Sol Levante. Si susseguiranno esibizioni e workshop dedicate alle danze tradizionali antiche \u201cNihon Buyo\u201d insieme alle maestre Sasaki e Mashima, esibizioni di arte calligrafica \u201cShodo\u201d da parte del Maestro Norio Nagayama al Museo Revoltella e workshop per imparare una delle pi\u00f9 affascinanti arti orientali e ancora cerimonie del t\u00e8 e tipicit\u00e0 gastronomiche.<\/p>\n<p style=\"text-align: justify;\" class=\"ui-droppable\"> \tTra le tante novit\u00e0 per festeggiare i suoi quindici anni, <strong>l\u2019International ShorTS Film Festival <\/strong>propone quest\u2019anno, in collaborazione con Cividin Viaggi, un <strong>pacchetto turistico cinema-oriented<\/strong>, che dar\u00e0 la possibilit\u00e0 di assistere al festival e visitare la citt\u00e0 di Trieste sotto un profilo insolito, quello dei \u201c<strong>luoghi del cinema<\/strong>\u201d. Insieme ai critici cinematografici Beatrice Fiorentino e Nicola Falcinella si potranno ripercorrere, con passeggiate a tema, le location e le storie delle tante opere per il grande schermo girate nella citt\u00e0 giuliana, molto apprezzata dai registi di tutto il mondo, da Mauro Bolognini a Luchino Visconti, da Francis Ford Coppola, che scelse la\u00a0 vecchia Pescheria Centrale per girarvi alcune scene de &#8220;Il Padrino, parte II&#8221;, a\u00a0 Cristina Comencini, da Anthony Minghella, che volle il Porto Vecchio per alcune scene de \u201cIl paziente inglese\u201d, a Giuseppe Tornatore.<\/p>\n<p style=\"text-align: justify;\" class=\"ui-droppable\"> \tIncontri con attori e registi, eventi speciali, workshop, approfondimenti, cocktail e happening con i protagonisti della cinematografia italiana e straniera completeranno il quadro, per otto intensi giorni tutti dedicati alla settima arte.<\/p>\n<p style=\"text-align: justify;\" class=\"ui-droppable\"> \tDa segnalare gi\u00e0 <strong>l\u2019incontro aperto al pubblico<\/strong> al Punto Enel in Galleria Tergesteo con <strong>Francesca<\/strong> <strong>Neri<\/strong> ed <strong>Elena Radonicich<\/strong> il <strong>4 luglio<\/strong>, a partire dalle 18, e l\u2019incontro in sala al Teatro Miela alle 21 con con Francesca Neri e a seguire poi con <strong>Claudio Amendola<\/strong>.<\/p>\n<p style=\"text-align: justify;\" class=\"ui-droppable\"> \tIl 5 luglio alle 11.30 al Punto Enel si terr\u00e0 la tavola rotonda \u201cLa distribuzione: grande assente per i corti\u201d con le maggiori case di distibuzione di cortometraggi in Italia, parteciperanno infatti: Monique Catalino (Istituto Luce), Jacopo Chessa (CNC), Paolo Manera (Film Commission Torino Piemonte), Simona Pedroli (Studio Universal), Paola Ruggeri (Mediaset), Vincenzo Scuccimarra (Studio Universal), Cinzia Spironello (Other Voices) e Paolo Vidali (Fondo per l\u2019audiovisivo FVG).<\/p>\n<p style=\"text-align: justify;\" class=\"ui-droppable\"> \tDopo l\u2019incontro in galleria tergesteo al Punto Enel il 5 luglio alle 11.30 con registi e giurati, le premiazioni si terranno in Piazza Verdi alle 20 in occasione del Gran Gal\u00e0 finale. Ma la festa non finisce qui, alle 22.30 tutti sono invitati al \u201cJaguar Bad Party\u201d allo stabilimento balneare Ausonia<\/p>\n<p style=\"text-align: justify;\" class=\"ui-droppable\"> \tE proseguono inoltre le collaborazioni: \u201cOltre il Muro\u201d, che dal 2009 porta il cinema nella casa cirocondariale di Trieste, il contest \u201cDai e Avrai\u201d che ha dato la possibilit\u00e0 ai studenti vincitori di affiancare e lavorare con lo staff di ShorTS, il Premio Mattador, con la consegna del premio alla miglior sceneggiatura e in collaborazione con il Piccolo, un nuovo contest che dar\u00e0 la possibilit\u00e0 al pubblico di creare delle foto originali con l\u2019immagine del festival e di vincire un premio utilizzando l\u2019hashtag #mareshorTS.<\/p>\n<p style=\"text-align: justify;\" class=\"ui-droppable\"> \tNew entry quest\u2019anno, inoltre, la collaborazione con la Bavisela che insieme all\u2019associazione 42K e a Maremetraggio hanno ideato un\u2019iniziativa che dar\u00e0 vita a uno spot video contro la violenza sulle donne finanziato da una sostanziosa parte del ricavato dalle iscrizioni della Trieste Women Run svoltasi l\u20198 giugno scorso.<\/p>\n<p style=\"text-align: justify;\" class=\"ui-droppable\"> \t\u00abIl format della Trieste Women Run ideato da 42K \u2013 spiega Isa Amadi titolare \u00a0di 42K e ideatrice della Trieste Women Run \u2013 \u00a0e realizzato in collaborazione con Bavisela \u00e8 qualcosa di unico in Italia perch\u00e9, ad una doppia corsa tutta al femminile, abbina un preciso e costante impegno a sostegno delle donne maltrattate. Quest\u2019anno, grazie alla collaborazione con Maremetraggio, riusciamo a realizzare un progetto di comunicazione innovativo che certamente lascer\u00e0 il segno, auspicando di riuscire a fare breccia soprattutto nei giovani che ancora possono e devono costruire per se stessi una cultura positiva dell\u2019accoglienza, del rispetto e della condivisione\u00bb.<\/p>\n<p style=\"text-align: justify;\" class=\"ui-droppable\"> \tIl festival inoltre \u00e8 anche su\u00a0<strong><a href=\"http:\/\/mymovies.it\/\" target=\"_blank\" rel=\"noopener\">MYmovies.it<\/a>.<\/strong>\u00a0il sito leader in Italia nell&#8217;informazione cinematografica (400.000 utenti unici al giorno) che, in contemporanea alla manifestazione, mostrer\u00e0\u00a0una selezione delle opere prime del concorso\u00a0ufficiale in esclusiva streaming sulla piattaforma\u00a0<strong>MYMOVIESLIVE!<\/strong>. Un&#8217;occasione unica per\u00a0vivere Maremetraggio anche a distanza, pur non essendo &#8220;fisicamente&#8221; a Trieste.\u00a0Per assistere alla programmazione online basta collegarsi all&#8217;indirizzo\u00a0<strong><a href=\"http:\/\/www.mymovies.it\/live\/\" target=\"_blank\" rel=\"noopener\">www.mymovies.it\/live\/<\/a>,\u00a0<\/strong>registrarsi e attivare un profilo FREE oppure UNLIMITED.<\/p>\n","protected":false},"excerpt":{"rendered":"<p>Presentata la quindicesima edizione del festival<\/p>\n","protected":false},"author":28,"featured_media":14362,"comment_status":"closed","ping_status":"closed","sticky":false,"template":"","format":"standard","meta":{"dwc-title":[],"dwc-content":[],"footnotes":""},"categories":[37],"tags":[],"class_list":["post-14361","post","type-post","status-publish","format-standard","has-post-thumbnail","hentry","category-cultura-e-spettacolo"],"rttpg_featured_image_url":{"full":["https:\/\/imagazine.it\/wp-content\/uploads\/2024\/01\/6082-1.webp",388,260,false],"landscape":["https:\/\/imagazine.it\/wp-content\/uploads\/2024\/01\/6082-1.webp",388,260,false],"portraits":["https:\/\/imagazine.it\/wp-content\/uploads\/2024\/01\/6082-1.webp",388,260,false],"thumbnail":["https:\/\/imagazine.it\/wp-content\/uploads\/2024\/01\/6082-1-150x150.webp",150,150,true],"medium":["https:\/\/imagazine.it\/wp-content\/uploads\/2024\/01\/6082-1-300x201.webp",300,201,true],"large":["https:\/\/imagazine.it\/wp-content\/uploads\/2024\/01\/6082-1.webp",388,260,false],"thumblist":["https:\/\/imagazine.it\/wp-content\/uploads\/2024\/01\/6082-1.webp",300,201,false],"thumbrelated":["https:\/\/imagazine.it\/wp-content\/uploads\/2024\/01\/6082-1.webp",388,260,false],"meccarouselthumb":["https:\/\/imagazine.it\/wp-content\/uploads\/2024\/01\/6082-1.webp",388,260,false],"gridsquare":["https:\/\/imagazine.it\/wp-content\/uploads\/2024\/01\/6082-1.webp",388,260,false],"tileview":["https:\/\/imagazine.it\/wp-content\/uploads\/2024\/01\/6082-1.webp",300,201,false],"1536x1536":["https:\/\/imagazine.it\/wp-content\/uploads\/2024\/01\/6082-1.webp",388,260,false],"2048x2048":["https:\/\/imagazine.it\/wp-content\/uploads\/2024\/01\/6082-1.webp",388,260,false],"newsup-slider-full":["https:\/\/imagazine.it\/wp-content\/uploads\/2024\/01\/6082-1.webp",388,260,false],"newsup-featured":["https:\/\/imagazine.it\/wp-content\/uploads\/2024\/01\/6082-1.webp",388,260,false],"newsup-medium":["https:\/\/imagazine.it\/wp-content\/uploads\/2024\/01\/6082-1.webp",388,260,false],"tptn_thumbnail":["https:\/\/imagazine.it\/wp-content\/uploads\/2024\/01\/6082-1.webp",250,168,false],"sow-carousel-default":["https:\/\/imagazine.it\/wp-content\/uploads\/2024\/01\/6082-1-272x182.webp",272,182,true]},"rttpg_author":{"display_name":"redazione","author_link":"https:\/\/imagazine.it\/home_desk\/author\/redazione\/"},"rttpg_comment":0,"rttpg_category":"<a href=\"https:\/\/imagazine.it\/home_desk\/category\/cultura-e-spettacolo\/\" rel=\"category tag\">CULTURA&amp;SPETTACOLO<\/a>","rttpg_excerpt":"Presentata la quindicesima edizione del festival","_links":{"self":[{"href":"https:\/\/imagazine.it\/home_desk\/wp-json\/wp\/v2\/posts\/14361","targetHints":{"allow":["GET"]}}],"collection":[{"href":"https:\/\/imagazine.it\/home_desk\/wp-json\/wp\/v2\/posts"}],"about":[{"href":"https:\/\/imagazine.it\/home_desk\/wp-json\/wp\/v2\/types\/post"}],"author":[{"embeddable":true,"href":"https:\/\/imagazine.it\/home_desk\/wp-json\/wp\/v2\/users\/28"}],"replies":[{"embeddable":true,"href":"https:\/\/imagazine.it\/home_desk\/wp-json\/wp\/v2\/comments?post=14361"}],"version-history":[{"count":0,"href":"https:\/\/imagazine.it\/home_desk\/wp-json\/wp\/v2\/posts\/14361\/revisions"}],"wp:featuredmedia":[{"embeddable":true,"href":"https:\/\/imagazine.it\/home_desk\/wp-json\/wp\/v2\/media\/14362"}],"wp:attachment":[{"href":"https:\/\/imagazine.it\/home_desk\/wp-json\/wp\/v2\/media?parent=14361"}],"wp:term":[{"taxonomy":"category","embeddable":true,"href":"https:\/\/imagazine.it\/home_desk\/wp-json\/wp\/v2\/categories?post=14361"},{"taxonomy":"post_tag","embeddable":true,"href":"https:\/\/imagazine.it\/home_desk\/wp-json\/wp\/v2\/tags?post=14361"}],"curies":[{"name":"wp","href":"https:\/\/api.w.org\/{rel}","templated":true}]}}