{"id":14348,"date":"2014-06-18T00:00:00","date_gmt":"2014-06-17T23:00:00","guid":{"rendered":"https:\/\/imagazine.it\/?p=14348"},"modified":"2014-06-18T00:00:00","modified_gmt":"2014-06-17T23:00:00","slug":"monfalcone-unestate-mondiale","status":"publish","type":"post","link":"https:\/\/imagazine.it\/home_desk\/monfalcone-unestate-mondiale\/","title":{"rendered":"Monfalcone, un&#8217;estate mondiale"},"content":{"rendered":"<p class=\"ui-droppable\" style=\"text-align: justify;\"> \tUn appuntamento ogni due giorni, con il clou nei mesi di luglio e agosto: questa la sintesi del programma di iniziative MonfalconEstate, che mescoler\u00e0 teatro, danza, musica e sport in un caleidoscopio di eventi, dal 19 giugno al 1 settembre.<\/p>\n<p class=\"ui-droppable\" style=\"text-align: justify;\"> \tSi comincia domani, dalle 18, con la proiezione delle partite dei Mondiali di calcio sul maxischermo dell\u2019iMagazine Videotruck in piazza Unit\u00e0 d&#39;Italia. Alle 21 al Palazzetto Veneto lo spettacolo &#39;&#39;La tradotta&#39;&#39;, viaggio sul treno che porta sui luoghi della Grande Guerra (a cura dell&#39;associazione culturale Incanto).<\/p>\n<\/p>\n<p class=\"ui-droppable\" style=\"text-align: justify;\"> \tVenerd\u00ec 20 giugno sempre al palazzetto Veneto alle 17 si inaugura la mostra &#39;&#39;Arte nelleForme negliSpazi&#39;&#39;, in collaborazione con Fogolar Furlan, con opere di <strong>Elvio Zorzenon<\/strong> e <strong>Vittorio Parovel<\/strong>. In contemporanea in piazza Unit\u00e0 prender\u00e0 avvio l\u2019ampio pre-partita Italia \u2013 Costa Rica, in diretta, condotto dal giornalista <strong>Daniele Benvenuti<\/strong>, con ospite d&#39;onore <strong>Marco Negri<\/strong>, il miglior giocatore scaturito dal calcio locale negli ultimi 30 anni.<\/p>\n<p class=\"ui-droppable\" style=\"text-align: justify;\"> \tSabato 21 giugno alle 16 in piazza della Repubblica e Corso del Popolo si terr\u00e0 il <em>Re-Generation day<\/em> a cura del Cam. Domenica 22 giugno alle 19 presso l&#39;Area Verde, a cura dell&#39;associazione Bag, ecco &#39;&#39;Musica senza confini&#39;&#39;. Venerd\u00ec 27 giugno doppio appuntamento: alle 17 in piazza della Repubblica si terr\u00e0 il concerto Banda Civica Citt\u00e0 di Monfalcone, alle 21.15 in piazza Falcone e Borsellino &#39;&#39;L&#39;opera al Centro&#39;&#39;, concerto dell&#39;Orchestra Filarmonica Citt\u00e0 di Monfalcone.<\/p>\n<p class=\"ui-droppable\" style=\"text-align: justify;\"> \tSabato 5 luglio in piazza Unit\u00e0, a conclusione della proiezione della partita, ecco &#39;&#39;Monfalcone in Musica&#39;&#39;, notte bianca con esibizione di gruppi musicali nel centro citt\u00e0 in occasione dell&#39;apertura dei saldi. \u00abPer questo evento sar\u00e0 eccezionalmente concessa ai negozi l&#39;esposizione dei prodotti senza il pagamento della Tosap (tassa di occupazione spazi e aree pubbliche) \u2013 ha annunciato l&#39;assessore alla Promozione Territoriale <strong>Omar Greco<\/strong> \u2013 \u00e8 un segnale importante che vogliamo lanciare alle nostre attivit\u00e0 commerciali\u00bb.<\/p>\n<p class=\"ui-droppable\" style=\"text-align: justify;\"> \tVenerd\u00ec 11 luglio alle 20.30 a Panzano si terr\u00e0 il concerto della Banda Civica Citt\u00e0 di Monfalcone, mentre mercoled\u00ec 16 luglio alle 21 al giardino Patuna &#39;&#39;Suoni e sensazioni sotto le stelle&#39;&#39;, a cura dell&#39;Istituto di musica Vivaldi. Marted\u00ec 15 e mercoled\u00ec 16 luglio, inoltre, in biblioteca comunale si terr\u00e0 il laboratorio musicale per bambini e ragazzi a cura di <strong>Enrico De Colle<\/strong> (alle 9.30 per bambini dai 6 ai 12 anni e alle 16 per ragazzi dai 13 ai 17 anni).<\/p>\n<p class=\"ui-droppable\" style=\"text-align: justify;\"> \tSempre marted\u00ec 15 luglio in piazza Falcone e Borsellino partir\u00e0 il cinema, che vedr\u00e0 sei appuntamenti: &#39;&#39;La mafia uccide solo d&#39;estate&#39;&#39; (15 luglio), &#39;&#39;Sole a catinelle&#39;&#39; (24 luglio), &#39;&#39;Philomena&#39;&#39; (31 luglio) &#39;&#39;Thor \u2013 The dark world&#39;&#39; (7 agosto), &#39;&#39;Zoran mio nipote scemo&#39;&#39; (14 agosto) e &#39;&#39;La grande bellezza&#39;&#39; (21 agosto).<\/p>\n<p class=\"ui-droppable\" style=\"text-align: justify;\"> \tIl 16 luglio invece prender\u00e0 il via &#39;&#39;Lettere mediterranee&#39;&#39; in piazza Falcone e Borsellino, con sette appuntamenti: dopo il primo con <strong>Umberto Galimberti<\/strong>, toccher\u00e0 a <strong>Pino Roveredo<\/strong> (18 luglio), <strong>Dario Arkel<\/strong> (19 luglio), <strong>Luigi Nacci<\/strong> e <strong>Tommaso Cerno<\/strong> (21 luglio), <strong>Gigliola Alvisi<\/strong> (22 luglio), e lo spettacolo in prima nazionale &#39;&#39;La porta degli uomini&#39;&#39; di e con <strong>Elisa Menon<\/strong> (23 luglio).<\/p>\n<p class=\"ui-droppable\" style=\"text-align: justify;\"> \tGioved\u00ec 17 luglio si terr\u00e0 anche il concerto del coro del Cai di Monfalcone a Panzano, e venerd\u00ec 18 luglio alle 16 all&#39;Area Verde il Word Music Stage del Cam, che proseguir\u00e0 anche il 19 luglio.<\/p>\n<p class=\"ui-droppable\" style=\"text-align: justify;\"> \tVenerd\u00ec 25 luglio partir\u00e0 il programma di Onde Mediterranee a Marina Julia. Alle 21 si terr\u00e0 la proiezione di &#39;&#39;Monfalcone al citofono&#39;&#39;, seguito alle 22.30 dalla Rino Gaetano Band con <strong>Marco Morandi<\/strong>.<\/p>\n<p class=\"ui-droppable\" style=\"text-align: justify;\"> \tSabato 26 luglio alle 10.30 in via S. Ambrogio si terr\u00e0 &#39;&#39;Onde Bike&#39;&#39;, che poi proseguir\u00e0 alle 16 in piazza della Repubblica, con intermezzo alle 12.00 dei tamburi d&#39;Africa con <strong>Lucio Cosentino<\/strong>. Alle 20.30 in piazzale Pino De Luisa si terr\u00e0 la Festa dei Nonni con esibizione della banda civica Citt\u00e0 di Monfalcone. Alle 22.30 a Marina Julia ecco Onde Musica, con concerto di Elisa (evento a pagamento).<\/p>\n<p class=\"ui-droppable\" style=\"text-align: justify;\"> \tDomenica 27 luglio alle 16 a Marina Julia ci sar\u00e0 un&#39;animazione itinerante per bambini Onde Fun! Con Teens on board (lezioni e dimostrazioni di windsurf, kitesurf), Skate(board) adventures (lezioni e dimostrazioni di skateboard e pattinaggio). Dalle 19.30 Rastafischio, e dalle 21.30 Balkan Beat Box, festa balkan finale.<\/p>\n<p class=\"ui-droppable\" style=\"text-align: justify;\"> \tAgosto sar\u00e0 all&#39;insegna del cinema, assieme ad altri due appuntamenti di teatro e musica: sabato 23 alle 21 con lo spettacolo &#39;&#39;Clelia: spirito spiritoso&#39;&#39;, sabato 30 agosto in piazza della Repubblica alle 21 con &#39;&#39;Il Salento e la Pizzica pizzica&#39;&#39;. Saranno poi in programma (con date da definire) altri eventi nel mese di settembre.<\/p>\n<p class=\"ui-droppable\" style=\"text-align: justify;\"> \t\u00abCome si vede, \u00e8 un programma ricco di appuntamenti, che coniuga cultura, sport, musica, nomi di richiamo ed eventi in prima nazionale \u2013 ha spiegato ancora Greco -. Siamo soddisfatti di poter offrire alla citt\u00e0 una manifestazione che viene incontro agli interessi di tutti nonostante un taglio del 30% ai contributi ricevuti\u00bb.<\/p>\n<p class=\"ui-droppable\" style=\"text-align: justify;\"> \tAnche <strong>Paolo Bratina<\/strong>, presidente Ascom, ha sottolineato come sia stato \u00abimportante coinvolgere tutte le associazioni di categoria, e anche le altre, nell&#39;organizzazione\u00bb, mentre il sindaco <strong>Silvia Altran<\/strong> ha confermato la soddisfazione per aver creato un calendario \u00abadatto a tutti i gusti\u00bb.<\/p>\n","protected":false},"excerpt":{"rendered":"<p>Grazie all&#8217;iMagazineVideoTruck<\/p>\n","protected":false},"author":28,"featured_media":0,"comment_status":"closed","ping_status":"closed","sticky":false,"template":"","format":"standard","meta":{"dwc-title":[],"dwc-content":[],"footnotes":""},"categories":[5],"tags":[],"class_list":["post-14348","post","type-post","status-publish","format-standard","hentry","category-attualita"],"rttpg_featured_image_url":null,"rttpg_author":{"display_name":"redazione","author_link":"https:\/\/imagazine.it\/home_desk\/author\/redazione\/"},"rttpg_comment":0,"rttpg_category":"<a href=\"https:\/\/imagazine.it\/home_desk\/category\/attualita\/\" rel=\"category tag\">ATTUALIT\u00c0<\/a>","rttpg_excerpt":"Grazie all'iMagazineVideoTruck","_links":{"self":[{"href":"https:\/\/imagazine.it\/home_desk\/wp-json\/wp\/v2\/posts\/14348","targetHints":{"allow":["GET"]}}],"collection":[{"href":"https:\/\/imagazine.it\/home_desk\/wp-json\/wp\/v2\/posts"}],"about":[{"href":"https:\/\/imagazine.it\/home_desk\/wp-json\/wp\/v2\/types\/post"}],"author":[{"embeddable":true,"href":"https:\/\/imagazine.it\/home_desk\/wp-json\/wp\/v2\/users\/28"}],"replies":[{"embeddable":true,"href":"https:\/\/imagazine.it\/home_desk\/wp-json\/wp\/v2\/comments?post=14348"}],"version-history":[{"count":0,"href":"https:\/\/imagazine.it\/home_desk\/wp-json\/wp\/v2\/posts\/14348\/revisions"}],"wp:attachment":[{"href":"https:\/\/imagazine.it\/home_desk\/wp-json\/wp\/v2\/media?parent=14348"}],"wp:term":[{"taxonomy":"category","embeddable":true,"href":"https:\/\/imagazine.it\/home_desk\/wp-json\/wp\/v2\/categories?post=14348"},{"taxonomy":"post_tag","embeddable":true,"href":"https:\/\/imagazine.it\/home_desk\/wp-json\/wp\/v2\/tags?post=14348"}],"curies":[{"name":"wp","href":"https:\/\/api.w.org\/{rel}","templated":true}]}}