{"id":14329,"date":"2014-06-16T00:00:00","date_gmt":"2014-06-15T23:00:00","guid":{"rendered":"https:\/\/imagazine.it\/?p=14329"},"modified":"2014-06-16T00:00:00","modified_gmt":"2014-06-15T23:00:00","slug":"ricrestate-a-trieste-tre-mesi-di-attivita-per-bambini-e-ragazzi","status":"publish","type":"post","link":"https:\/\/imagazine.it\/home_desk\/ricrestate-a-trieste-tre-mesi-di-attivita-per-bambini-e-ragazzi\/","title":{"rendered":"Ricrestate: a Trieste tre mesi di attivit\u00e0 per bambini e ragazzi"},"content":{"rendered":"<p style=\"text-align: justify;\" class=\"ui-droppable\"> \tDa oggi parte il servizio estivo comunale nei Ricreatori di Trieste \u201cRicrestate 2014\u201d, che ha la finalit\u00e0 di supportare le famiglie anche nel periodo di fine anno scolastico offrendo ai piccoli utenti delle piacevoli vacanze in citt\u00e0.<\/p>\n<p style=\"text-align: justify;\" class=\"ui-droppable\"> \tIl servizio si sviluppa sulle 12 strutture dei ricreatori dislocate sul territorio, con orario mattutino dalle 7.30 alle 14.30, fino al 5 settembre compreso, con un&#8217;unica interruzione dall&#8217;11 al 15 agosto. Il ricreatorio Padovan sar\u00e0 aperto anche nel pomeriggio, dalle 14.30 alle 19.30 e sar\u00e0 garantito presso la scuola Pertini di Melara, il Servizio di Integrazione Scolastica, nel periodo compreso tra il 16 e il 27 giugno e dal 1\u00b0 al 5 settembre, dalle ore 7.30 alle 17.30.\u00a0<\/p>\n<p style=\"text-align: justify;\" class=\"ui-droppable\"> \tL&#8217;iniziativa \u00e8 stata presentata stamane dall&#8217;assessore comunale all&#8217;Educazione, <strong>Antonella Grim<\/strong>, accanto ai rappresentanti di varie realt\u00e0 attive sul territorio, in un&#8217;ottica di integrazione e di sistema, tra cui <strong>Renato Milazzi<\/strong> per il Coni, <strong>Marcella Skabar <\/strong>per l&#8217;Associazione Nazionale Atleti Olimpici Azzurri d&#8217;Italia, <strong>Sara Sanson<\/strong> ed <strong>Elisabetta Cavazzon<\/strong> per l&#8217;Azienda Sanitaria Triestina, il Maestro <strong>Alessandro Svab<\/strong> dell&#8217;Accademia Lirica di Santa Croce, <strong>Alessandra Hagemann<\/strong>, direttore del Goethe Institut.<\/p>\n<p style=\"text-align: justify;\" class=\"ui-droppable\"> \t\u201cQuest&#8217;anno, in base alla positiva esperienza della scorsa estate e per andare incontro alle esigenze e alle richieste delle famiglie abbiamo trasformato i turni da bisettimanali a settimanali \u2013 ha spiegato l&#8217;assessore \u2013 in tutto ci saranno 11 turni settimanali di cinque giorni ciascuno. In questo modo la lista d&#8217;attesa passa a 87 richieste, rispetto alle 154 dell&#8217;anno scorso. Abbiamo assunto 49 educatrici ed educatori a tempo determinato per consentire di soddisfare e di rafforzare l&#8217;offerta. Ogni settimana \u2013 ha aggiunto Grim \u2013 sono state programmate delle uscite balneari presso i vari stabilimenti: Ausonia, bagno Sirena di Grignano, Parco Caravella di Sistiana, bagno San Rocco di Muggia e piscina del Pianeta Bambino (Pian del Grisa) con un servizio di trasporto privato dalle varie strutture. Il tutto compreso nella tariffa del servizio\u201d.\u00a0<\/p>\n<p style=\"text-align: justify;\" class=\"ui-droppable\"> \tAccanto alle attivit\u00e0 quotidiane svolte dagli educatori, all&#8217;interno delle sedi dei ricreatori saranno realizzate ulteriori iniziative:\u00a0 dallo sport alla motricit\u00e0, laboratori per la manualit\u00e0 e la didattica. Attivit\u00e0 di atletica leggera presso lo stadio Rocco, nell&#8217;ambito della Convenzione stipulata tra Coni e Comune di Trieste; con l&#8217;Associazione Nazionale Azzurri d&#8217;Italia: visite guidate alla mostra sugli Atleti Azzurri, in cui saranno illustrate le storie e relativi aneddoti dei numerosi sportivi triestini che proprio partendo dalla formazione ricevuta nei ricreatori hanno lasciato un segno nello sport diventando famosi nel mondo; con l&#8217;Azienda Sanitaria n. 1 Triestina per il progetto con Radio Magica sul tema dell&#8217;energia e del contenimento dei consumi mediante l&#8217;utilizzo di appositi rilevatori per il risparmio energetico, a cura della dottor Dragani e la realizzazione di trasmissioni radiofoniche assieme ai ragazzi; con l&#8217;Accademia Lirica di Santa Croce: l&#8217;attivit\u00e0 di canto dove tutti potranno cimentarsi, nell&#8217;ambito dell&#8217;iniziativa \u201cRagazzi&#8230;all&#8217;Opera!\u201d e che ha gi\u00e0 avuto successo nel corso\u00a0 degli anni portandola in varie citt\u00e0 italiane e presto anche all&#8217;estero; con il Goethe Institut: una positiva esperienza dalla Germania viene trasferita a Trieste, con la realizzazione di una mostra di matematica interattiva allestita al Museo di Storia Naturale e che sar\u00e0 inaugurata il 3 luglio per restare aperta tutta l&#8217;estate, fino al 10 ottobre. Il Circolo Istria organizzer\u00e0 degli incontri per far conoscere ai bambini il mondo delle api e degli apicoltori, mentre il Circolo Canottieri Saturnia svolger\u00e0 corsi di canottaggio; infine, l&#8217;associazione DaSpe Danza Spettacolo avvier\u00e0 un&#8217;attivit\u00e0 di danza moderna presso il ricreatorio Padovan, mentre l&#8217;associazione Mano Aperta avviciner\u00e0 i ragazzi all&#8217;arrampicata sportiva nella palestra attrezzata del Pala Rubini.<\/p>\n","protected":false},"excerpt":{"rendered":"<p>Oggi la presentazione<\/p>\n","protected":false},"author":28,"featured_media":14330,"comment_status":"closed","ping_status":"closed","sticky":false,"template":"","format":"standard","meta":{"dwc-title":[],"dwc-content":[],"footnotes":""},"categories":[5],"tags":[],"class_list":["post-14329","post","type-post","status-publish","format-standard","has-post-thumbnail","hentry","category-attualita"],"rttpg_featured_image_url":{"full":["https:\/\/imagazine.it\/wp-content\/uploads\/2024\/01\/6027-1.webp",360,260,false],"landscape":["https:\/\/imagazine.it\/wp-content\/uploads\/2024\/01\/6027-1.webp",360,260,false],"portraits":["https:\/\/imagazine.it\/wp-content\/uploads\/2024\/01\/6027-1.webp",360,260,false],"thumbnail":["https:\/\/imagazine.it\/wp-content\/uploads\/2024\/01\/6027-1-150x150.webp",150,150,true],"medium":["https:\/\/imagazine.it\/wp-content\/uploads\/2024\/01\/6027-1-300x217.webp",300,217,true],"large":["https:\/\/imagazine.it\/wp-content\/uploads\/2024\/01\/6027-1.webp",360,260,false],"thumblist":["https:\/\/imagazine.it\/wp-content\/uploads\/2024\/01\/6027-1.webp",300,217,false],"thumbrelated":["https:\/\/imagazine.it\/wp-content\/uploads\/2024\/01\/6027-1.webp",360,260,false],"meccarouselthumb":["https:\/\/imagazine.it\/wp-content\/uploads\/2024\/01\/6027-1.webp",360,260,false],"gridsquare":["https:\/\/imagazine.it\/wp-content\/uploads\/2024\/01\/6027-1.webp",360,260,false],"tileview":["https:\/\/imagazine.it\/wp-content\/uploads\/2024\/01\/6027-1.webp",300,217,false],"1536x1536":["https:\/\/imagazine.it\/wp-content\/uploads\/2024\/01\/6027-1.webp",360,260,false],"2048x2048":["https:\/\/imagazine.it\/wp-content\/uploads\/2024\/01\/6027-1.webp",360,260,false],"newsup-slider-full":["https:\/\/imagazine.it\/wp-content\/uploads\/2024\/01\/6027-1.webp",360,260,false],"newsup-featured":["https:\/\/imagazine.it\/wp-content\/uploads\/2024\/01\/6027-1.webp",360,260,false],"newsup-medium":["https:\/\/imagazine.it\/wp-content\/uploads\/2024\/01\/6027-1.webp",360,260,false],"tptn_thumbnail":["https:\/\/imagazine.it\/wp-content\/uploads\/2024\/01\/6027-1.webp",250,181,false],"sow-carousel-default":["https:\/\/imagazine.it\/wp-content\/uploads\/2024\/01\/6027-1-272x182.webp",272,182,true]},"rttpg_author":{"display_name":"redazione","author_link":"https:\/\/imagazine.it\/home_desk\/author\/redazione\/"},"rttpg_comment":0,"rttpg_category":"<a href=\"https:\/\/imagazine.it\/home_desk\/category\/attualita\/\" rel=\"category tag\">ATTUALIT\u00c0<\/a>","rttpg_excerpt":"Oggi la presentazione","_links":{"self":[{"href":"https:\/\/imagazine.it\/home_desk\/wp-json\/wp\/v2\/posts\/14329","targetHints":{"allow":["GET"]}}],"collection":[{"href":"https:\/\/imagazine.it\/home_desk\/wp-json\/wp\/v2\/posts"}],"about":[{"href":"https:\/\/imagazine.it\/home_desk\/wp-json\/wp\/v2\/types\/post"}],"author":[{"embeddable":true,"href":"https:\/\/imagazine.it\/home_desk\/wp-json\/wp\/v2\/users\/28"}],"replies":[{"embeddable":true,"href":"https:\/\/imagazine.it\/home_desk\/wp-json\/wp\/v2\/comments?post=14329"}],"version-history":[{"count":0,"href":"https:\/\/imagazine.it\/home_desk\/wp-json\/wp\/v2\/posts\/14329\/revisions"}],"wp:featuredmedia":[{"embeddable":true,"href":"https:\/\/imagazine.it\/home_desk\/wp-json\/wp\/v2\/media\/14330"}],"wp:attachment":[{"href":"https:\/\/imagazine.it\/home_desk\/wp-json\/wp\/v2\/media?parent=14329"}],"wp:term":[{"taxonomy":"category","embeddable":true,"href":"https:\/\/imagazine.it\/home_desk\/wp-json\/wp\/v2\/categories?post=14329"},{"taxonomy":"post_tag","embeddable":true,"href":"https:\/\/imagazine.it\/home_desk\/wp-json\/wp\/v2\/tags?post=14329"}],"curies":[{"name":"wp","href":"https:\/\/api.w.org\/{rel}","templated":true}]}}