{"id":14229,"date":"2014-06-04T00:00:00","date_gmt":"2014-06-03T23:00:00","guid":{"rendered":"https:\/\/imagazine.it\/?p=14229"},"modified":"2014-06-04T00:00:00","modified_gmt":"2014-06-03T23:00:00","slug":"perche-le-diete-fanno-ingrassare","status":"publish","type":"post","link":"https:\/\/imagazine.it\/home_desk\/perche-le-diete-fanno-ingrassare\/","title":{"rendered":"Perch\u00e9 le diete fanno ingrassare?"},"content":{"rendered":"<p style=\"text-align: justify;\" class=\"ui-droppable\"> \tFarmacie Comunali di Gorizia e Salus hanno messo a punto una nuova iniziativa di servizi al cittadino che prende avvio con un ciclo di conferenze in cui professionisti qualificati del settore medico-sanitario saranno chiamati a parlare di salute e benessere. Tutti gli incontri sono gratuiti e aperti al pubblico.<\/p>\n<p style=\"text-align: justify;\" class=\"ui-droppable\"> \tLa sinergia tra due attori del territorio che vogliono promuovere la salute e il benessere del cittadino nasce dal perseguimento di obiettivi comuni, quali portare all&#8217;attenzione dell\u2019utente i temi centrali della salute (nutrizione, diabete, ipertensione, patologie neurologiche e dermatologiche, etc.), sensibilizzarlo sull&#8217;importanza della prevenzione e offrirgli un\u2019assistenza personalizzata. Durante gli incontri, il personale specializzato delle due strutture metter\u00e0 a disposizione dell\u2019utenza la propria professionalit\u00e0 per prendersi carico di ogni esigenza e arrivare a formulare una risposta adeguata e concreta.<\/p>\n<p style=\"text-align: justify;\" class=\"ui-droppable\"> \tIl progetto, nato da un&#8217;idea della dottoressa <strong>Loredana Franchini<\/strong>, Direttore dell&#8217;Azienda Speciale<\/p>\n<p style=\"text-align: justify;\" class=\"ui-droppable\"> \tFarmaceutica di Gorizia (Farmacia di S. Andrea e di S. Anna) e condiviso dal dottor <strong>Roberto Brancati<\/strong>, Diretore di Salus, propone e sostiene &#8220;le nostre realt\u00e0 come luoghi di incontro con personale di alto profilo che opera in modalit\u00e0 interattiva garantendo agli utenti una presa in carico integrata e coordinata nella gestione della loro terapia medica. Questo vuol dire che il cittadino viene seguito e accompagnato per mano lungo tuto il percorso individuale verso la soluzione del problema&#8221;.<\/p>\n<p style=\"text-align: justify;\" class=\"ui-droppable\"> \tAd aprire il ciclo di conferenze sar\u00e0 un incontro con la dottoressa <strong>Marta Molinari<\/strong>, Biologa Nutrizionista, mercoled\u00ec 11 giugno alle ore 18 al Centro Sociale Polivalente di via Baiamonti 22 a Gorizia.<\/p>\n<p style=\"text-align: justify;\" class=\"ui-droppable\"> \tSi parler\u00e0 di alimentazione, integratori e salute. Della questione sempre attuale delle diete, del rapporto tra il nostro corpo e il cibo, della correlazione tra alimenti buoni e alimenti cattivi, delle caratteristiche e combinazioni dei grandi gruppi alimentari. In particolare, a spiegare il ruolo dei farmaci e degli integratori e l&#8217;importanza di affidarsi a un consulente specializzato, sar\u00e0 la dottoressa <strong>Elena Tuan<\/strong>, dipendente dell\u2019Azienda Speciale farmaceutica e laureanda in Biologia della Nutrizione.<\/p>\n<p style=\"text-align: justify;\" class=\"ui-droppable\"> \tPortando a Gorizia l&#8217;intervento della dottoressa Molinari, Farmacie Comunali e Salus vogliono educare l&#8217;utente a un approccio corretto alle diete, offrendo una consapevolezza alimentare che lo aiuti a compiere le giuste scelte quando assume una terapia farmacologica e anche quando ha terminato il periodo di dieta.<\/p>\n<p style=\"text-align: justify;\" class=\"ui-droppable\"> \t\u201cSul tema &#8216;diete&#8217; \u00a0e alimentazione \u2013 precisa la dottoressa Molinari \u2013 si trova troppa informazione, si dice tutto e il contrario di tutto. \u00c8 molto difficile per le persone capire a chi dare fiducia, che cosa \u00e8 vero, che cosa non lo \u00e8, cosa potrebbe addirittura fare male. Lo scopo di questa conferenza e delle successive \u00e8 soprattutto quello di fare chiarezza, dare informazioni precise e chiare, affinch\u00e9 siano da subito utilizzabili in maniera corretta.\u201d<\/p>\n<p style=\"text-align: justify;\" class=\"ui-droppable\"> \tAl termine della conferenza, la nutrizionista sar\u00e0 a disposizione delle persone interessate ad approfondire l\u2019argomento, per un appuntamento o una consulenza. Il ciclo di incontri proseguir\u00e0 con ulteriori approfondimenti su altre tematiche legate alla salute dei cittadini quali, dermatiti (e tutto ci\u00f2 che fa capo alla dermatologia) cefalea, riabilitazione neurologica, intolleranze alimentari, diabete). In via di definizione il programma dettagliato con i prossimi appuntamenti e orari.<\/p>\n","protected":false},"excerpt":{"rendered":"<p>A Gorizia incontro pubblico sul tema<\/p>\n","protected":false},"author":28,"featured_media":14230,"comment_status":"closed","ping_status":"closed","sticky":false,"template":"","format":"standard","meta":{"dwc-title":[],"dwc-content":[],"footnotes":""},"categories":[6],"tags":[],"class_list":["post-14229","post","type-post","status-publish","format-standard","has-post-thumbnail","hentry","category-societa"],"rttpg_featured_image_url":{"full":["https:\/\/imagazine.it\/wp-content\/uploads\/2024\/01\/5864-1.webp",390,260,false],"landscape":["https:\/\/imagazine.it\/wp-content\/uploads\/2024\/01\/5864-1.webp",390,260,false],"portraits":["https:\/\/imagazine.it\/wp-content\/uploads\/2024\/01\/5864-1.webp",390,260,false],"thumbnail":["https:\/\/imagazine.it\/wp-content\/uploads\/2024\/01\/5864-1-150x150.webp",150,150,true],"medium":["https:\/\/imagazine.it\/wp-content\/uploads\/2024\/01\/5864-1-300x200.webp",300,200,true],"large":["https:\/\/imagazine.it\/wp-content\/uploads\/2024\/01\/5864-1.webp",390,260,false],"thumblist":["https:\/\/imagazine.it\/wp-content\/uploads\/2024\/01\/5864-1.webp",300,200,false],"thumbrelated":["https:\/\/imagazine.it\/wp-content\/uploads\/2024\/01\/5864-1.webp",390,260,false],"meccarouselthumb":["https:\/\/imagazine.it\/wp-content\/uploads\/2024\/01\/5864-1.webp",390,260,false],"gridsquare":["https:\/\/imagazine.it\/wp-content\/uploads\/2024\/01\/5864-1.webp",390,260,false],"tileview":["https:\/\/imagazine.it\/wp-content\/uploads\/2024\/01\/5864-1.webp",300,200,false],"1536x1536":["https:\/\/imagazine.it\/wp-content\/uploads\/2024\/01\/5864-1.webp",390,260,false],"2048x2048":["https:\/\/imagazine.it\/wp-content\/uploads\/2024\/01\/5864-1.webp",390,260,false],"newsup-slider-full":["https:\/\/imagazine.it\/wp-content\/uploads\/2024\/01\/5864-1.webp",390,260,false],"newsup-featured":["https:\/\/imagazine.it\/wp-content\/uploads\/2024\/01\/5864-1.webp",390,260,false],"newsup-medium":["https:\/\/imagazine.it\/wp-content\/uploads\/2024\/01\/5864-1.webp",390,260,false],"tptn_thumbnail":["https:\/\/imagazine.it\/wp-content\/uploads\/2024\/01\/5864-1.webp",250,167,false],"sow-carousel-default":["https:\/\/imagazine.it\/wp-content\/uploads\/2024\/01\/5864-1-272x182.webp",272,182,true]},"rttpg_author":{"display_name":"redazione","author_link":"https:\/\/imagazine.it\/home_desk\/author\/redazione\/"},"rttpg_comment":0,"rttpg_category":"<a href=\"https:\/\/imagazine.it\/home_desk\/category\/societa\/\" rel=\"category tag\">SOCIET\u00c0<\/a>","rttpg_excerpt":"A Gorizia incontro pubblico sul tema","_links":{"self":[{"href":"https:\/\/imagazine.it\/home_desk\/wp-json\/wp\/v2\/posts\/14229","targetHints":{"allow":["GET"]}}],"collection":[{"href":"https:\/\/imagazine.it\/home_desk\/wp-json\/wp\/v2\/posts"}],"about":[{"href":"https:\/\/imagazine.it\/home_desk\/wp-json\/wp\/v2\/types\/post"}],"author":[{"embeddable":true,"href":"https:\/\/imagazine.it\/home_desk\/wp-json\/wp\/v2\/users\/28"}],"replies":[{"embeddable":true,"href":"https:\/\/imagazine.it\/home_desk\/wp-json\/wp\/v2\/comments?post=14229"}],"version-history":[{"count":0,"href":"https:\/\/imagazine.it\/home_desk\/wp-json\/wp\/v2\/posts\/14229\/revisions"}],"wp:featuredmedia":[{"embeddable":true,"href":"https:\/\/imagazine.it\/home_desk\/wp-json\/wp\/v2\/media\/14230"}],"wp:attachment":[{"href":"https:\/\/imagazine.it\/home_desk\/wp-json\/wp\/v2\/media?parent=14229"}],"wp:term":[{"taxonomy":"category","embeddable":true,"href":"https:\/\/imagazine.it\/home_desk\/wp-json\/wp\/v2\/categories?post=14229"},{"taxonomy":"post_tag","embeddable":true,"href":"https:\/\/imagazine.it\/home_desk\/wp-json\/wp\/v2\/tags?post=14229"}],"curies":[{"name":"wp","href":"https:\/\/api.w.org\/{rel}","templated":true}]}}