{"id":14221,"date":"2014-06-03T00:00:00","date_gmt":"2014-06-02T23:00:00","guid":{"rendered":"https:\/\/imagazine.it\/?p=14221"},"modified":"2014-06-03T00:00:00","modified_gmt":"2014-06-02T23:00:00","slug":"coro-italia-che-musica","status":"publish","type":"post","link":"https:\/\/imagazine.it\/home_desk\/coro-italia-che-musica\/","title":{"rendered":"Coro Italia, che musica!"},"content":{"rendered":"<p style=\"text-align: justify;\" class=\"ui-droppable\"> \tIl Coro Giovanile Italiano della federazione nazionale dei cori italiani FENIARCO ha sbaragliato la concorrenza di formazioni provenienti da tutto il mondo con una grande vittoria al prestigioso concorso internazionale Floril\u00e8ge Vocal di Tours in Francia.<\/p>\n<p style=\"text-align: justify;\" class=\"ui-droppable\"> \tLa competizione fa parte della rete europea di concorsi internazionali corali del Grand Prix ed \u00e8 quindi una delle maggiori vetrine mondiali della coralit\u00e0 di alto livello. Il Coro Giovanile Italiano ha vinto i primi premi nelle categorie principali a programma obbligato, libero e rinascimentale, conquistando inoltre il premio speciale per la migliore interpretazione di un brano del compositore francese Thierry Machuel. La giuria internazionale di esperti, formata da alcuni dei direttori e compositori di riferimento nel campo della musica corale e da rappresentanti della coralit\u00e0 francese e del Ministero della cultura (<strong>Brady Allred<\/strong>, <strong>Reijo Kekkonen<\/strong>, <strong>Ko Matsushita<\/strong>, <strong>Sofia S\u00f6derberg<\/strong> <strong>Eberhard<\/strong>, <strong>Fran\u00e7ois Bazola<\/strong>, <strong>Thierry Machuel<\/strong>, <strong>Alain Surrans<\/strong> e <strong>Ferdinand Ta-Ming Ting<\/strong>) hanno premiato le esibizioni del coro nazionale italiano per l\u2019eccellenza della preparazione tecnica, la presentazione e l\u2019interpretazione dei brani, la qualit\u00e0 del suono, la forte personalit\u00e0, in particolar modo per la capacit\u00e0 comunicativa e l\u2019intensit\u00e0 di tutte le esecuzioni.<\/p>\n<p style=\"text-align: justify;\" class=\"ui-droppable\"> \tIl CGI \u00e8 stato preparato e diretto da <strong>Lorenzo Donati<\/strong> e <strong>Dario Tabbia<\/strong> e riunisce coristi provenienti da ogni parte d\u2019Italia. La partecipazione e la vittoria al concorso di Tours \u00e8 stato il coronamento del triennio affidato ai due affermati direttori italiani, che hanno confermato con questo risultato la loro consolidata esperienza. Il livello del concorso di quest\u2019anno \u00e8 stato molto alto, con la partecipazione di cori provenienti da Stati Uniti, Indonesia, Irlanda, Belgio, Austria, Ucraina e Lettonia.<\/p>\n<p style=\"text-align: justify;\" class=\"ui-droppable\"> \tIl Coro Giovanile Italiano ha ottenuto questo risultato alla sua prima partecipazione a un concorso internazionale e la vittoria riflette un cambiamento fondamentale nell\u2019approccio dei cori italiani agli altissimi standard esecutivi delle competizioni internazionali e rappresenta una fondamentale e concreta conferma dei grandi passi in avanti fatti dalla coralit\u00e0 italiana e della sua riconoscibilit\u00e0 a livello mondiale. Dall\u2019autunno di quest\u2019anno il coro nazionale della FENIARCO inizier\u00e0 un nuovo percorso di studio per il prossimo progetto, affidato al norvegese <strong>Ragnar Rasmussen<\/strong> e all\u2019italiana <strong>Roberta Paraninfo<\/strong>.<\/p>\n","protected":false},"excerpt":{"rendered":"<p>Alla rassegna internazionale di Tours<\/p>\n","protected":false},"author":28,"featured_media":14222,"comment_status":"closed","ping_status":"closed","sticky":false,"template":"","format":"standard","meta":{"dwc-title":[],"dwc-content":[],"footnotes":""},"categories":[37],"tags":[],"class_list":["post-14221","post","type-post","status-publish","format-standard","has-post-thumbnail","hentry","category-cultura-e-spettacolo"],"rttpg_featured_image_url":{"full":["https:\/\/imagazine.it\/wp-content\/uploads\/2024\/01\/5674-1.webp",425,319,false],"landscape":["https:\/\/imagazine.it\/wp-content\/uploads\/2024\/01\/5674-1.webp",425,319,false],"portraits":["https:\/\/imagazine.it\/wp-content\/uploads\/2024\/01\/5674-1.webp",425,319,false],"thumbnail":["https:\/\/imagazine.it\/wp-content\/uploads\/2024\/01\/5674-1-150x150.webp",150,150,true],"medium":["https:\/\/imagazine.it\/wp-content\/uploads\/2024\/01\/5674-1-300x225.webp",300,225,true],"large":["https:\/\/imagazine.it\/wp-content\/uploads\/2024\/01\/5674-1.webp",425,319,false],"thumblist":["https:\/\/imagazine.it\/wp-content\/uploads\/2024\/01\/5674-1.webp",300,225,false],"thumbrelated":["https:\/\/imagazine.it\/wp-content\/uploads\/2024\/01\/5674-1.webp",425,319,false],"meccarouselthumb":["https:\/\/imagazine.it\/wp-content\/uploads\/2024\/01\/5674-1.webp",425,319,false],"gridsquare":["https:\/\/imagazine.it\/wp-content\/uploads\/2024\/01\/5674-1.webp",346,260,false],"tileview":["https:\/\/imagazine.it\/wp-content\/uploads\/2024\/01\/5674-1.webp",300,225,false],"1536x1536":["https:\/\/imagazine.it\/wp-content\/uploads\/2024\/01\/5674-1.webp",425,319,false],"2048x2048":["https:\/\/imagazine.it\/wp-content\/uploads\/2024\/01\/5674-1.webp",425,319,false],"newsup-slider-full":["https:\/\/imagazine.it\/wp-content\/uploads\/2024\/01\/5674-1.webp",425,319,false],"newsup-featured":["https:\/\/imagazine.it\/wp-content\/uploads\/2024\/01\/5674-1.webp",425,319,false],"newsup-medium":["https:\/\/imagazine.it\/wp-content\/uploads\/2024\/01\/5674-1.webp",425,319,false],"tptn_thumbnail":["https:\/\/imagazine.it\/wp-content\/uploads\/2024\/01\/5674-1.webp",250,188,false],"sow-carousel-default":["https:\/\/imagazine.it\/wp-content\/uploads\/2024\/01\/5674-1-272x182.webp",272,182,true]},"rttpg_author":{"display_name":"redazione","author_link":"https:\/\/imagazine.it\/home_desk\/author\/redazione\/"},"rttpg_comment":0,"rttpg_category":"<a href=\"https:\/\/imagazine.it\/home_desk\/category\/cultura-e-spettacolo\/\" rel=\"category tag\">CULTURA&amp;SPETTACOLO<\/a>","rttpg_excerpt":"Alla rassegna internazionale di Tours","_links":{"self":[{"href":"https:\/\/imagazine.it\/home_desk\/wp-json\/wp\/v2\/posts\/14221","targetHints":{"allow":["GET"]}}],"collection":[{"href":"https:\/\/imagazine.it\/home_desk\/wp-json\/wp\/v2\/posts"}],"about":[{"href":"https:\/\/imagazine.it\/home_desk\/wp-json\/wp\/v2\/types\/post"}],"author":[{"embeddable":true,"href":"https:\/\/imagazine.it\/home_desk\/wp-json\/wp\/v2\/users\/28"}],"replies":[{"embeddable":true,"href":"https:\/\/imagazine.it\/home_desk\/wp-json\/wp\/v2\/comments?post=14221"}],"version-history":[{"count":0,"href":"https:\/\/imagazine.it\/home_desk\/wp-json\/wp\/v2\/posts\/14221\/revisions"}],"wp:featuredmedia":[{"embeddable":true,"href":"https:\/\/imagazine.it\/home_desk\/wp-json\/wp\/v2\/media\/14222"}],"wp:attachment":[{"href":"https:\/\/imagazine.it\/home_desk\/wp-json\/wp\/v2\/media?parent=14221"}],"wp:term":[{"taxonomy":"category","embeddable":true,"href":"https:\/\/imagazine.it\/home_desk\/wp-json\/wp\/v2\/categories?post=14221"},{"taxonomy":"post_tag","embeddable":true,"href":"https:\/\/imagazine.it\/home_desk\/wp-json\/wp\/v2\/tags?post=14221"}],"curies":[{"name":"wp","href":"https:\/\/api.w.org\/{rel}","templated":true}]}}