{"id":14154,"date":"2014-05-26T00:00:00","date_gmt":"2014-05-25T23:00:00","guid":{"rendered":"https:\/\/imagazine.it\/?p=14154"},"modified":"2014-05-26T00:00:00","modified_gmt":"2014-05-25T23:00:00","slug":"a-trieste-i-giovani-attori-deuropa","status":"publish","type":"post","link":"https:\/\/imagazine.it\/home_desk\/a-trieste-i-giovani-attori-deuropa\/","title":{"rendered":"A Trieste i giovani attori d&#8217;Europa"},"content":{"rendered":"<p style=\"text-align: justify;\" class=\"ui-droppable\"> \tA Trieste prende il via il TACT, il primo festival europeo di teatro giovane del FVG, che animer\u00e0 la citta da domani fino a sabato.<\/p>\n<p style=\"text-align: justify;\" class=\"ui-droppable\"> \tOrganizzato dal CUTrieste (Centro Universitario Teatrale), il TACT ha il patrocinio del festival Crearc di Grenoble (che gestisce la rete di Jeune Theatre Europeen e dell&#8217;International University Theatre Association), ed \u00e8 finanziato per il 50% dalla Regione, in coooperazione con l&#8217;Area Educazione, Universit\u00e0, Ricerca, Cultura e Sport del Comune, si avvale inoltre della collaborazione di associazioni appartenenti alla \u201cCasa dei Teatri\u201d e del patrocinio dell&#8217;Universit\u00e0 di Trieste.<\/p>\n<p style=\"text-align: justify;\" class=\"ui-droppable\"> \tL&#8217;iniziativa \u00e8 stata presentata dai rappresentanti del CUT: il presidente <strong>Marco Palazzoni<\/strong> con <strong>Elena Delithanassis<\/strong>, <strong>Valentina Milan<\/strong> (Compagnia Petit Soleil), alla presenza del sindaco <strong>Roberto Cosolini<\/strong> e dell&#8217;assessore all&#8217;Educazione, <strong>Antonella Grim<\/strong>, dell&#8217;assessore provinciale <strong>Roberta Tarlao<\/strong>, del consigliere <strong>Giovanni Barbo<\/strong>, del direttore artistico del CUT (nonch\u00e9 regista e fondatore della Compagnia Petit Soleil) <strong>Aldo Vivoda<\/strong>, e di <strong>Leopold Garnier<\/strong> (festival Grenoble).<\/p>\n<p style=\"text-align: justify;\" class=\"ui-droppable\"> \tPer cinque giorni Trieste diventer\u00e0 &#8216;polo teatrale&#8217;, con dieci gruppi provenienti da tutta Europa: ogni giorno, dalle 10 alle 13, sono previsti dodici workshop intesi come baratto di tecniche teatrali tra le diverse compagnie presenti, che si svolgeranno in alcuni spazi messi a disposizione dall\u2019Universit\u00e0 degli Studi di Trieste, dal Magazzino delle Idee (messo a disposizione dalla Provincia) e dal Polo di Aggregazione Giovanile Toti, che ancora una volta si apre ai giovani e alla loro arte, dando continuit\u00e0 agli interventi a sostegno delle politiche giovanili della citt\u00e0. Le serate, invece, a partire dalle 18, saranno dedicate alla rassegna teatrale che si svolger\u00e0 presso il Teatro Silvio Pellico di Trieste e che prevede undici spettacoli con ingresso libero.<\/p>\n<p style=\"text-align: justify;\" class=\"ui-droppable\"> \tDomani sar\u00e0 protagonista proprio il CUTrieste con lo spettacolo Marat-Sade; la regia di Aldo Vivoda, aiuto regia e coreografie di Valentina Milan.\u00a0<\/p>\n","protected":false},"excerpt":{"rendered":"<p>Presentato il Festival TACT<\/p>\n","protected":false},"author":28,"featured_media":14155,"comment_status":"closed","ping_status":"closed","sticky":false,"template":"","format":"standard","meta":{"dwc-title":[],"dwc-content":[],"footnotes":""},"categories":[37],"tags":[],"class_list":["post-14154","post","type-post","status-publish","format-standard","has-post-thumbnail","hentry","category-cultura-e-spettacolo"],"rttpg_featured_image_url":{"full":["https:\/\/imagazine.it\/wp-content\/uploads\/2024\/01\/5583-1.webp",436,260,false],"landscape":["https:\/\/imagazine.it\/wp-content\/uploads\/2024\/01\/5583-1.webp",436,260,false],"portraits":["https:\/\/imagazine.it\/wp-content\/uploads\/2024\/01\/5583-1.webp",436,260,false],"thumbnail":["https:\/\/imagazine.it\/wp-content\/uploads\/2024\/01\/5583-1-150x150.webp",150,150,true],"medium":["https:\/\/imagazine.it\/wp-content\/uploads\/2024\/01\/5583-1-300x179.webp",300,179,true],"large":["https:\/\/imagazine.it\/wp-content\/uploads\/2024\/01\/5583-1.webp",436,260,false],"thumblist":["https:\/\/imagazine.it\/wp-content\/uploads\/2024\/01\/5583-1.webp",300,179,false],"thumbrelated":["https:\/\/imagazine.it\/wp-content\/uploads\/2024\/01\/5583-1.webp",436,260,false],"meccarouselthumb":["https:\/\/imagazine.it\/wp-content\/uploads\/2024\/01\/5583-1.webp",436,260,false],"gridsquare":["https:\/\/imagazine.it\/wp-content\/uploads\/2024\/01\/5583-1.webp",391,233,false],"tileview":["https:\/\/imagazine.it\/wp-content\/uploads\/2024\/01\/5583-1.webp",300,179,false],"1536x1536":["https:\/\/imagazine.it\/wp-content\/uploads\/2024\/01\/5583-1.webp",436,260,false],"2048x2048":["https:\/\/imagazine.it\/wp-content\/uploads\/2024\/01\/5583-1.webp",436,260,false],"newsup-slider-full":["https:\/\/imagazine.it\/wp-content\/uploads\/2024\/01\/5583-1.webp",436,260,false],"newsup-featured":["https:\/\/imagazine.it\/wp-content\/uploads\/2024\/01\/5583-1.webp",436,260,false],"newsup-medium":["https:\/\/imagazine.it\/wp-content\/uploads\/2024\/01\/5583-1.webp",436,260,false],"tptn_thumbnail":["https:\/\/imagazine.it\/wp-content\/uploads\/2024\/01\/5583-1.webp",250,149,false],"sow-carousel-default":["https:\/\/imagazine.it\/wp-content\/uploads\/2024\/01\/5583-1-272x182.webp",272,182,true]},"rttpg_author":{"display_name":"redazione","author_link":"https:\/\/imagazine.it\/home_desk\/author\/redazione\/"},"rttpg_comment":0,"rttpg_category":"<a href=\"https:\/\/imagazine.it\/home_desk\/category\/cultura-e-spettacolo\/\" rel=\"category tag\">CULTURA&amp;SPETTACOLO<\/a>","rttpg_excerpt":"Presentato il Festival TACT","_links":{"self":[{"href":"https:\/\/imagazine.it\/home_desk\/wp-json\/wp\/v2\/posts\/14154","targetHints":{"allow":["GET"]}}],"collection":[{"href":"https:\/\/imagazine.it\/home_desk\/wp-json\/wp\/v2\/posts"}],"about":[{"href":"https:\/\/imagazine.it\/home_desk\/wp-json\/wp\/v2\/types\/post"}],"author":[{"embeddable":true,"href":"https:\/\/imagazine.it\/home_desk\/wp-json\/wp\/v2\/users\/28"}],"replies":[{"embeddable":true,"href":"https:\/\/imagazine.it\/home_desk\/wp-json\/wp\/v2\/comments?post=14154"}],"version-history":[{"count":0,"href":"https:\/\/imagazine.it\/home_desk\/wp-json\/wp\/v2\/posts\/14154\/revisions"}],"wp:featuredmedia":[{"embeddable":true,"href":"https:\/\/imagazine.it\/home_desk\/wp-json\/wp\/v2\/media\/14155"}],"wp:attachment":[{"href":"https:\/\/imagazine.it\/home_desk\/wp-json\/wp\/v2\/media?parent=14154"}],"wp:term":[{"taxonomy":"category","embeddable":true,"href":"https:\/\/imagazine.it\/home_desk\/wp-json\/wp\/v2\/categories?post=14154"},{"taxonomy":"post_tag","embeddable":true,"href":"https:\/\/imagazine.it\/home_desk\/wp-json\/wp\/v2\/tags?post=14154"}],"curies":[{"name":"wp","href":"https:\/\/api.w.org\/{rel}","templated":true}]}}