{"id":14146,"date":"2014-05-23T00:00:00","date_gmt":"2014-05-22T23:00:00","guid":{"rendered":"https:\/\/imagazine.it\/?p=14146"},"modified":"2014-05-23T00:00:00","modified_gmt":"2014-05-22T23:00:00","slug":"marco-cavallo-per-la-prima-volta-a-gorizia","status":"publish","type":"post","link":"https:\/\/imagazine.it\/home_desk\/marco-cavallo-per-la-prima-volta-a-gorizia\/","title":{"rendered":"Marco Cavallo per la prima volta a Gorizia"},"content":{"rendered":"<p class=\"ui-droppable\" style=\"text-align: justify;\"> \tUn momento che passer\u00e0 alla storia quello in programma mercoled\u00ec 28 maggio a partire dalle ore 17 (e per tutto il pomeriggio) a Gorizia, quando <strong>Marco Cavallo<\/strong> arriver\u00e0 nel capoluogo isontino: per la prima volta e dopo mezzo secolo dall&#39;avvio di quella che viene considerata una vera e propria rivoluzione.\u00a0<\/p>\n<\/p>\n<p class=\"ui-droppable\" style=\"text-align: justify;\"> \tStoria della libert\u00e0 riconquistata dagli internati e della possibilit\u00e0 che le persone hanno di realizzare i propri desideri,\u00a0Marco Cavallo \u00e8 il grande cavallo azzurro di cartapesta (alto quasi 4 metri)\u00a0che nel 1973 a Trieste ruppe i muri del manicomio di San Giovanni dando il via all&#39;inarrestabile processo di cambiamento, iniziato proprio a Gorizia negli anni &#39;60, e alla Legge 180: forse l&#39;unica riforma del secolo scorso che ha radicalmente cambiato la prospettiva di vita di queste persone come ricord\u00f2 Norberto Bobbio.\u00a0<\/p>\n<p class=\"ui-droppable\" style=\"text-align: justify;\"> \tUn inizio di esperienza, quella goriziana, avviatasi nel novembre del 1961, che per\u00f2, forse perch\u00e9 troppo avanzata per quei tempi, alla fine di quel decennio venne bloccata e, prima Franco Basaglia, poi tutta la sua \u00e9quipe lasciarono Gorizia. Da qui furono avviati percorsi di deistituzionalizzazione in molte citt\u00e0 italiane tra le quali Genova, Ferrara, Arezzo e Trieste dove l&#39;esperienza continu\u00f2 con lo stesso Basaglia. Da quando questo inizio goriziano si concluse, per 30 anni non \u00e8 pi\u00f9 accaduto nulla. Il nome di Basaglia e di quella storia che ha girato il mondo sembrava essere stato cancellato. Invece, da circa dieci anni, la citt\u00e0, operatori motivati e molti giovani stanno rintracciando i segni di quella straordinaria esperienza. Servizi pi\u00f9 attenti si sono aperti, possibilit\u00e0 insperate sono a portata di mano. Non solo visitatori a ritrovare i segni di quella rivoluzione, ma anche finalmente cittadini a godere di quei cambiamenti. E Marco Cavallo, che non era mai riuscito ad arrivare a Gorizia, adesso ce la far\u00e0.<\/p>\n<p class=\"ui-droppable\" style=\"text-align: justify;\"> \t&#8220;<em>Poter ospitare\u00a0 Marco Cavallo\u00a0a Gorizia per noi \u00e8 un sogno che\u00a0 finalmente si realizza<\/em>\u00a0&#8211;\u00a0<strong>sottolinea<\/strong>\u00a0<strong>Franco Perazza, Direttore DSM-CSM Alto Isontino\u00a0<\/strong>-.<em>Rappresenta la possibilit\u00e0 di riannodare il filo di una storia\u00a0 che qualcuno ha cercato di interrompere, ma che di fatto rester\u00e0 sempre intrinsecamente unita. Senza Gorizia non ci sarebbe stata Trieste; senza Trieste non si sarebbe potuto realizzare compiutamente ci\u00f2 che a Gorizia aveva avuto inizio<\/em>&#8220;.<\/p>\n<p class=\"ui-droppable\" style=\"text-align: justify;\"> \t<strong>L\u2019appuntamento con Marco Cavallo \u00e8 alle ore 17 al Parco Basaglia<\/strong>\u00a0da dove partir\u00e0 una passeggiata fino al cuore della citt\u00e0 insieme al grande cavallo azzurro che sar\u00e0 accompagnato da tutti i cittadini che vorranno unirsi alla festa e dalle musiche dei Free Tones.<\/p>\n<p class=\"ui-droppable\" style=\"text-align: justify;\"> \tDopo una\u00a0<strong>sosta davanti al Tribunale<\/strong>, dove Marco Cavallo, racconter\u00e0, grazie alla voce del\u00a0poeta<strong> Giovanni Fierro<\/strong>, del suo recente viaggio attraverso l&#39;Italia per oltre 4.000 km per chiedere la chiusura degli Ospedali Psichiatrici Giudiziari (OPG), alle ore 18.30 circa transiter\u00e0\u00a0<strong>davanti al Municipio<\/strong>. Qui gli attori delle compagnie\u00a0<em>Se i no xe mati no li volemo<\/em>\u00a0e\u00a0<em>Senza Soldi\u00a0<\/em>con\u00a0<strong>Donato Acampora<\/strong>\u00a0daranno vita al\u00a0<strong><em>Dialogo di Marco Cavallo e il Sindaco<\/em><\/strong>.<\/p>\n<p class=\"ui-droppable\" style=\"text-align: justify;\"> \tLa passeggiata si concluder\u00e0\u00a0<strong>alle ore 19 in Corso Verdi alla Libreria Ubik\u00a0<\/strong>dove, alla stessa ora, si terr\u00e0 la presentazione dell\u2019intera<strong><em>\u00a0collana editoriale 180 &#8211; Archivio critico della salute mentale<\/em><\/strong>. Le\u00a0<strong>letture di Gabriella Gabrielli<\/strong>\u00a0accompagneranno gli interventi di <strong>Peppe Dell\u2019Acqua<\/strong>, direttore della Collana 180 &#8211; Archivio critico della salute mentale, di\u00a0<strong>Franco Perazza<\/strong>\u00a0e\u00a0<strong>Pierpaolo Mazzuia<\/strong>\u00a0rispettivamente direttore DSM-CSM Alto Isontino e direttore CSM Basso Isontino, dell&#39;<strong>Assessore provinciale Ilaria Cecot<\/strong>, delle autrici\u00a0<strong>Silva Bon e Izabel Marin<\/strong>, di\u00a0<strong>Anna Di Gianantonio\u00a0<\/strong>e di\u00a0<strong>Nereo Battello<\/strong>. Una collana che percorre la vasta rete delle buone pratiche, incontra la storia del cambiamento delle singole persone e racconta, attraverso narrazioni adatte a tutti, le straordinarie imprese sociali che si sono sviluppate intorno alla questione psichiatrica con la volont\u00e0 di sviluppare un \u201cpensiero critico\u201d, soprattutto tra i pi\u00f9 giovani: una grande sfida culturale messa in campo dalle\u00a0<strong>Edizioni alphabeta Verlag di Merano<\/strong>\u00a0e dal suo direttore Aldo Mazza, grazie all&#39;impegno di Peppe Dell&#39;Acqua, che lavor\u00f2 fianco fianco a Franco Basaglia e che, per il suo impegno di oltre 40 anni nel campo della deistituzionalizzazione, ha ottenuto il Premio Nonino 2014.<\/p>\n<p class=\"ui-droppable\" style=\"text-align: justify;\"> \tL&#39;iniziativa \u00e8 promossa da Edizioni alphabeta Verlag con la sua Collana 180 &#8211; Archivio critico della salute mentale e dal Dipartimento di Salute Mentale\u00a0 \u2013 Ass.2 Isontina, in collaborazione con il Gruppo Amici del Parco Basaglia, Urasam FVG e la Libreria Ubik, con il patrocinio del Comune di Gorizia, dell&#39;ASS 2 Isontina e della Provincia di Gorizia.<\/p>\n","protected":false},"excerpt":{"rendered":"<p>Mercoled\u00ec prossimo lo storico evento<\/p>\n","protected":false},"author":28,"featured_media":14147,"comment_status":"closed","ping_status":"closed","sticky":false,"template":"","format":"standard","meta":{"dwc-title":[],"dwc-content":[],"footnotes":""},"categories":[5],"tags":[],"class_list":["post-14146","post","type-post","status-publish","format-standard","has-post-thumbnail","hentry","category-attualita"],"rttpg_featured_image_url":{"full":["https:\/\/imagazine.it\/wp-content\/uploads\/2024\/01\/5545-1.webp",350,263,false],"landscape":["https:\/\/imagazine.it\/wp-content\/uploads\/2024\/01\/5545-1.webp",350,263,false],"portraits":["https:\/\/imagazine.it\/wp-content\/uploads\/2024\/01\/5545-1.webp",350,263,false],"thumbnail":["https:\/\/imagazine.it\/wp-content\/uploads\/2024\/01\/5545-1-150x150.webp",150,150,true],"medium":["https:\/\/imagazine.it\/wp-content\/uploads\/2024\/01\/5545-1-300x225.webp",300,225,true],"large":["https:\/\/imagazine.it\/wp-content\/uploads\/2024\/01\/5545-1.webp",350,263,false],"thumblist":["https:\/\/imagazine.it\/wp-content\/uploads\/2024\/01\/5545-1.webp",300,225,false],"thumbrelated":["https:\/\/imagazine.it\/wp-content\/uploads\/2024\/01\/5545-1.webp",350,263,false],"meccarouselthumb":["https:\/\/imagazine.it\/wp-content\/uploads\/2024\/01\/5545-1.webp",350,263,false],"gridsquare":["https:\/\/imagazine.it\/wp-content\/uploads\/2024\/01\/5545-1.webp",346,260,false],"tileview":["https:\/\/imagazine.it\/wp-content\/uploads\/2024\/01\/5545-1.webp",300,225,false],"1536x1536":["https:\/\/imagazine.it\/wp-content\/uploads\/2024\/01\/5545-1.webp",350,263,false],"2048x2048":["https:\/\/imagazine.it\/wp-content\/uploads\/2024\/01\/5545-1.webp",350,263,false],"newsup-slider-full":["https:\/\/imagazine.it\/wp-content\/uploads\/2024\/01\/5545-1.webp",350,263,false],"newsup-featured":["https:\/\/imagazine.it\/wp-content\/uploads\/2024\/01\/5545-1.webp",350,263,false],"newsup-medium":["https:\/\/imagazine.it\/wp-content\/uploads\/2024\/01\/5545-1.webp",350,263,false],"tptn_thumbnail":["https:\/\/imagazine.it\/wp-content\/uploads\/2024\/01\/5545-1.webp",250,188,false],"sow-carousel-default":["https:\/\/imagazine.it\/wp-content\/uploads\/2024\/01\/5545-1-272x182.webp",272,182,true]},"rttpg_author":{"display_name":"redazione","author_link":"https:\/\/imagazine.it\/home_desk\/author\/redazione\/"},"rttpg_comment":0,"rttpg_category":"<a href=\"https:\/\/imagazine.it\/home_desk\/category\/attualita\/\" rel=\"category tag\">ATTUALIT\u00c0<\/a>","rttpg_excerpt":"Mercoled\u00ec prossimo lo storico evento","_links":{"self":[{"href":"https:\/\/imagazine.it\/home_desk\/wp-json\/wp\/v2\/posts\/14146","targetHints":{"allow":["GET"]}}],"collection":[{"href":"https:\/\/imagazine.it\/home_desk\/wp-json\/wp\/v2\/posts"}],"about":[{"href":"https:\/\/imagazine.it\/home_desk\/wp-json\/wp\/v2\/types\/post"}],"author":[{"embeddable":true,"href":"https:\/\/imagazine.it\/home_desk\/wp-json\/wp\/v2\/users\/28"}],"replies":[{"embeddable":true,"href":"https:\/\/imagazine.it\/home_desk\/wp-json\/wp\/v2\/comments?post=14146"}],"version-history":[{"count":0,"href":"https:\/\/imagazine.it\/home_desk\/wp-json\/wp\/v2\/posts\/14146\/revisions"}],"wp:featuredmedia":[{"embeddable":true,"href":"https:\/\/imagazine.it\/home_desk\/wp-json\/wp\/v2\/media\/14147"}],"wp:attachment":[{"href":"https:\/\/imagazine.it\/home_desk\/wp-json\/wp\/v2\/media?parent=14146"}],"wp:term":[{"taxonomy":"category","embeddable":true,"href":"https:\/\/imagazine.it\/home_desk\/wp-json\/wp\/v2\/categories?post=14146"},{"taxonomy":"post_tag","embeddable":true,"href":"https:\/\/imagazine.it\/home_desk\/wp-json\/wp\/v2\/tags?post=14146"}],"curies":[{"name":"wp","href":"https:\/\/api.w.org\/{rel}","templated":true}]}}