{"id":14086,"date":"2014-05-16T00:00:00","date_gmt":"2014-05-15T23:00:00","guid":{"rendered":"https:\/\/imagazine.it\/?p=14086"},"modified":"2014-05-16T00:00:00","modified_gmt":"2014-05-15T23:00:00","slug":"trieste-da-voce-ai-ricreatori","status":"publish","type":"post","link":"https:\/\/imagazine.it\/home_desk\/trieste-da-voce-ai-ricreatori\/","title":{"rendered":"Trieste d\u00e0 voce ai Ricreatori"},"content":{"rendered":"<p style=\"text-align: justify;\" class=\"ui-droppable\"> \tAnche quest&#8217;anno l&#8217;Area Educazione Universit\u00e0 Ricerca Cultura e Sport del Comune di Trieste organizza la manifestazione <em>\u201cRicre in scena \u201c edizione 2014<\/em>, una kermesse di proposte espressive elaborate nell\u2019ambito del progetto educativo del servizio ricreatori. Un percorso variegato, ricco di linguaggi e forme artistiche, alla scoperta, alla conoscenza e allo sviluppo della sensibilit\u00e0 espressiva.<\/p>\n<p style=\"text-align: justify;\" class=\"ui-droppable\"> \tLa rassegna teatrale ha preso il via al Teatro La Contrada, al Ricreatorio Cobolli e al Teatro\u00a0\u00a0 del Polo di Aggregazione Giovanile Toti di Via del Castello e del ricreatorio Anna Frank. Il prossimo appuntamento \u00e8 previsto <strong>marted\u00ec 20 maggio, alle ore 20.30, sempre al Teatro La Contrada,<\/strong> con due spettacoli, per le scuole, del ricreatorio De Amicis : \u201cZefiro \u201c e \u201c Chi \u00e8 di scena?\u201d, che riproporranno il proprio spettacolo al Polo di Aggregazione Giovanile in Via del Castello la mattina dopo (mercoled\u00ec 21), alle ore 10.30. Infine il ricreatorio Padovan sar\u00e0 di scena <strong>gioved\u00ec 22 maggio, alle ore 20.30,<\/strong> con lo spettacolo \u201cMaria per sette\u201d; mentre <strong>luned\u00ec 26 maggio, sempre alle 20.30 <\/strong>insieme al Polo di Aggregazione Giovanile Toti si terr\u00e0 lo spettacolo\u201d Storia di Ida\u201d.<\/p>\n<p style=\"text-align: justify;\" class=\"ui-droppable\"> \tIl programma della rassegna proseguir\u00e0 <strong>mercoled\u00ec 28 maggio<\/strong>, <strong>alle ore 17.00, presso il Polo di Aggregazione Giovanile Toti <\/strong>con un pomeriggio musicale a cui parteciperanno alcuni ricreatori che durante l&#8217;anno scolastico hanno svolto attivit\u00e0 di coro e di musica per uno scambio sonoro di esperienze.<\/p>\n<p style=\"text-align: justify;\" class=\"ui-droppable\"> \tLa kermesse &#8216;espressiva&#8217; dei Ricreatori si concluder\u00e0 <strong>presso il Museo Sartorio a partire da venerd\u00ec 30 maggio e fino a domenica 15 giugno 2014,<\/strong> con la possibilit\u00e0 per i giovani visitatori\u00a0 di curiosare nella sezione Kids e di partecipare ad una serie di workshop curati dagli educatori del servizio (Info e contatti <a href=\"http:\/\/www.artefatto.info\" target=\"_blank\" rel=\"noopener\">www.artefatto.info<\/a> tel. 040 3485818).<\/p>\n","protected":false},"excerpt":{"rendered":"<p>Fino a giugno &#8220;Ricreinscena&#8221;<\/p>\n","protected":false},"author":28,"featured_media":0,"comment_status":"closed","ping_status":"closed","sticky":false,"template":"","format":"standard","meta":{"dwc-title":[],"dwc-content":[],"footnotes":""},"categories":[5],"tags":[],"class_list":["post-14086","post","type-post","status-publish","format-standard","hentry","category-attualita"],"rttpg_featured_image_url":null,"rttpg_author":{"display_name":"redazione","author_link":"https:\/\/imagazine.it\/home_desk\/author\/redazione\/"},"rttpg_comment":0,"rttpg_category":"<a href=\"https:\/\/imagazine.it\/home_desk\/category\/attualita\/\" rel=\"category tag\">ATTUALIT\u00c0<\/a>","rttpg_excerpt":"Fino a giugno \"Ricreinscena\"","_links":{"self":[{"href":"https:\/\/imagazine.it\/home_desk\/wp-json\/wp\/v2\/posts\/14086","targetHints":{"allow":["GET"]}}],"collection":[{"href":"https:\/\/imagazine.it\/home_desk\/wp-json\/wp\/v2\/posts"}],"about":[{"href":"https:\/\/imagazine.it\/home_desk\/wp-json\/wp\/v2\/types\/post"}],"author":[{"embeddable":true,"href":"https:\/\/imagazine.it\/home_desk\/wp-json\/wp\/v2\/users\/28"}],"replies":[{"embeddable":true,"href":"https:\/\/imagazine.it\/home_desk\/wp-json\/wp\/v2\/comments?post=14086"}],"version-history":[{"count":0,"href":"https:\/\/imagazine.it\/home_desk\/wp-json\/wp\/v2\/posts\/14086\/revisions"}],"wp:attachment":[{"href":"https:\/\/imagazine.it\/home_desk\/wp-json\/wp\/v2\/media?parent=14086"}],"wp:term":[{"taxonomy":"category","embeddable":true,"href":"https:\/\/imagazine.it\/home_desk\/wp-json\/wp\/v2\/categories?post=14086"},{"taxonomy":"post_tag","embeddable":true,"href":"https:\/\/imagazine.it\/home_desk\/wp-json\/wp\/v2\/tags?post=14086"}],"curies":[{"name":"wp","href":"https:\/\/api.w.org\/{rel}","templated":true}]}}