{"id":14085,"date":"2014-05-16T00:00:00","date_gmt":"2014-05-15T23:00:00","guid":{"rendered":"https:\/\/imagazine.it\/?p=14085"},"modified":"2014-05-16T00:00:00","modified_gmt":"2014-05-15T23:00:00","slug":"i-leader-di-generali-nel-mondo-saranno-formati-a-trieste","status":"publish","type":"post","link":"https:\/\/imagazine.it\/home_desk\/i-leader-di-generali-nel-mondo-saranno-formati-a-trieste\/","title":{"rendered":"I leader di Generali nel mondo saranno formati a Trieste"},"content":{"rendered":"<p class=\"ui-droppable\" style=\"text-align: justify;\"> \tPrende il via l\u2019Academy del Gruppo Generali nata per offrire formazione tecnica d\u2019eccellenza e programmi globali di sviluppo della leadership e dei talenti individuati a livello di Gruppo.<\/p>\n<p class=\"ui-droppable\" style=\"text-align: justify;\"> \tL\u2019amministratore delegato del Gruppo, <strong>Mario Greco<\/strong>, e il Magnifico Rettore dell\u2019ateneo, <strong>Maurizio Fermeglia, <\/strong>hanno siglato presso il Municipio di Trieste, alla presenza del sindaco <strong>Roberto Cosolini<\/strong>, la Convenzione Quadro tra Generali e l\u2019Universit\u00e0 in cui si iscrive la partnership per l\u2019alta formazione tecnica dei propri manager internazionali, il primo tassello di un\u2019articolata serie di iniziative per lo sviluppo manageriale e l\u2019aggiornamento professionale che il Gruppo Generali si appresta a lanciare con l\u2019apertura a Trieste della nuova Academy di Gruppo.<\/p>\n<\/p>\n<p class=\"ui-droppable\" style=\"text-align: justify;\"> \t\u201cLa nascita dell\u2019Academy \u2013 ha dichiarato Greco \u2013 riveste un significato importante per Generali alla luce del processo di profonda trasformazione che sta\u00a0coinvolgendo il Gruppo. L\u2019Academy avr\u00e0 il compito fondamentale di creare la nuova generazione di leader e agire come acceleratore della trasformazione culturale e di business di Generali. La scelta di Trieste per la sua sede testimonia l\u2019importanza che la citt\u00e0 riveste per il Gruppo. Trieste diventer\u00e0 l\u2019hub di Generali per la\u00a0formazione dei nostri leader e dei nostri migliori talenti provenienti da tutto il mondo. La prima attivit\u00e0 formativa\u00a0comincia con il Programma Pilota sulla Technical Excellence e testimonia la radicata collaborazione tra Generali e l\u2019Universit\u00e0 che, grazie alle alte competenze dei dipartimenti di economia, matematica e statistica, ci offre una risorsa unica per una formazione d\u2019eccellenza\u201d.<\/p>\n<p class=\"ui-droppable\" style=\"text-align: justify;\"> \tL\u2019Academy sar\u00e0 il motore per la formazione interna al Gruppo con percorsi dedicati all\u2019eccellenza tecnica, i primi a partire, e percorsi formativi ad hoc su leadership e management che seguiranno a breve.<\/p>\n<p class=\"ui-droppable\" style=\"text-align: justify;\"> \tL\u2019Universit\u00e0 di Trieste \u00e8 stata scelta, assieme ad altre prestigiose realt\u00e0 internazionali, come partner per i programmi di aggiornamento tecnico e sviluppo professionale rivolti a tutti i talenti e alle alte professionalit\u00e0 del Gruppo.<\/p>\n<\/p>\n<p class=\"ui-droppable\" style=\"text-align: justify;\"> \tIl Programma Pilota 2014 sulla \u201cTechnical Excellence\u201d, operativo da met\u00e0 maggio, coinvolger\u00e0 circa 400 persone del gruppo provenienti da tutto il mondo e da tutti i settori professionali (Vita, Danni, Risk Management, Finanza) con una trentina di corsi, workshop e forum dedicati allo sviluppo e al rafforzamento delle competenze chiave per le strategie del Gruppo.<\/p>\n<p class=\"ui-droppable\" style=\"text-align: justify;\"> \t\u201cL\u2019Universit\u00e0 di Trieste \u2013 ha sottolineato Fermeglia \u2013 si \u00e8 sempre impegnata a cercare di trasferire conoscenze e tecnologie \u00a0al di fuori dell\u2019ambito accademico, creando anche rapporti solidi con le comunit\u00e0 locali per favorire una crescita sempre pi\u00f9 prospera del territorio. Questo progetto congiunto con il Gruppo Generali risponde perfettamente alla nostra strategia di sviluppo internazionale ed \u00e8 un onore contribuire con la nostra ampia esperienza nell\u2019educazione d\u2019eccellenza ad un progetto cos\u00ec stimolante. Sono certo che sar\u00e0 una \u2018joint-venture\u2019 duratura e di successo\u201d.<\/p>\n<p class=\"ui-droppable\" style=\"text-align: justify;\"> \tOltre alla formazione tecnica, a partire dal mese di giugno la Group Academy dar\u00e0 avvio anche a programmi di leadership che coinvolgeranno oltre duecento global leader del Gruppo. Docenti, coach ed esperti di rilievo internazionale arriveranno prossimamente a Trieste e la loro presenza sar\u00e0 ancora maggiore e pi\u00f9 costante dal 2015, quando diventer\u00e0 operativa a Trieste la sede dell\u2019Academy, la \u201ccasa\u201d delle attivit\u00e0 di training e sviluppo manageriale per tutto il Gruppo Generali.<\/p>\n","protected":false},"excerpt":{"rendered":"<p>Al via l&#8217;Academy del gruppo assicurativo<\/p>\n","protected":false},"author":28,"featured_media":0,"comment_status":"closed","ping_status":"closed","sticky":false,"template":"","format":"standard","meta":{"dwc-title":[],"dwc-content":[],"footnotes":""},"categories":[5],"tags":[],"class_list":["post-14085","post","type-post","status-publish","format-standard","hentry","category-attualita"],"rttpg_featured_image_url":null,"rttpg_author":{"display_name":"redazione","author_link":"https:\/\/imagazine.it\/home_desk\/author\/redazione\/"},"rttpg_comment":0,"rttpg_category":"<a href=\"https:\/\/imagazine.it\/home_desk\/category\/attualita\/\" rel=\"category tag\">ATTUALIT\u00c0<\/a>","rttpg_excerpt":"Al via l'Academy del gruppo assicurativo","_links":{"self":[{"href":"https:\/\/imagazine.it\/home_desk\/wp-json\/wp\/v2\/posts\/14085","targetHints":{"allow":["GET"]}}],"collection":[{"href":"https:\/\/imagazine.it\/home_desk\/wp-json\/wp\/v2\/posts"}],"about":[{"href":"https:\/\/imagazine.it\/home_desk\/wp-json\/wp\/v2\/types\/post"}],"author":[{"embeddable":true,"href":"https:\/\/imagazine.it\/home_desk\/wp-json\/wp\/v2\/users\/28"}],"replies":[{"embeddable":true,"href":"https:\/\/imagazine.it\/home_desk\/wp-json\/wp\/v2\/comments?post=14085"}],"version-history":[{"count":0,"href":"https:\/\/imagazine.it\/home_desk\/wp-json\/wp\/v2\/posts\/14085\/revisions"}],"wp:attachment":[{"href":"https:\/\/imagazine.it\/home_desk\/wp-json\/wp\/v2\/media?parent=14085"}],"wp:term":[{"taxonomy":"category","embeddable":true,"href":"https:\/\/imagazine.it\/home_desk\/wp-json\/wp\/v2\/categories?post=14085"},{"taxonomy":"post_tag","embeddable":true,"href":"https:\/\/imagazine.it\/home_desk\/wp-json\/wp\/v2\/tags?post=14085"}],"curies":[{"name":"wp","href":"https:\/\/api.w.org\/{rel}","templated":true}]}}