{"id":14064,"date":"2014-05-14T00:00:00","date_gmt":"2014-05-13T23:00:00","guid":{"rendered":"https:\/\/imagazine.it\/?p=14064"},"modified":"2014-05-14T00:00:00","modified_gmt":"2014-05-13T23:00:00","slug":"pordenonelegge-arriva-albert-espinosa","status":"publish","type":"post","link":"https:\/\/imagazine.it\/home_desk\/pordenonelegge-arriva-albert-espinosa\/","title":{"rendered":"Pordenonelegge, arriva Albert Espinosa"},"content":{"rendered":"<\/p>\n<p class=\"ui-droppable\" style=\"text-align: justify;\"> \tAl via la nuova edizione del concorso \u201cCaro autore, ti scrivo\u201d, dedicato a tutti i giovani lettori tra i 12 e i 14 anni, e promosso dalla Fondazione pordenonelegge.it. Sono state infatti selezionate quattro tra le migliori pubblicazioni della letteratura per ragazzi degli ultimi: il primo titolo \u00e8 un best seller internazionale, in Italia noto al grande pubblico anche grazie all&#39;omonima serie televisiva, andata in onda su Rai1: <em>Braccialetti rossi. Il mondo giallo,<\/em> scritto da <strong>Albert Espinosa<\/strong>, uno tra i maggiori autori spagnoli contemporanei. Nel libro Espinosa racconta la propria adolescenza segnata dal tumore, che ha combattuto tra i 14 e i 24 anni: molto pi\u00f9 di un diario e di una testimonianza, \u00e8 la raccolta di tutto ci\u00f2 che la malattia gli ha insegnato. In modo diretto e coinvolgente, Espinosa mostra come unire la realt\u00e0 quotidiana ai sogni pi\u00f9 segreti e come trasformare ogni istante di vita, anche il pi\u00f9 cupo, in un momento di gioia. Divenuto un successo internazionale, la fiction <em>Braccialetti rossi<\/em> negli Usa sar\u00e0 diretta da <strong>Steven Spielberg<\/strong>, che ne ha acquistato i diritti.<\/p>\n<\/p>\n<p class=\"ui-droppable\" style=\"text-align: justify;\"> \tNella selezione del concorso \u201cCaro autore, ti scrivo\u201d anche il libro vincitore del Premio Andersen 2014, nella sezione \u201cMiglior libro 9-12 anni\u201d: <em>La signorina euforbia<\/em> di <strong>Luigi Ballerini<\/strong>, il racconto di due ragazzi che intraprendono un corso intensivo di pasticceria dove si fanno solo pasticcini su misura. La sfida \u00e8 imparare a osservare attentamente e domandarsi di che cosa le persone abbiano realmente bisogno. L\u2019autore, Luigi Ballerini, \u00e8 psicanalista, giornalista, scrittore e si occupa da molti anni di tematiche relative all&#39;infanzia e ai giovani. Ci sar\u00e0, poi, un classico tra i romanzi di formazione: <em>Ciao, tu<\/em>, scritto a quattro mani da due autori di riferimento della letteratura italiana per ragazzi, <strong>Beatrice Masini<\/strong> e <strong>Roberto Piumini<\/strong>. A muovere la storia una domanda insolita: che cosa fai se un giorno, in classe, trovi un bigliettino nello zaino da parte di qualcuno che <em>vuole<\/em> farsi scoprire? Cominci a guardarti intorno per capire chi \u00e8 che ti osserva e ti studia durante le ore di lezione. E fantastichi: sar\u00e0 lei, sar\u00e0 lui? Per la prima volta, dopo quindici anni di ristampe di questo libro cos\u00ec amato dai ragazzi, gli autori ne parleranno insieme a pordenonelegge.it. A chiudere la selezione, <em>L&#39;ombra di Amadeus<\/em> di <strong>Pierdomenico Baccalario<\/strong>, uno tra i pi\u00f9 amati scrittori di avventura. Dopo aver ideato molte serie e romanzi di successo, tra cui <em>Century <\/em>e <em>Ulysses Moore<\/em>, Baccalario gioca con la Storia per riconsegnare un racconto pieno di suspence intorno a quattro vite immortali, legate da un unico misterioso filo.<\/p>\n<p class=\"ui-droppable\" style=\"text-align: justify;\"> \tIl concorso \u201cCaro autore, ti scrivo\u201d \u00e8 rivolto a tutti gli studenti delle Scuole Secondarie di I grado (12-14 anni), che vengono invitati \u2013 gi\u00e0 adesso e nelle vacanze estive \u2013 a leggere uno dei quattro libri selezionati e a scriverne una recensione sotto forma di lettera all\u2019autore, da inviare <strong>entro e non oltre il prossimo venerd\u00ec 12 settembre<\/strong>. Due le novit\u00e0 del concorso: la modalit\u00e0 per partecipare e la giuria. Per trasmettere l\u2019elaborato \u00e8 necessario accedere al sito <a href=\"http:\/\/www.pordenonelegge.it\/\" target=\"_blank\" rel=\"noopener\">www.pordenonelegge.it<\/a> sezione Concorso \u201cCaro autore, ti scrivo&#8230;\u201d, compilare l\u2019apposito form e allegarlo in formato pdf o word. Spetter\u00e0 poi a una giuria di qualit\u00e0, composta da <strong>Andrea Valente<\/strong> (Presidente), <strong>Silvia De Iuri<\/strong>, <strong>Alessandra Gabelli<\/strong>, <strong>Valentina Gasparet<\/strong>, <strong>Elisabetta Pieretto<\/strong>, <strong>Paola Schiffo<\/strong>, scegliere i vincitori. Nell\u2019ambito della XV edizione di pordenonelegge.it verranno premiati i primi tre \u201ccritici in erba\u201d per ciascun titolo, che si aggiudicheranno la pubblicazione del loro lavoro sul sito <a href=\"http:\/\/www.pordenonelegge.it\/\" target=\"_blank\" rel=\"noopener\">www.pordenonelegge.it<\/a>, riceveranno una pergamena autografata dall\u2019autore recensito e una selezione di libri pubblicati dagli editori che rientrano nella selezione. Tutte le lettere pervenute verranno consegnate agli autori a cui sono rivolte e rappresenteranno un importante riferimento per la conduzione degli incontri.<\/p>\n","protected":false},"excerpt":{"rendered":"<p>Per il concorso rivolto alle scuole<\/p>\n","protected":false},"author":28,"featured_media":14065,"comment_status":"closed","ping_status":"closed","sticky":false,"template":"","format":"standard","meta":{"dwc-title":[],"dwc-content":[],"footnotes":""},"categories":[37],"tags":[],"class_list":["post-14064","post","type-post","status-publish","format-standard","has-post-thumbnail","hentry","category-cultura-e-spettacolo"],"rttpg_featured_image_url":{"full":["https:\/\/imagazine.it\/wp-content\/uploads\/2024\/01\/5395-1.webp",500,464,false],"landscape":["https:\/\/imagazine.it\/wp-content\/uploads\/2024\/01\/5395-1.webp",500,464,false],"portraits":["https:\/\/imagazine.it\/wp-content\/uploads\/2024\/01\/5395-1.webp",500,464,false],"thumbnail":["https:\/\/imagazine.it\/wp-content\/uploads\/2024\/01\/5395-1-150x150.webp",150,150,true],"medium":["https:\/\/imagazine.it\/wp-content\/uploads\/2024\/01\/5395-1-300x278.webp",300,278,true],"large":["https:\/\/imagazine.it\/wp-content\/uploads\/2024\/01\/5395-1.webp",500,464,false],"thumblist":["https:\/\/imagazine.it\/wp-content\/uploads\/2024\/01\/5395-1.webp",300,278,false],"thumbrelated":["https:\/\/imagazine.it\/wp-content\/uploads\/2024\/01\/5395-1.webp",500,464,false],"meccarouselthumb":["https:\/\/imagazine.it\/wp-content\/uploads\/2024\/01\/5395-1.webp",349,324,false],"gridsquare":["https:\/\/imagazine.it\/wp-content\/uploads\/2024\/01\/5395-1.webp",280,260,false],"tileview":["https:\/\/imagazine.it\/wp-content\/uploads\/2024\/01\/5395-1.webp",300,278,false],"1536x1536":["https:\/\/imagazine.it\/wp-content\/uploads\/2024\/01\/5395-1.webp",500,464,false],"2048x2048":["https:\/\/imagazine.it\/wp-content\/uploads\/2024\/01\/5395-1.webp",500,464,false],"newsup-slider-full":["https:\/\/imagazine.it\/wp-content\/uploads\/2024\/01\/5395-1.webp",500,464,false],"newsup-featured":["https:\/\/imagazine.it\/wp-content\/uploads\/2024\/01\/5395-1.webp",500,464,false],"newsup-medium":["https:\/\/imagazine.it\/wp-content\/uploads\/2024\/01\/5395-1-500x380.webp",500,380,true],"tptn_thumbnail":["https:\/\/imagazine.it\/wp-content\/uploads\/2024\/01\/5395-1.webp",226,210,false],"sow-carousel-default":["https:\/\/imagazine.it\/wp-content\/uploads\/2024\/01\/5395-1-272x182.webp",272,182,true]},"rttpg_author":{"display_name":"redazione","author_link":"https:\/\/imagazine.it\/home_desk\/author\/redazione\/"},"rttpg_comment":0,"rttpg_category":"<a href=\"https:\/\/imagazine.it\/home_desk\/category\/cultura-e-spettacolo\/\" rel=\"category tag\">CULTURA&amp;SPETTACOLO<\/a>","rttpg_excerpt":"Per il concorso rivolto alle scuole","_links":{"self":[{"href":"https:\/\/imagazine.it\/home_desk\/wp-json\/wp\/v2\/posts\/14064","targetHints":{"allow":["GET"]}}],"collection":[{"href":"https:\/\/imagazine.it\/home_desk\/wp-json\/wp\/v2\/posts"}],"about":[{"href":"https:\/\/imagazine.it\/home_desk\/wp-json\/wp\/v2\/types\/post"}],"author":[{"embeddable":true,"href":"https:\/\/imagazine.it\/home_desk\/wp-json\/wp\/v2\/users\/28"}],"replies":[{"embeddable":true,"href":"https:\/\/imagazine.it\/home_desk\/wp-json\/wp\/v2\/comments?post=14064"}],"version-history":[{"count":0,"href":"https:\/\/imagazine.it\/home_desk\/wp-json\/wp\/v2\/posts\/14064\/revisions"}],"wp:featuredmedia":[{"embeddable":true,"href":"https:\/\/imagazine.it\/home_desk\/wp-json\/wp\/v2\/media\/14065"}],"wp:attachment":[{"href":"https:\/\/imagazine.it\/home_desk\/wp-json\/wp\/v2\/media?parent=14064"}],"wp:term":[{"taxonomy":"category","embeddable":true,"href":"https:\/\/imagazine.it\/home_desk\/wp-json\/wp\/v2\/categories?post=14064"},{"taxonomy":"post_tag","embeddable":true,"href":"https:\/\/imagazine.it\/home_desk\/wp-json\/wp\/v2\/tags?post=14064"}],"curies":[{"name":"wp","href":"https:\/\/api.w.org\/{rel}","templated":true}]}}