{"id":14040,"date":"2014-05-12T00:00:00","date_gmt":"2014-05-11T23:00:00","guid":{"rendered":"https:\/\/imagazine.it\/?p=14040"},"modified":"2014-05-12T00:00:00","modified_gmt":"2014-05-11T23:00:00","slug":"zigaina-e-cervignano-una-storia-lunga-90-anni","status":"publish","type":"post","link":"https:\/\/imagazine.it\/home_desk\/zigaina-e-cervignano-una-storia-lunga-90-anni\/","title":{"rendered":"Zigaina e Cervignano, una storia lunga 90 anni"},"content":{"rendered":"<p class=\"ui-droppable\" style=\"text-align: justify;\"> \tC\u2019\u00e8 un legame tenace e misterioso fra <strong>Giuseppe Zigaina<\/strong>, artista dell\u2019immagine e della parola, e Cervignano del Friuli, cittadina illuminata dalla luce riverberata dalla laguna di Grado.<\/p>\n<p class=\"ui-droppable\" style=\"text-align: justify;\"> \tL\u2019artista noto e apprezzato in tutto il mondo, accademico in Germania, amico dei grandi intellettuali del Novecento come Pier Paolo Pasolini, Giangiacomo Feltrinelli, Maria Callas e Elsa Morante, non ha mai voluto lasciare la sua citt\u00e0 natale che in occasione dei suoi 90 gli dedica la seconda tappa di un omaggio dal titolo \u201cPaesaggio come anatomia. Incisioni 1965-2014\u201d.<\/p>\n<\/p>\n<p class=\"ui-droppable\" style=\"text-align: justify;\"> \tLa mostra, allestita fino al 2 giugno nelle sale del Centro civico e della Biblioteca comunale di via Trieste 35, presenta oltre trenta incisioni di formati diversi che raccontano i cicli pi\u00f9 importanti della sua attivit\u00e0 grafica. Stampe per la maggior parte messe a disposizione da Corrado Albicocco, \u00a0stampatore-artista al quale Zigaina da anni affida la trasposizione su carta di oltre la met\u00e0 delle 400 lastre da lui incise.<\/p>\n<p class=\"ui-droppable\" style=\"text-align: justify;\"> \tMa la mostra di Cervignano \u00e8 anche un omaggio allo scrittore, al suo impulso di esprimersi attraverso la parola scritta: \u201cA un certo punto della mia vita &#8211; spiega il maestro &#8211; ho sentito l\u2019urgente necessit\u00e0 di usare la parola per raccontarmi\u201d.<\/p>\n<p class=\"ui-droppable\" style=\"text-align: justify;\"> \tIn questo senso sono esposti nelle sale dell\u2019accogliente Biblioteca i venti volumi da lui scritti sulla vita e sul pensiero dell\u2019amico Pier Paolo Pasolini e i molti cataloghi e volumi dedicati alla sua opera. In mostra anche preziosi libri d\u2019arte pubblicati dalle Edizioni del Tavolo rosso di Udine.<\/p>\n<\/p>\n<p class=\"ui-droppable\" style=\"text-align: justify;\"> \t\u201cQuesta inaugurazione mi commuove perch\u00e9 qui a Cervignano mi sono accadute cose uniche e straordinarie della mia esperienza umana e artistica. Ringrazio tutti e dico che l\u2019unico problema \u00e8 la mia et\u00e0\u201d.<\/p>\n<p class=\"ui-droppable\" style=\"text-align: justify;\"> \tQuesto il semplice commento dall\u2019artista durante la vernice alla quale hanno partecipato tanti amici ed estimatori e le autorit\u00e0 cittadine, tutti uniti dal desiderio di esprimergli affetto e stima. Per il sindaco <strong>Gianluigi Savino<\/strong> vi \u00e8 orgoglio e gratitudine della citt\u00e0 per la scelta del maestro di restare legato alle sue radici, al contempo la mostra \u00e8 una riflessione per tutto il territorio sulla contemporaneit\u00e0. Di lavoro continuo di ricerca sulla sua opera ha parlato <strong>Marco Cogato<\/strong>, assessore alla cultura.<\/p>\n<p class=\"ui-droppable\" style=\"text-align: justify;\"> \tLa presentazione critica dell\u2019esposizione \u00e8 stata affidata a Francesca Agostinelli, curatrice del progetto e del catalogo, impreziosito da ritratti fotografici inediti di <strong>Danilo De Marco<\/strong> e da un omaggio in forma epistolare alla creativit\u00e0 in pittura e scrittura dell\u2019amico <strong>Claudio Magris<\/strong>. \u201cIl segno incisorio di Zigaina &#8211; ha evidenziato la curatrice &#8211; \u00e8 sedimento di memoria, il gesto traccia l\u2019anatomia di s\u00e9 nel processo di apertura al mondo\u201d.<\/p>\n<\/p>\n<p class=\"ui-droppable\" style=\"text-align: justify;\"> \tIl terzo e ultimo appuntamento del progetto regionale sar\u00e0 il 14 giugno a Udine alla Stamperia Albicocco, via Ermes di Colloredo 8. \u201cInsostituibile, paziente, caparbio\u201d, cos\u00ec Zigaina descrive Corrado Albicocco, artista esso stesso capace di interpretare e dare un contributo sostanziale alla riuscita dell\u2019opera.<\/p>\n<p class=\"ui-droppable\" style=\"text-align: justify;\"> \tLa mostra, organizzata dal comune e dal Circolo Arci, in collaborazione con la Regione Friuli Venezia Giulia, l\u2019Accademia udinese di Scienze Lettere e Arti e la Stamperia d\u2019Arte Albicocco, \u00e8 aperta con ingresso libero con i seguenti orari: gioved\u00ec 10\u201312, venerd\u00ec, sabato e domenica 10 \u2013 12 e 16 \u2013 19, per ulteriori informazioni possono essere richieste a: <a href=\"mailto:artecorrente@gmail.com\">artecorrente@gmail.com<\/a> oppure al mobile 338 8454492.<\/p>\n","protected":false},"excerpt":{"rendered":"<p>Presentata la mostra celebrativa<\/p>\n","protected":false},"author":23,"featured_media":14041,"comment_status":"closed","ping_status":"closed","sticky":false,"template":"","format":"standard","meta":{"dwc-title":[],"dwc-content":[],"footnotes":""},"categories":[37],"tags":[],"class_list":["post-14040","post","type-post","status-publish","format-standard","has-post-thumbnail","hentry","category-cultura-e-spettacolo"],"rttpg_featured_image_url":{"full":["https:\/\/imagazine.it\/wp-content\/uploads\/2024\/01\/5361-1.webp",800,598,false],"landscape":["https:\/\/imagazine.it\/wp-content\/uploads\/2024\/01\/5361-1.webp",800,598,false],"portraits":["https:\/\/imagazine.it\/wp-content\/uploads\/2024\/01\/5361-1.webp",800,598,false],"thumbnail":["https:\/\/imagazine.it\/wp-content\/uploads\/2024\/01\/5361-1-150x150.webp",150,150,true],"medium":["https:\/\/imagazine.it\/wp-content\/uploads\/2024\/01\/5361-1-300x224.webp",300,224,true],"large":["https:\/\/imagazine.it\/wp-content\/uploads\/2024\/01\/5361-1.webp",640,478,false],"thumblist":["https:\/\/imagazine.it\/wp-content\/uploads\/2024\/01\/5361-1.webp",300,224,false],"thumbrelated":["https:\/\/imagazine.it\/wp-content\/uploads\/2024\/01\/5361-1.webp",500,374,false],"meccarouselthumb":["https:\/\/imagazine.it\/wp-content\/uploads\/2024\/01\/5361-1.webp",433,324,false],"gridsquare":["https:\/\/imagazine.it\/wp-content\/uploads\/2024\/01\/5361-1.webp",348,260,false],"tileview":["https:\/\/imagazine.it\/wp-content\/uploads\/2024\/01\/5361-1.webp",300,224,false],"1536x1536":["https:\/\/imagazine.it\/wp-content\/uploads\/2024\/01\/5361-1.webp",800,598,false],"2048x2048":["https:\/\/imagazine.it\/wp-content\/uploads\/2024\/01\/5361-1.webp",800,598,false],"newsup-slider-full":["https:\/\/imagazine.it\/wp-content\/uploads\/2024\/01\/5361-1.webp",800,598,false],"newsup-featured":["https:\/\/imagazine.it\/wp-content\/uploads\/2024\/01\/5361-1.webp",800,598,false],"newsup-medium":["https:\/\/imagazine.it\/wp-content\/uploads\/2024\/01\/5361-1-720x380.webp",720,380,true],"tptn_thumbnail":["https:\/\/imagazine.it\/wp-content\/uploads\/2024\/01\/5361-1.webp",250,187,false],"sow-carousel-default":["https:\/\/imagazine.it\/wp-content\/uploads\/2024\/01\/5361-1-272x182.webp",272,182,true]},"rttpg_author":{"display_name":"Margherita Reguitti","author_link":"https:\/\/imagazine.it\/home_desk\/author\/reguitti\/"},"rttpg_comment":0,"rttpg_category":"<a href=\"https:\/\/imagazine.it\/home_desk\/category\/cultura-e-spettacolo\/\" rel=\"category tag\">CULTURA&amp;SPETTACOLO<\/a>","rttpg_excerpt":"Presentata la mostra celebrativa","_links":{"self":[{"href":"https:\/\/imagazine.it\/home_desk\/wp-json\/wp\/v2\/posts\/14040","targetHints":{"allow":["GET"]}}],"collection":[{"href":"https:\/\/imagazine.it\/home_desk\/wp-json\/wp\/v2\/posts"}],"about":[{"href":"https:\/\/imagazine.it\/home_desk\/wp-json\/wp\/v2\/types\/post"}],"author":[{"embeddable":true,"href":"https:\/\/imagazine.it\/home_desk\/wp-json\/wp\/v2\/users\/23"}],"replies":[{"embeddable":true,"href":"https:\/\/imagazine.it\/home_desk\/wp-json\/wp\/v2\/comments?post=14040"}],"version-history":[{"count":0,"href":"https:\/\/imagazine.it\/home_desk\/wp-json\/wp\/v2\/posts\/14040\/revisions"}],"wp:featuredmedia":[{"embeddable":true,"href":"https:\/\/imagazine.it\/home_desk\/wp-json\/wp\/v2\/media\/14041"}],"wp:attachment":[{"href":"https:\/\/imagazine.it\/home_desk\/wp-json\/wp\/v2\/media?parent=14040"}],"wp:term":[{"taxonomy":"category","embeddable":true,"href":"https:\/\/imagazine.it\/home_desk\/wp-json\/wp\/v2\/categories?post=14040"},{"taxonomy":"post_tag","embeddable":true,"href":"https:\/\/imagazine.it\/home_desk\/wp-json\/wp\/v2\/tags?post=14040"}],"curies":[{"name":"wp","href":"https:\/\/api.w.org\/{rel}","templated":true}]}}