{"id":14018,"date":"2014-05-08T00:00:00","date_gmt":"2014-05-07T23:00:00","guid":{"rendered":"https:\/\/imagazine.it\/?p=14018"},"modified":"2014-05-08T00:00:00","modified_gmt":"2014-05-07T23:00:00","slug":"un-giardino-per-marisa-madieri","status":"publish","type":"post","link":"https:\/\/imagazine.it\/home_desk\/un-giardino-per-marisa-madieri\/","title":{"rendered":"Un giardino per Marisa Madieri"},"content":{"rendered":"<p style=\"text-align: justify;\" class=\"ui-droppable\"> \tIl giardino di via Bernardo Benussi a Trieste \u00e8 stato intitolato alla scrittrice <strong>Marisa Madieri<\/strong>. La cerimonia si \u00e8 tenuta stamane, alla presenza del professor <strong>Claudio Magris<\/strong> con il figlio Paolo e la sorella di Marisa Madieri, signora Lucina, e di numerosi amici, tra cui il professor <strong>Elvio Guagnini<\/strong>.<\/p>\n<p style=\"text-align: justify;\" class=\"ui-droppable\"> \tCon la cerimonia di oggi, il Comune di Trieste ha avviato la prima delle intitolazioni di giardini (finora avevano riguardato in prevalenza le vie) a persone che hanno lasciato una traccia significativa per la collettivit\u00e0 nella nostra citt\u00e0. Iniziando rendendo omaggio a una \u2018donna di grande valore\u2019.<\/p>\n<p style=\"text-align: justify;\" class=\"ui-droppable\"> \tSu proposta della VII Circoscrizione e poi con una mozione approvata a larga maggioranza dal Consiglio comunale, l\u2019intitolazione del giardino di via Benussi a Marisa Madieri, moglie di Claudio Magris, inaugura un nuovo corso proprio in quei luoghi pi\u00f9 frequentati e amati dalla gente, dove bambini, famiglie, anziani e persone sole, amici, sono soliti ritrovarsi, giocare o cercare un po\u2019 di tranquillit\u00e0. Una scelta, quella dei giardini, condivisa da tutti.<\/p>\n<p style=\"text-align: justify;\" class=\"ui-droppable\"> \t\u201cUna scelta in armonia con lo spirito di Marisa \u2013 ha dichiarato il professor Guagnini \u2013 che era sempre interessata ai personaggi che popolano posti come questo e vicina alla gente. Lei era una persona solare, attenta e sensibile, con uno spiccato senso di ironia\u201d.<\/p>\n<p style=\"text-align: justify;\" class=\"ui-droppable\"> \tClaudio Magris, emozionato ma entusiasta: \u201cQuesta \u00e8 un po\u2019 una favola. Quando Marisa \u00e8 arrivata a Trieste era stata l\u2019accoglienza ad averla colpita, come descrive in un passo di <em>Verde acqua<\/em>: \u00ab\u2026 guarda la citt\u00e0 e la sente sua. Si sente a casa. Da un fatto individuale, nasce lo spirito collettivo\u00bb\u201d.<\/p>\n<p style=\"text-align: justify;\" class=\"ui-droppable\"> \t<em>Marisa Madieri<\/em> (Fiume 8 maggio 1938 &#8211; Trieste 9 agosto 1996) studi\u00f2 lingue e letterature straniere a Firenze, dove conobbe lo scrittore Claudio Magris, che spos\u00f2 e da cui ebbe due figli, Francesco e Paolo. Consegu\u00ec anche il brevetto di pilota aereo e svolse opera di volontariato per il Centro di aiuto alla vita. Nel suo primo libro <em>\u201cVerde acqua\u201d<\/em> (Einaudi 1987) ha narrato l&#8217;esodo di Fiume, l&#8217;identit\u00e0 di questa citt\u00e0 e altri fatti legati alla sua infanzia e adolescenza, in cui la memoria \u00e8 anche ricerca delle proprie radici. Ha scritto poi altri racconti, tra cui uno in forma di parabola, \u201c<em>La radura\u201d<\/em> (Einaudi 1992, ripubblicato per le stesse edizioni in un unico volume insieme a \u201c<em>Verde acqua\u201d<\/em> nel 1998). \u00c8 considerata una delle voci narranti pi\u00f9 limpide delle vicende dell&#8217;esodo istriano.<\/p>\n","protected":false},"excerpt":{"rendered":"<p>Oggi l&#8217;intitolazione a Trieste<\/p>\n","protected":false},"author":28,"featured_media":14019,"comment_status":"closed","ping_status":"closed","sticky":false,"template":"","format":"standard","meta":{"dwc-title":[],"dwc-content":[],"footnotes":""},"categories":[5],"tags":[],"class_list":["post-14018","post","type-post","status-publish","format-standard","has-post-thumbnail","hentry","category-attualita"],"rttpg_featured_image_url":{"full":["https:\/\/imagazine.it\/wp-content\/uploads\/2024\/01\/5322-1.webp",800,533,false],"landscape":["https:\/\/imagazine.it\/wp-content\/uploads\/2024\/01\/5322-1.webp",800,533,false],"portraits":["https:\/\/imagazine.it\/wp-content\/uploads\/2024\/01\/5322-1.webp",800,533,false],"thumbnail":["https:\/\/imagazine.it\/wp-content\/uploads\/2024\/01\/5322-1-150x150.webp",150,150,true],"medium":["https:\/\/imagazine.it\/wp-content\/uploads\/2024\/01\/5322-1-300x200.webp",300,200,true],"large":["https:\/\/imagazine.it\/wp-content\/uploads\/2024\/01\/5322-1.webp",640,426,false],"thumblist":["https:\/\/imagazine.it\/wp-content\/uploads\/2024\/01\/5322-1.webp",300,200,false],"thumbrelated":["https:\/\/imagazine.it\/wp-content\/uploads\/2024\/01\/5322-1.webp",500,333,false],"meccarouselthumb":["https:\/\/imagazine.it\/wp-content\/uploads\/2024\/01\/5322-1.webp",474,316,false],"gridsquare":["https:\/\/imagazine.it\/wp-content\/uploads\/2024\/01\/5322-1.webp",391,260,false],"tileview":["https:\/\/imagazine.it\/wp-content\/uploads\/2024\/01\/5322-1.webp",300,200,false],"1536x1536":["https:\/\/imagazine.it\/wp-content\/uploads\/2024\/01\/5322-1.webp",800,533,false],"2048x2048":["https:\/\/imagazine.it\/wp-content\/uploads\/2024\/01\/5322-1.webp",800,533,false],"newsup-slider-full":["https:\/\/imagazine.it\/wp-content\/uploads\/2024\/01\/5322-1.webp",800,533,false],"newsup-featured":["https:\/\/imagazine.it\/wp-content\/uploads\/2024\/01\/5322-1.webp",800,533,false],"newsup-medium":["https:\/\/imagazine.it\/wp-content\/uploads\/2024\/01\/5322-1-720x380.webp",720,380,true],"tptn_thumbnail":["https:\/\/imagazine.it\/wp-content\/uploads\/2024\/01\/5322-1.webp",250,167,false],"sow-carousel-default":["https:\/\/imagazine.it\/wp-content\/uploads\/2024\/01\/5322-1-272x182.webp",272,182,true]},"rttpg_author":{"display_name":"redazione","author_link":"https:\/\/imagazine.it\/home_desk\/author\/redazione\/"},"rttpg_comment":0,"rttpg_category":"<a href=\"https:\/\/imagazine.it\/home_desk\/category\/attualita\/\" rel=\"category tag\">ATTUALIT\u00c0<\/a>","rttpg_excerpt":"Oggi l'intitolazione a Trieste","_links":{"self":[{"href":"https:\/\/imagazine.it\/home_desk\/wp-json\/wp\/v2\/posts\/14018","targetHints":{"allow":["GET"]}}],"collection":[{"href":"https:\/\/imagazine.it\/home_desk\/wp-json\/wp\/v2\/posts"}],"about":[{"href":"https:\/\/imagazine.it\/home_desk\/wp-json\/wp\/v2\/types\/post"}],"author":[{"embeddable":true,"href":"https:\/\/imagazine.it\/home_desk\/wp-json\/wp\/v2\/users\/28"}],"replies":[{"embeddable":true,"href":"https:\/\/imagazine.it\/home_desk\/wp-json\/wp\/v2\/comments?post=14018"}],"version-history":[{"count":0,"href":"https:\/\/imagazine.it\/home_desk\/wp-json\/wp\/v2\/posts\/14018\/revisions"}],"wp:featuredmedia":[{"embeddable":true,"href":"https:\/\/imagazine.it\/home_desk\/wp-json\/wp\/v2\/media\/14019"}],"wp:attachment":[{"href":"https:\/\/imagazine.it\/home_desk\/wp-json\/wp\/v2\/media?parent=14018"}],"wp:term":[{"taxonomy":"category","embeddable":true,"href":"https:\/\/imagazine.it\/home_desk\/wp-json\/wp\/v2\/categories?post=14018"},{"taxonomy":"post_tag","embeddable":true,"href":"https:\/\/imagazine.it\/home_desk\/wp-json\/wp\/v2\/tags?post=14018"}],"curies":[{"name":"wp","href":"https:\/\/api.w.org\/{rel}","templated":true}]}}