{"id":14016,"date":"2014-05-08T00:00:00","date_gmt":"2014-05-07T23:00:00","guid":{"rendered":"https:\/\/imagazine.it\/?p=14016"},"modified":"2014-05-08T00:00:00","modified_gmt":"2014-05-07T23:00:00","slug":"premio-luchetta-ecco-i-finalisti","status":"publish","type":"post","link":"https:\/\/imagazine.it\/home_desk\/premio-luchetta-ecco-i-finalisti\/","title":{"rendered":"Premio Luchetta, ecco i finalisti"},"content":{"rendered":"<p style=\"text-align: justify;\" class=\"ui-droppable\"> \t<strong>\u00c8 in programma dall\u20191 al 3 luglio a Trieste\u00a0<\/strong>l\u2019<strong>XI edizione del Premio Giornalistico internazionale Marco Luchetta<\/strong>, promosso dalla\u00a0<strong>Fondazione Luchetta Ota D\u2019Angelo Hrovatin<\/strong>\u00a0con la\u00a0<strong>Rai<\/strong>.\u00a0Incontri, dibatti, interviste, percorsi espositivi, presentazioni di novit\u00e0 editoriali e proiezioni saranno le trame portanti dell\u2019evento,\u00a0istituito nel ricordo della troupe Rai composta dai giornalisti\u00a0<strong>Marco Luchetta, Alessandro Ota e Dario D\u2019Angelo<\/strong>, assassinata a Mostar nel gennaio \u201994 e dell\u2019operatore\u00a0<strong>Miran Hrovatin<\/strong>\u00a0ucciso pochi mesi dopo a Mogadiscio con la giornalista\u00a0<strong>Ilaria Alpi.<\/strong>\u00a0\u00a0<\/p>\n<p style=\"text-align: justify;\" class=\"ui-droppable\"> \tSono passati <strong>vent\u2019anni<\/strong>\u00a0dai quei tragici eventi e l\u2019edizione 2014 del Premio Luchetta scandisce due ulteriori anniversari: quello dei\u00a0<strong>sessant&#8217;anni<\/strong>\u00a0dalla Fondazione della RAI e dei\u00a0<strong>cinquant&#8217;anni\u00a0<\/strong>dall\u2019insediamento della sede Rai Friuli Venezia Giulia. Un patrimonio di cronaca e informazione dal territorio, dall\u2019Italia e dal mondo che il Premio Luchetta rilancia in questa edizione, nel ricordo dei colleghi che, per informare dalle pi\u00f9 pericolose trincee dell\u2019informazione, hanno rischiato e perso la propria vita. Rivolto ai\u00a0giornalisti, ai tele-cineoperatori e fotoreporter\u00a0che, nell\u2019ambito della loro professione,\u00a0hanno raccontato con particolare sensibilit\u00e0 la difficile tematica\u00a0 delle violenze e delle sopraffazioni\u00a0\u00a0sulle vittime pi\u00f9 indifese, i\u00a0<strong>bambini<\/strong>,\u00a0\u00a0il\u00a0<strong>Premio Luchetta<\/strong>\u00a0ha valorizzato, nell&#8217;arco di dieci edizioni,\u00a0<strong>migliaia di corrispondenze dai fronti caldi di cinque continenti<\/strong>.\u00a0\u00a0<\/p>\n<p style=\"text-align: justify;\" class=\"ui-droppable\"> \tMolte le\u00a0<strong>novit\u00e0<\/strong>\u00a0che caratterizzano questa\u00a0<strong>11^ edizione<\/strong>: a cominciare dalla\u00a0<strong>Giuria<\/strong>\u00a0che ha valutato le opere in gara,\u00a0<strong>presieduta\u00a0<\/strong>quest&#8217;anno dal direttore della <em>Rai Tgr<\/em>\u00a0<strong>Vincenzo Morgante<\/strong>. Agli storici componenti si sono aggiunti il presidente della <em>Scuola di Giornalismo di Perugia<\/em> <strong>Nino<\/strong>\u00a0<strong>Rizzo Nervo<\/strong>, il direttore di <em>RaiTeche<\/em>\u00a0<strong>Barbara Scaramucci<\/strong>\u00a0e, in rappresentanza della <em>Fnsi<\/em>, <strong>Elena Polidori<\/strong>. Compongono inoltre la Giuria:\u00a0<strong>Maarten van Aalderen<\/strong>, presidente <em>Associazione Stampa estera in Italia<\/em>;\u00a0<strong>Stefano Marroni<\/strong>, vicedirettore <em>RaiTg2<\/em>; <strong>Mauro Mazza<\/strong>, direttore <em>Rai Sport<\/em>;\u00a0<strong>Giuliano Giubilei<\/strong>, vicedirettore <em>Rai Tg3<\/em>;\u00a0<strong>Paolo Possamai<\/strong>, direttore <em>Il Piccolo<\/em>;\u00a0<strong>Omar Monestier<\/strong>, direttore <em>Messaggero Veneto<\/em>; <strong>Dusan Udovic<\/strong>, direttore <em>Primorski Dnevnik<\/em>. Segretario di Giuria \u00e8\u00a0<strong>Giovanni Marzini<\/strong>.<\/p>\n<p style=\"text-align: justify;\" class=\"ui-droppable\"> \tNovit\u00e0 ulteriore, in linea con l&#8217;informazione del nostro tempo, \u00e8\u00a0<strong>la partecipazione estesa alle testate giornalistiche web<\/strong>, purch\u00e9 registrate<strong>.\u00a0<\/strong>Il\u00a0<strong>Premio Giornalistico Internazionale Marco Luchetta 2014<\/strong>\u00a0culminer\u00e0,\u00a0<strong>gioved\u00ec 3 luglio\u00a0<\/strong>al Politeama Rossetti di Trieste,\u00a0nella\u00a0\u00a0<strong>Serata speciale \u201cI Nostri Angeli\u201d<\/strong>, ripresa da Rai1 e condotta da\u00a0<strong>Duilio Giammaria.<\/strong><\/p>\n<p style=\"text-align: justify;\" class=\"ui-droppable\"> \tFra gli\u00a0<strong>eventi<\/strong>\u00a0in programma al\u00a0<strong>Premio Luchetta 2014<\/strong>\u00a0anche\u00a0<strong>un articolato omaggio al telecineoperatore Miran Hrovatin<\/strong>, assassinato a Mogadiscio con la collega Ilaria Alpi: a lui sar\u00e0 dedicato infatti il documentario prodotto da Videoest, \u201c<strong>Saluti da Miran<\/strong>\u201d, che il Premio Luchetta presenter\u00e0 a Trieste in una versione inedita, con una lunga intervista al figlio Ian. Il documentario offre un affettuoso ricordo di Miran Hrovatin con immagini di repertorio girate proprio da Miran nei suoi reportage di guerra dalla Bosnia, dal Sahara e dalla Somalia.\u00a0In omaggio a Miran anche il percorso espositivo\u00a0<em>I nostri angeli. Le migliori 10 foto nel ricordo di Miran Hrovatin<\/em>,\u00a0curato da Prandicom per la Fondazione Luchetta Ota D&#8217;Angelo Hrovatin. In anteprima al festival<strong>\u00a0Vicino\/Lontano\u00a0<\/strong>da sabato 10 a domenica 18 maggio, il percorso sar\u00e0 in mostra al festival \u00e8Storia di Gorizia prima di approdare a\u00a0<strong>Trieste<\/strong>, nelle giornate del\u00a0<strong>Premio<\/strong>\u00a0<strong>Luchetta 2014.<\/strong><\/p>\n<p style=\"text-align: justify;\" class=\"ui-droppable\"> \tE\u00a0<strong>sono state annunciate oggi le<\/strong>\u00a0<strong>terne finaliste dell&#8217;edizione 2014<\/strong>: l\u2019attualit\u00e0 internazionale riecheggia nelle corrispondenze pervenute quest\u2019anno al\u00a0<strong>Premio Luchetta<\/strong>, a cominciare dai servizi in finale nella\u00a0<strong>sezione Tv<\/strong>: quelli di\u00a0<strong>Riccardo<\/strong>\u00a0<strong>Chartroux<\/strong>\u00a0e\u00a0<strong>Flavia<\/strong>\u00a0<strong>Paone<\/strong>\u00a0per\u00a0<strong>Tg3<\/strong>, con le storie dei bimbi di strada a Delhi e la cronaca dello sgombero della discarica Rom vicino a Giugliano, Napoli; e la corrispondenza di\u00a0<strong>Lyse Doucet<\/strong>\u00a0per\u00a0<strong>Bbc<\/strong>, dal campo profughi di Yarmouk, ai confini con la Siria.<\/p>\n<p style=\"text-align: justify;\" class=\"ui-droppable\"> \tNella sezione\u00a0<strong>Luchetta quotidiani\/periodici<\/strong>\u00a0sono stati selezionati il reportage di\u00a0<strong>Francesco<\/strong>\u00a0<strong>Viviano<\/strong>\u00a0e\u00a0<strong>Alessandra<\/strong>\u00a0<strong>Ziniti<\/strong>\u00a0per\u00a0<strong>Repubblica<\/strong>, dedicato ai bimbi siriani miracolosamente scampati al naufragio nelle acque di Lampedusa lo scorso ottobre; l\u2019articolo di\u00a0\u00a0<strong>Lirio Abbate<\/strong>\u00a0per l&#8217;<strong>Espresso<\/strong>, sui\u00a0bambini soldato arruolati dai clan nel meridione d\u2019Italia; e quello di\u00a0<strong>Lucia Capuzzi<\/strong>\u00a0per\u00a0<strong>Avvenire<\/strong>, sul paradosso della povert\u00e0 in\u00a0<strong>Bolivia<\/strong>, dove i bimbi rivendicano di poter lavorare, pur di sostenere le loro famiglie.<\/p>\n<p style=\"text-align: justify;\" class=\"ui-droppable\"> \tNella sezione\u00a0<strong>Ota<\/strong>\u00a0per il miglior servizio giornalistico fino a 45\u2019 si contenderanno il premio 2014\u00a0<strong>Le Iene\/Italia1<\/strong>, che hanno raccontato i terribili\u00a0concorsi di bellezza per piccole Miss Americane vestite e truccate come fossero adulte;\u00a0<strong>Lucia Goracci per\u00a0Rai3-Doc3<\/strong>\u00a0che ha testimoniato\u00a0la battaglia delle bambine e delle adolescenti pachistane per rivendicare il loro diritto all\u2019istruzione; e\u00a0<strong>Marcel Mettelsiefen<\/strong>\u00a0che, per\u00a0<strong>Channel4<\/strong>, ha filmato la straordinaria capacit\u00e0 di adattamento dei bimbi siriani, in un quotidiano che non ha pi\u00f9 scuola n\u00e9 regole.<\/p>\n<p style=\"text-align: justify;\" class=\"ui-droppable\"> \tAl Premio Luchetta 2014 uno sguardo sulla stampa europea, con tre corrispondenze selezionate nella\u00a0<strong>sezione Dario D\u2019Angelo<\/strong>: quelle di\u00a0<strong>Tom Parry<\/strong>\u00a0del\u00a0<strong>Daily Mirror<\/strong>dall\u2019Uganda, di\u00a0<strong>Harriet Sherwood<\/strong>\u00a0per\u00a0<strong>The Guardian Weekly Magazine<\/strong>\u00a0dalla striscia di Gaza, e di\u00a0<strong>Richard Hooper<\/strong>\u00a0per\u00a0<strong>Bbc News Magazine<\/strong>\u00a0sull\u2019incredibile storia di un bimbo cinese rapito e venduto a cinque anni, ricongiunto alla famiglia\u00a0attraverso un sito internet.\u00a0\u00a0<\/p>\n<p style=\"text-align: justify;\" class=\"ui-droppable\"> \tInfine, nella sezione\u00a0<strong>Miran Hrovatin<\/strong>\u00a0per la migliore immagine fotografica sono approdate alla terna finalista le foto di\u00a0<strong>Vincenzo Floramo \u2013 The Guardian<\/strong>\u00a0che ritraggono\u00a0due adolescenti appartenenti alla minoranza Birmana Karen; di\u00a0<strong>Niclas Hammarstr\u00f6m<\/strong>\u00a0per il quotidiano svedese\u00a0<strong>Aftonbladet<\/strong>\u00a0sulla\u00a0condizione dei bambini ad Aleppo; di\u00a0<strong>Marco Gualazzini<\/strong>\u00a0che ha ritratto, per\u00a0<strong>Vanity Fair<\/strong>, un bimbo del\u00a0Sud Sudan seduto su di un termitaio: guarda l\u2019orizzonte e cerca di scorgere la terra da cui \u00e8 dovuto fuggire.<\/p>\n","protected":false},"excerpt":{"rendered":"<p>Evento in programma dall&#8217;1 al 3 luglio<\/p>\n","protected":false},"author":28,"featured_media":14017,"comment_status":"closed","ping_status":"closed","sticky":false,"template":"","format":"standard","meta":{"dwc-title":[],"dwc-content":[],"footnotes":""},"categories":[37],"tags":[],"class_list":["post-14016","post","type-post","status-publish","format-standard","has-post-thumbnail","hentry","category-cultura-e-spettacolo"],"rttpg_featured_image_url":{"full":["https:\/\/imagazine.it\/wp-content\/uploads\/2024\/01\/5320-1.webp",390,260,false],"landscape":["https:\/\/imagazine.it\/wp-content\/uploads\/2024\/01\/5320-1.webp",390,260,false],"portraits":["https:\/\/imagazine.it\/wp-content\/uploads\/2024\/01\/5320-1.webp",390,260,false],"thumbnail":["https:\/\/imagazine.it\/wp-content\/uploads\/2024\/01\/5320-1-150x150.webp",150,150,true],"medium":["https:\/\/imagazine.it\/wp-content\/uploads\/2024\/01\/5320-1-300x200.webp",300,200,true],"large":["https:\/\/imagazine.it\/wp-content\/uploads\/2024\/01\/5320-1.webp",390,260,false],"thumblist":["https:\/\/imagazine.it\/wp-content\/uploads\/2024\/01\/5320-1.webp",300,200,false],"thumbrelated":["https:\/\/imagazine.it\/wp-content\/uploads\/2024\/01\/5320-1.webp",390,260,false],"meccarouselthumb":["https:\/\/imagazine.it\/wp-content\/uploads\/2024\/01\/5320-1.webp",390,260,false],"gridsquare":["https:\/\/imagazine.it\/wp-content\/uploads\/2024\/01\/5320-1.webp",390,260,false],"tileview":["https:\/\/imagazine.it\/wp-content\/uploads\/2024\/01\/5320-1.webp",300,200,false],"1536x1536":["https:\/\/imagazine.it\/wp-content\/uploads\/2024\/01\/5320-1.webp",390,260,false],"2048x2048":["https:\/\/imagazine.it\/wp-content\/uploads\/2024\/01\/5320-1.webp",390,260,false],"newsup-slider-full":["https:\/\/imagazine.it\/wp-content\/uploads\/2024\/01\/5320-1.webp",390,260,false],"newsup-featured":["https:\/\/imagazine.it\/wp-content\/uploads\/2024\/01\/5320-1.webp",390,260,false],"newsup-medium":["https:\/\/imagazine.it\/wp-content\/uploads\/2024\/01\/5320-1.webp",390,260,false],"tptn_thumbnail":["https:\/\/imagazine.it\/wp-content\/uploads\/2024\/01\/5320-1.webp",250,167,false],"sow-carousel-default":["https:\/\/imagazine.it\/wp-content\/uploads\/2024\/01\/5320-1-272x182.webp",272,182,true]},"rttpg_author":{"display_name":"redazione","author_link":"https:\/\/imagazine.it\/home_desk\/author\/redazione\/"},"rttpg_comment":0,"rttpg_category":"<a href=\"https:\/\/imagazine.it\/home_desk\/category\/cultura-e-spettacolo\/\" rel=\"category tag\">CULTURA&amp;SPETTACOLO<\/a>","rttpg_excerpt":"Evento in programma dall'1 al 3 luglio","_links":{"self":[{"href":"https:\/\/imagazine.it\/home_desk\/wp-json\/wp\/v2\/posts\/14016","targetHints":{"allow":["GET"]}}],"collection":[{"href":"https:\/\/imagazine.it\/home_desk\/wp-json\/wp\/v2\/posts"}],"about":[{"href":"https:\/\/imagazine.it\/home_desk\/wp-json\/wp\/v2\/types\/post"}],"author":[{"embeddable":true,"href":"https:\/\/imagazine.it\/home_desk\/wp-json\/wp\/v2\/users\/28"}],"replies":[{"embeddable":true,"href":"https:\/\/imagazine.it\/home_desk\/wp-json\/wp\/v2\/comments?post=14016"}],"version-history":[{"count":0,"href":"https:\/\/imagazine.it\/home_desk\/wp-json\/wp\/v2\/posts\/14016\/revisions"}],"wp:featuredmedia":[{"embeddable":true,"href":"https:\/\/imagazine.it\/home_desk\/wp-json\/wp\/v2\/media\/14017"}],"wp:attachment":[{"href":"https:\/\/imagazine.it\/home_desk\/wp-json\/wp\/v2\/media?parent=14016"}],"wp:term":[{"taxonomy":"category","embeddable":true,"href":"https:\/\/imagazine.it\/home_desk\/wp-json\/wp\/v2\/categories?post=14016"},{"taxonomy":"post_tag","embeddable":true,"href":"https:\/\/imagazine.it\/home_desk\/wp-json\/wp\/v2\/tags?post=14016"}],"curies":[{"name":"wp","href":"https:\/\/api.w.org\/{rel}","templated":true}]}}