{"id":14003,"date":"2014-05-07T00:00:00","date_gmt":"2014-05-06T23:00:00","guid":{"rendered":"https:\/\/imagazine.it\/?p=14003"},"modified":"2014-05-07T00:00:00","modified_gmt":"2014-05-06T23:00:00","slug":"trieste-nuova-area-giochi-in-via-soncini","status":"publish","type":"post","link":"https:\/\/imagazine.it\/home_desk\/trieste-nuova-area-giochi-in-via-soncini\/","title":{"rendered":"Trieste, nuova area giochi in via Soncini"},"content":{"rendered":"<p style=\"text-align: justify;\"> \tDa oggi anche i bambini del Comprensorio di via Soncini, gestito dalla Fondazione Antonio Caccia e Maria Burlo Garofolo, avranno a disposizione un nuovo spazio dove potersi divertire. La struttura gioco per esterno, acquistata grazie al sostegno della Fondazione CRTrieste, \u00e8 stata consegnata questa mattina nel corso di un incontro con la stampa.<\/p>\n<p style=\"text-align: justify;\"> \tAll&#39;appuntamento sono intervenuti, <strong>Lori Petronio<\/strong>, Presidente della Fondazione Antonio Caccia e Maria Burlo Garofolo e <strong>Renzo Piccini<\/strong>, Vicepresidente del Consiglio di Amministrazione delle Fondazione CRTrieste.<\/p>\n<p style=\"text-align: justify;\"> \tLa Fondazione Antonio Caccia e Maria Burlo Garofolo, oltre ad assegnare in via provvisoria abitazioni a famiglie o persone impossibilitate a procurarsele nel mercato privato, a causa delle loro condizioni economiche, opera anche in un\u2019ottica di sostegno sociale degli individui e di intervento finalizzato al recupero dell\u2019autonomia personale ed economica. Cerca infatti di dare un\u2019autentica agevolazione a quei nuclei familiari monoreddito, soggetti a basso reddito, con a carico figli minori o lavoratori precari.<\/p>\n<p style=\"text-align: justify;\"> \tAttualmente nei 239 alloggi di propriet\u00e0 dell&#39;Ente e nel solo Comprensorio di via Soncini, le famiglie con minori a carico son ben 77 per un totale di 109 minori e,\u00a0nonostante la presenza di tanti bambini, fino a oggi non esisteva un&#39;area attrezzata con strutture per il gioco. Questa mancanza \u00e8 stata segnalata alla Fondazione CRTrieste che \u00e8 voluta intervenire affinch\u00e9 i minori che abitano il comprensorio potessero beneficiare di una zona di svago.<\/p>\n<p style=\"text-align: justify;\"> \t\u00c8 stata dunque ideata una soluzione che ha visto lo stanziamento di un contributo da parte della Fondazione CRTrieste per l&#39;acquisto di una struttura gioco, che da oggi si trova nel giardino del Comprensorio di via Soncini. L&#39;area attrezzata \u00e8 strutturata in una torre multi-funzione con due piani di gioco ed \u00e8 completa di altalena, scivolo, palestra attrezzata con un&#39;arrampicata su rete, spalliera inclinata, fune di salita, attraversata su anelli rotanti e arrampicata climber. Al piano inferiore c&#39;\u00e8 inoltre un banchetto con un ripiano a mensola che permette i giochi di ruolo e un gioco a molla, per bambini da 2 a 9 anni.<\/p>\n<p style=\"text-align: justify;\"> \tDal 1934 la Fondazione Antonio Caccia e Maria Burlo Garofolo opera, unica in Regione, nel settore assistenziale alloggiativo fornendo risposte a coloro che vivono in prima persona un momento di disagio economico e sociale che non consente loro di trovare soluzioni abitative diverse. La sua attivit\u00e0 \u00e8 indirizzata ai cittadini residenti da almeno tre anni nel territorio della provincia di Trieste in possesso dei requisiti previsti dallo Statuto. Il numero di famiglie assistite e dunque di minori seguiti varia continuamente in quanto le assegnazioni degli alloggi, ove liberi, vengono attuate di mese in mese.<\/p>\n","protected":false},"excerpt":{"rendered":"<p>Grazie alla Fondazione CRT<\/p>\n","protected":false},"author":28,"featured_media":0,"comment_status":"closed","ping_status":"closed","sticky":false,"template":"","format":"standard","meta":{"dwc-title":[],"dwc-content":[],"footnotes":""},"categories":[5],"tags":[],"class_list":["post-14003","post","type-post","status-publish","format-standard","hentry","category-attualita"],"rttpg_featured_image_url":null,"rttpg_author":{"display_name":"redazione","author_link":"https:\/\/imagazine.it\/home_desk\/author\/redazione\/"},"rttpg_comment":0,"rttpg_category":"<a href=\"https:\/\/imagazine.it\/home_desk\/category\/attualita\/\" rel=\"category tag\">ATTUALIT\u00c0<\/a>","rttpg_excerpt":"Grazie alla Fondazione CRT","_links":{"self":[{"href":"https:\/\/imagazine.it\/home_desk\/wp-json\/wp\/v2\/posts\/14003","targetHints":{"allow":["GET"]}}],"collection":[{"href":"https:\/\/imagazine.it\/home_desk\/wp-json\/wp\/v2\/posts"}],"about":[{"href":"https:\/\/imagazine.it\/home_desk\/wp-json\/wp\/v2\/types\/post"}],"author":[{"embeddable":true,"href":"https:\/\/imagazine.it\/home_desk\/wp-json\/wp\/v2\/users\/28"}],"replies":[{"embeddable":true,"href":"https:\/\/imagazine.it\/home_desk\/wp-json\/wp\/v2\/comments?post=14003"}],"version-history":[{"count":0,"href":"https:\/\/imagazine.it\/home_desk\/wp-json\/wp\/v2\/posts\/14003\/revisions"}],"wp:attachment":[{"href":"https:\/\/imagazine.it\/home_desk\/wp-json\/wp\/v2\/media?parent=14003"}],"wp:term":[{"taxonomy":"category","embeddable":true,"href":"https:\/\/imagazine.it\/home_desk\/wp-json\/wp\/v2\/categories?post=14003"},{"taxonomy":"post_tag","embeddable":true,"href":"https:\/\/imagazine.it\/home_desk\/wp-json\/wp\/v2\/tags?post=14003"}],"curies":[{"name":"wp","href":"https:\/\/api.w.org\/{rel}","templated":true}]}}