{"id":13998,"date":"2014-05-07T00:00:00","date_gmt":"2014-05-06T23:00:00","guid":{"rendered":"https:\/\/imagazine.it\/?p=13998"},"modified":"2014-05-07T00:00:00","modified_gmt":"2014-05-06T23:00:00","slug":"trieste-studenti-e-anziani-uniti-nellarte","status":"publish","type":"post","link":"https:\/\/imagazine.it\/home_desk\/trieste-studenti-e-anziani-uniti-nellarte\/","title":{"rendered":"Trieste, studenti e anziani uniti nell&#8217;arte"},"content":{"rendered":"<p style=\"text-align: justify;\" class=\"ui-droppable\"> \t\u00c8 in programma mercoled\u00ec 21 maggio, a Trieste, l\u2019evento conclusivo del progetto \u2018Esistenze 2014\u2019, Osservatorio sulle Et\u00e0 della vita: sar\u00e0 una rappresentazione itinerante con\u00a0partenza alle 15.30 in Piazza Tor Cucherna\u00a0e con un\u00a0percorso a stazioni, che si snoder\u00e0 nella citt\u00e0 vecchia, in sei tappe, per approdare in Piazza Unit\u00e0 per l\u2019evento coreografico finale, al quale parteciperanno\u00a0pi\u00f9 di 600\u00a0alunni delle Scuole Primarie di Trieste di vari comuni della regione\u00a0insieme agli anziani\u00a0delle residenze \u201cCasa Serena\u201d e \u201cCasa Bartoli\u201d, Casa di Riposo Comunale \u201cFratelli Stuparich\u201d di Duino Aurisina\/Devin Nabre\u017eina, Casa di Riposo \u201cMario Capon\u201d di Opicina &#8211; Villa Carsia, Saletta di incontro del CAD di Opicina &#8211; Villa Carsia, Residenza \u201cGregoretti\u201d del Comune di Trieste, Ad Maiores &#8211; Residenza per Anziani, Servizi Socioassistenziali dell\u2019Ambito 1.1 dei Comuni di Duino Aurisina, Sgonico e Monrupino, Gruppo Volontari Duino Aurisina \u2013 S. Croce, Casa di Riposo Comunale di Muggia, Casa di Riposo Comunale \u201cAngelo Culot\u201d di Gorizia, Fondazione \u201cOsiride Brovedani\u201d Onlus di Gradisca d\u2019Isonzo, Casa di Risposo Comunale \u201cLa Cjase\u201d di Cormons, Spi &#8211; CGIL Lega Distrettuale di Udine, Anziani del servizio Pedibus \u201cL\u2019Ippopotamo\u201d e \u201cIl leone\u201d della Scuola Primaria \u201cA. Friz\u201d di Udine.\u00a0<\/p>\n<p style=\"text-align: justify;\" class=\"ui-droppable\"> \t<strong>Roberto Vecchioni<\/strong>, con \u201cIl libraio di Selinunte\u201d (Einaudi 2004) e\u00a0<strong>Massimo Cirri<\/strong>\u00a0con \u201cIl tempo senza lavoro\u201d (Feltrinelli 2013), sono i\u00a0due autori \u2013 guida dell\u2019edizione 2014 del progetto \u2018Esistenze\u2019, ideato e promosso dal\u00a0CTA Gorizia, a cura di\u00a0<strong>Roberto<\/strong>\u00a0<strong>Piaggio<\/strong> ed <strong>Elisabetta Gustini<\/strong>, per mettere a confronto due diversi periodi dell\u2019esistenza, l\u2019infanzia e la vecchiaia. All\u2019edizione 2014 del progetto hanno preso parte gli alunni delle\u00a0scuole dell\u2019Infanzia Comunale \u201cTor Cucherna\u201d, Scuola Primaria \u201cUmberto Saba\u201d, Scuola Primaria \u201cVittorio Longo\u201d, Scuola Primaria \u201cDomenico Rossetti\u201d, Scuola Primaria \u201cSandro Pertini\u201d, Scuola Primaria \u201cRuggero Manna\u201d, Scuola Primaria \u201cElio de Morpurgo\u201d, Scuola Primaria \u201cEdmondo De Amicis\u201d di Muggia, Scuola Primaria \u201cDante Alighieri\u201d di Gradisca d\u2019Isonzo, Scuola Primaria \u201cAlessandro Manzoni\u201d di Cormons, Scuola Primaria \u201cGiuseppe Ungaretti\u201d di Gorizia, Scuola Primaria \u201cAntonio Friz\u201d di Udine, Scuola Primaria \u201cEgidio Feruglio\u201d di Feletto Umberto, Scuola Secondaria di Primo Grado Bilingue di San Pietro al Natisone.\u00a0<\/p>\n<p style=\"text-align: justify;\" class=\"ui-droppable\"> \tContestualmente al progetto della produzione teatrale, alcuni laboratori sono stati finalizzati al\u00a0progetto radiofonico &#8220;Solo voce&#8221;, in collaborazione con la sede regionale Rai del Friuli Venezia Giulia, a cura del regista\u00a0<strong>Mario Mirasola<\/strong>. \u00abQuest&#8217;anno \u2013 spiega Roberto Piaggio \u2013 si \u00e8 lavorato su due libri molto diversi fra loro, ma che comunque ci appaiono ambedue importanti per le problematiche che propongono:\u00a0&#8220;Il libraio di Selinunte&#8221; di Roberto Vecchioni, che affronta in modo particolare il tema della comprensione di ci\u00f2 che le parole possono trasmetterci; e il saggio \u201cIl tempo senza lavoro\u201d di Massimo Cirri, uno degli autori della trasmissione radiofonica \u201cCaterpillar\u201d della RAI, per proporre una riflessione sul tempo &#8220;non occupato&#8221;, sul \u201cnon far niente\u201d, a chi\u00a0sa bene quant\u2019\u00e8 importante avere un lavoro e ne ha fatto esperienza, e a chi un lavoro vorr\u00e0 e dovr\u00e0 cercarlo fra qualche anno\u00bb.<\/p>\n","protected":false},"excerpt":{"rendered":"<p>Si conclude il progetto &#8220;Esistenze&#8221;<\/p>\n","protected":false},"author":28,"featured_media":13999,"comment_status":"closed","ping_status":"closed","sticky":false,"template":"","format":"standard","meta":{"dwc-title":[],"dwc-content":[],"footnotes":""},"categories":[5],"tags":[],"class_list":["post-13998","post","type-post","status-publish","format-standard","has-post-thumbnail","hentry","category-attualita"],"rttpg_featured_image_url":{"full":["https:\/\/imagazine.it\/wp-content\/uploads\/2024\/01\/5289-1.webp",800,580,false],"landscape":["https:\/\/imagazine.it\/wp-content\/uploads\/2024\/01\/5289-1.webp",800,580,false],"portraits":["https:\/\/imagazine.it\/wp-content\/uploads\/2024\/01\/5289-1.webp",800,580,false],"thumbnail":["https:\/\/imagazine.it\/wp-content\/uploads\/2024\/01\/5289-1-150x150.webp",150,150,true],"medium":["https:\/\/imagazine.it\/wp-content\/uploads\/2024\/01\/5289-1-300x218.webp",300,218,true],"large":["https:\/\/imagazine.it\/wp-content\/uploads\/2024\/01\/5289-1.webp",640,464,false],"thumblist":["https:\/\/imagazine.it\/wp-content\/uploads\/2024\/01\/5289-1.webp",300,218,false],"thumbrelated":["https:\/\/imagazine.it\/wp-content\/uploads\/2024\/01\/5289-1.webp",500,363,false],"meccarouselthumb":["https:\/\/imagazine.it\/wp-content\/uploads\/2024\/01\/5289-1.webp",447,324,false],"gridsquare":["https:\/\/imagazine.it\/wp-content\/uploads\/2024\/01\/5289-1.webp",359,260,false],"tileview":["https:\/\/imagazine.it\/wp-content\/uploads\/2024\/01\/5289-1.webp",300,218,false],"1536x1536":["https:\/\/imagazine.it\/wp-content\/uploads\/2024\/01\/5289-1.webp",800,580,false],"2048x2048":["https:\/\/imagazine.it\/wp-content\/uploads\/2024\/01\/5289-1.webp",800,580,false],"newsup-slider-full":["https:\/\/imagazine.it\/wp-content\/uploads\/2024\/01\/5289-1.webp",800,580,false],"newsup-featured":["https:\/\/imagazine.it\/wp-content\/uploads\/2024\/01\/5289-1.webp",800,580,false],"newsup-medium":["https:\/\/imagazine.it\/wp-content\/uploads\/2024\/01\/5289-1-720x380.webp",720,380,true],"tptn_thumbnail":["https:\/\/imagazine.it\/wp-content\/uploads\/2024\/01\/5289-1.webp",250,181,false],"sow-carousel-default":["https:\/\/imagazine.it\/wp-content\/uploads\/2024\/01\/5289-1-272x182.webp",272,182,true]},"rttpg_author":{"display_name":"redazione","author_link":"https:\/\/imagazine.it\/home_desk\/author\/redazione\/"},"rttpg_comment":0,"rttpg_category":"<a href=\"https:\/\/imagazine.it\/home_desk\/category\/attualita\/\" rel=\"category tag\">ATTUALIT\u00c0<\/a>","rttpg_excerpt":"Si conclude il progetto \"Esistenze\"","_links":{"self":[{"href":"https:\/\/imagazine.it\/home_desk\/wp-json\/wp\/v2\/posts\/13998","targetHints":{"allow":["GET"]}}],"collection":[{"href":"https:\/\/imagazine.it\/home_desk\/wp-json\/wp\/v2\/posts"}],"about":[{"href":"https:\/\/imagazine.it\/home_desk\/wp-json\/wp\/v2\/types\/post"}],"author":[{"embeddable":true,"href":"https:\/\/imagazine.it\/home_desk\/wp-json\/wp\/v2\/users\/28"}],"replies":[{"embeddable":true,"href":"https:\/\/imagazine.it\/home_desk\/wp-json\/wp\/v2\/comments?post=13998"}],"version-history":[{"count":0,"href":"https:\/\/imagazine.it\/home_desk\/wp-json\/wp\/v2\/posts\/13998\/revisions"}],"wp:featuredmedia":[{"embeddable":true,"href":"https:\/\/imagazine.it\/home_desk\/wp-json\/wp\/v2\/media\/13999"}],"wp:attachment":[{"href":"https:\/\/imagazine.it\/home_desk\/wp-json\/wp\/v2\/media?parent=13998"}],"wp:term":[{"taxonomy":"category","embeddable":true,"href":"https:\/\/imagazine.it\/home_desk\/wp-json\/wp\/v2\/categories?post=13998"},{"taxonomy":"post_tag","embeddable":true,"href":"https:\/\/imagazine.it\/home_desk\/wp-json\/wp\/v2\/tags?post=13998"}],"curies":[{"name":"wp","href":"https:\/\/api.w.org\/{rel}","templated":true}]}}