{"id":13997,"date":"2014-05-07T00:00:00","date_gmt":"2014-05-06T23:00:00","guid":{"rendered":"https:\/\/imagazine.it\/?p=13997"},"modified":"2014-05-07T00:00:00","modified_gmt":"2014-05-06T23:00:00","slug":"gorizia-corso-per-raccogliere-i-funghi","status":"publish","type":"post","link":"https:\/\/imagazine.it\/home_desk\/gorizia-corso-per-raccogliere-i-funghi\/","title":{"rendered":"Gorizia, corso per raccogliere i funghi"},"content":{"rendered":"<p style=\"text-align: justify;\" class=\"ui-droppable\"> \tLa Provincia di Gorizia organizza anche quest\u2019anno un corso per il rilascio dell\u2019autorizzazione per la raccolta dei funghi sul territorio regionale. Il corso \u00e8 aperto a tutti i maggiorenni (anche se non residenti in Friuli Venezia Giulia), durer\u00e0 15 ore, inizier\u00e0 il prossimo 4 giugno e terminer\u00e0 il 21 giugno.<\/p>\n<p style=\"text-align: justify;\" class=\"ui-droppable\"> \tPer partecipare al corso si deve presentare domanda all\u2019Ufficio gestione faunistico-venatoria e risorse naturali della Provincia di Gorizia (via Rossini 7\/A; tel. 0481.547120) entro il prossimo 31 maggio. Nella stessa domanda si dovr\u00e0 chiedere anche l\u2019ammissione al colloquio che avverr\u00e0 subito dopo la conclusione del corso. Per l\u2019ammissione al colloquio, tuttavia, non \u00e8 richiesta la frequenza del corso, essendo questo facoltativo.<\/p>\n<p style=\"text-align: justify;\" class=\"ui-droppable\"> \tSi ricorda, inoltre, che le persone in possesso di tre o pi\u00f9 permessi per la raccolta dei funghi rilasciati nel periodo compreso tra il 17 maggio 1993 e il 17 maggio 2000, possono ottenere l\u2019autorizzazione alla raccolta dei funghi senza sostenere il colloquio, presentando apposita dichiarazione suddetto Ufficio della Provincia, sempre entro il prossimo 31 maggio.<\/p>\n","protected":false},"excerpt":{"rendered":"<p>Organizzato dalla Provincia<\/p>\n","protected":false},"author":28,"featured_media":0,"comment_status":"closed","ping_status":"closed","sticky":false,"template":"","format":"standard","meta":{"dwc-title":[],"dwc-content":[],"footnotes":""},"categories":[5],"tags":[],"class_list":["post-13997","post","type-post","status-publish","format-standard","hentry","category-attualita"],"rttpg_featured_image_url":null,"rttpg_author":{"display_name":"redazione","author_link":"https:\/\/imagazine.it\/home_desk\/author\/redazione\/"},"rttpg_comment":0,"rttpg_category":"<a href=\"https:\/\/imagazine.it\/home_desk\/category\/attualita\/\" rel=\"category tag\">ATTUALIT\u00c0<\/a>","rttpg_excerpt":"Organizzato dalla Provincia","_links":{"self":[{"href":"https:\/\/imagazine.it\/home_desk\/wp-json\/wp\/v2\/posts\/13997","targetHints":{"allow":["GET"]}}],"collection":[{"href":"https:\/\/imagazine.it\/home_desk\/wp-json\/wp\/v2\/posts"}],"about":[{"href":"https:\/\/imagazine.it\/home_desk\/wp-json\/wp\/v2\/types\/post"}],"author":[{"embeddable":true,"href":"https:\/\/imagazine.it\/home_desk\/wp-json\/wp\/v2\/users\/28"}],"replies":[{"embeddable":true,"href":"https:\/\/imagazine.it\/home_desk\/wp-json\/wp\/v2\/comments?post=13997"}],"version-history":[{"count":0,"href":"https:\/\/imagazine.it\/home_desk\/wp-json\/wp\/v2\/posts\/13997\/revisions"}],"wp:attachment":[{"href":"https:\/\/imagazine.it\/home_desk\/wp-json\/wp\/v2\/media?parent=13997"}],"wp:term":[{"taxonomy":"category","embeddable":true,"href":"https:\/\/imagazine.it\/home_desk\/wp-json\/wp\/v2\/categories?post=13997"},{"taxonomy":"post_tag","embeddable":true,"href":"https:\/\/imagazine.it\/home_desk\/wp-json\/wp\/v2\/tags?post=13997"}],"curies":[{"name":"wp","href":"https:\/\/api.w.org\/{rel}","templated":true}]}}