{"id":13987,"date":"2014-05-06T00:00:00","date_gmt":"2014-05-05T23:00:00","guid":{"rendered":"https:\/\/imagazine.it\/?p=13987"},"modified":"2014-05-06T00:00:00","modified_gmt":"2014-05-05T23:00:00","slug":"elicotteri-olandesi-in-addestramento-a-rivolto","status":"publish","type":"post","link":"https:\/\/imagazine.it\/home_desk\/elicotteri-olandesi-in-addestramento-a-rivolto\/","title":{"rendered":"Elicotteri olandesi in addestramento a Rivolto"},"content":{"rendered":"<p class=\"ui-droppable\" style=\"text-align: justify;\"> \tLa Base Aerea di Rivolto, sede del 2\u00b0 Stormo dell\u2019AM, ospiter\u00e0 le forze aeree olandesi (Royal Netherlands Air Force \u2013 RNLAF) alle quali fornir\u00e0 il supporto tecnico e logistico che consentir\u00e0 ai piloti di elicottero di addestrarsi al volo montano.<\/p>\n<p class=\"ui-droppable\" style=\"text-align: justify;\"> \tDal 12 al 28 maggio, circa 150 tra uomini e donne e 8 elicotteri della RNLAF saranno schierati presso il 2\u00b0 Stormo di Rivolto per addestrare le loro unit\u00e0 di elicotteri AH64 \u201cApache\u201d e CH47 \u201cChinook\u201d al volo in ambiente montano, notoriamente differente dall&#39;orografia prevalentemente pianeggiante dei Paesi Bassi.<\/p>\n<\/p>\n<p class=\"ui-droppable\" style=\"text-align: justify;\"> \tL&#39;esercitazione verr\u00e0 condotta con il supporto tecnico e logistico del 2\u00b0 Stormo dell&#39;Aeronautica Militare italiana, con sede proprio a Rivolto, il quale avr\u00e0 nell&#39;occasione anche l&#39;opportunit\u00e0 di effettuare attivit\u00e0 addestrativa del proprio personale operante sul sistema missilistico di difesa di punto \u201cSPADA\u201d nei confronti delle minacce costituite da velivoli \u201cslow movers\u201d a bassa quota, nell&#39;ottica di garantire al territorio nazionale un sistema di difesa aerea sempre pi\u00f9 performante e in linea coi tempi.<\/p>\n<p class=\"ui-droppable\" style=\"text-align: justify;\"> \tSi tratta di un&#39;attivit\u00e0 di collaborazione inserita nel pi\u00f9 ampio contesto di cooperazione internazionale della Difesa che coinvolge, in modo multilaterale, i Paesi appartenenti alla NATO e quelli con i quali esistono legami sanciti attraverso accordi istituzionali di collaborazione.<\/p>\n<p class=\"ui-droppable\" style=\"text-align: justify;\"> \tL\u2019attivit\u00e0 di volo verr\u00e0 svolta nel pieno rispetto della normativa italiana in tema di sicurezza del volo e in particolare non verr\u00e0 svolta alcuna attivit\u00e0 di volo notturna, gli elicotteri rimarranno lontani da centri abitati, parchi naturali o aree prprotette. In caso di sorvolo, verranno rispettate sempre le limitazioni imposte dalle regolamentazioni vigenti.<\/p>\n","protected":false},"excerpt":{"rendered":"<p>Nel contesto del programma &#8220;High Blaze 2014&#8221;<\/p>\n","protected":false},"author":28,"featured_media":13988,"comment_status":"closed","ping_status":"closed","sticky":false,"template":"","format":"standard","meta":{"dwc-title":[],"dwc-content":[],"footnotes":""},"categories":[5],"tags":[],"class_list":["post-13987","post","type-post","status-publish","format-standard","has-post-thumbnail","hentry","category-attualita"],"rttpg_featured_image_url":{"full":["https:\/\/imagazine.it\/wp-content\/uploads\/2024\/01\/5282-1.webp",391,260,false],"landscape":["https:\/\/imagazine.it\/wp-content\/uploads\/2024\/01\/5282-1.webp",391,260,false],"portraits":["https:\/\/imagazine.it\/wp-content\/uploads\/2024\/01\/5282-1.webp",391,260,false],"thumbnail":["https:\/\/imagazine.it\/wp-content\/uploads\/2024\/01\/5282-1-150x150.webp",150,150,true],"medium":["https:\/\/imagazine.it\/wp-content\/uploads\/2024\/01\/5282-1-300x199.webp",300,199,true],"large":["https:\/\/imagazine.it\/wp-content\/uploads\/2024\/01\/5282-1.webp",391,260,false],"thumblist":["https:\/\/imagazine.it\/wp-content\/uploads\/2024\/01\/5282-1.webp",300,199,false],"thumbrelated":["https:\/\/imagazine.it\/wp-content\/uploads\/2024\/01\/5282-1.webp",391,260,false],"meccarouselthumb":["https:\/\/imagazine.it\/wp-content\/uploads\/2024\/01\/5282-1.webp",391,260,false],"gridsquare":["https:\/\/imagazine.it\/wp-content\/uploads\/2024\/01\/5282-1.webp",391,260,false],"tileview":["https:\/\/imagazine.it\/wp-content\/uploads\/2024\/01\/5282-1.webp",300,199,false],"1536x1536":["https:\/\/imagazine.it\/wp-content\/uploads\/2024\/01\/5282-1.webp",391,260,false],"2048x2048":["https:\/\/imagazine.it\/wp-content\/uploads\/2024\/01\/5282-1.webp",391,260,false],"newsup-slider-full":["https:\/\/imagazine.it\/wp-content\/uploads\/2024\/01\/5282-1.webp",391,260,false],"newsup-featured":["https:\/\/imagazine.it\/wp-content\/uploads\/2024\/01\/5282-1.webp",391,260,false],"newsup-medium":["https:\/\/imagazine.it\/wp-content\/uploads\/2024\/01\/5282-1.webp",391,260,false],"tptn_thumbnail":["https:\/\/imagazine.it\/wp-content\/uploads\/2024\/01\/5282-1.webp",250,166,false],"sow-carousel-default":["https:\/\/imagazine.it\/wp-content\/uploads\/2024\/01\/5282-1-272x182.webp",272,182,true]},"rttpg_author":{"display_name":"redazione","author_link":"https:\/\/imagazine.it\/home_desk\/author\/redazione\/"},"rttpg_comment":0,"rttpg_category":"<a href=\"https:\/\/imagazine.it\/home_desk\/category\/attualita\/\" rel=\"category tag\">ATTUALIT\u00c0<\/a>","rttpg_excerpt":"Nel contesto del programma \"High Blaze 2014\"","_links":{"self":[{"href":"https:\/\/imagazine.it\/home_desk\/wp-json\/wp\/v2\/posts\/13987","targetHints":{"allow":["GET"]}}],"collection":[{"href":"https:\/\/imagazine.it\/home_desk\/wp-json\/wp\/v2\/posts"}],"about":[{"href":"https:\/\/imagazine.it\/home_desk\/wp-json\/wp\/v2\/types\/post"}],"author":[{"embeddable":true,"href":"https:\/\/imagazine.it\/home_desk\/wp-json\/wp\/v2\/users\/28"}],"replies":[{"embeddable":true,"href":"https:\/\/imagazine.it\/home_desk\/wp-json\/wp\/v2\/comments?post=13987"}],"version-history":[{"count":0,"href":"https:\/\/imagazine.it\/home_desk\/wp-json\/wp\/v2\/posts\/13987\/revisions"}],"wp:featuredmedia":[{"embeddable":true,"href":"https:\/\/imagazine.it\/home_desk\/wp-json\/wp\/v2\/media\/13988"}],"wp:attachment":[{"href":"https:\/\/imagazine.it\/home_desk\/wp-json\/wp\/v2\/media?parent=13987"}],"wp:term":[{"taxonomy":"category","embeddable":true,"href":"https:\/\/imagazine.it\/home_desk\/wp-json\/wp\/v2\/categories?post=13987"},{"taxonomy":"post_tag","embeddable":true,"href":"https:\/\/imagazine.it\/home_desk\/wp-json\/wp\/v2\/tags?post=13987"}],"curies":[{"name":"wp","href":"https:\/\/api.w.org\/{rel}","templated":true}]}}