{"id":13896,"date":"2014-04-18T00:00:00","date_gmt":"2014-04-17T23:00:00","guid":{"rendered":"https:\/\/imagazine.it\/?p=13896"},"modified":"2014-04-18T00:00:00","modified_gmt":"2014-04-17T23:00:00","slug":"trincee-estoria-ricorda-la-grande-guerra","status":"publish","type":"post","link":"https:\/\/imagazine.it\/home_desk\/trincee-estoria-ricorda-la-grande-guerra\/","title":{"rendered":"&#8220;Trincee&#8221;, \u00e8Storia ricorda la Grande Guerra"},"content":{"rendered":"<p style=\"text-align: justify;\" class=\"ui-droppable\"> \t\u201cTrincee\u201d \u00e8 il titolo scelto per la X\u00b0 edizione di <strong>\u00e8Storia, il Festival Internazionale della Storia<\/strong> che sar\u00e0 dedicato al <strong>centenario della Grande Guerra <\/strong>e si terr\u00e0 dal <strong>22 al 25 maggio.<\/strong><\/p>\n<p style=\"text-align: justify;\" class=\"ui-droppable\"> \tLa manifestazione, diretta da <strong>Adriano Ossola<\/strong> e organizzata <strong>dall\u2019Associazione culturale \u00e8Storia<\/strong>, vuole portare al centro della scena la storia come motivo di dialogo e Gorizia come luogo d\u2019incontro.<\/p>\n<p style=\"text-align: justify;\" class=\"ui-droppable\"> \t\u201cUn terribile amore per la storia: parafrasando il titolo di un celebre libro di James Hillman \u00e8 questo il sentimento che ci ha accompagna fin dalla prima edizione nel realizzare <em>\u00e8Storia \u2013 Festival internazionale della Storia\u201d <\/em><strong>ha dichiarato Adriano Ossola<\/strong>, ideatore della manifestazione. \u201cLa decima edizione \u2013 continua Ossola &#8211; coincide con uno degli anniversari\u00a0 pi\u00f9 importanti per Gorizia e il suo territorio, il centesimo dello scoppio della Grande Guerra e\u00a0 la partenza per il fronte dei primi Goriziani chiamati alle armi nelle fila dell\u2019imperial-regio esercito austro-ungarico. Dal momento in cui l\u2019Italia entr\u00f2 in guerra la soglia di Gorizia divenne, com\u2019\u00e8 noto, la pi\u00f9 ambita sia dal punto di vista materiale che simbolico per entrambe i contendenti e le battaglie sull\u2019Isonzo costituirono in Italia \u201cla\u201d Grande Guerra per definizione, stante l\u2019atteggiamento esclusivamente difensivo nel settore trentino. Non potevamo quindi avvicinarci al tema della decima edizione \u2013 \u201cTrincee\u201d \u2013 se non con un senso di accresciuta e orgogliosa responsabilit\u00e0, tentando di commemorare in maniera sobria e storiograficamente rigorosa uno snodo che riteniamo ancora oggi in parte irrisolto nell\u2019identit\u00e0 cittadina, restituendo alla guerra carsico-isontina la rilevanza\u00a0 internazionale che gi\u00e0 possedeva durante il conflitto e arricchendo questo approccio\u00a0 con il ricorso alla memoria letteraria, musicale, teatrale e filmica\u201d.<\/p>\n<p style=\"text-align: justify;\" class=\"ui-droppable\"> \tQuattro giorni no stop in cui la citt\u00e0 di Gorizia sar\u00e0 animata da oltre <strong>100<\/strong><strong> eventi <\/strong>tra <strong>convegni, presentazioni, dialoghi, mostre, proiezioni di film, laboratori e altre iniziative<\/strong>.<\/p>\n<p style=\"text-align: justify;\" class=\"ui-droppable\"> \tIl Festival si svolger\u00e0 in diversi luoghi della citt\u00e0 di Gorizia. Oltre ai giardini pubblici di Corso Verdi, quest&#8217;anno l&#8217;area degli eventi di \u00e8Storia e concomitanti si estender\u00e0 a Piazza Cesare Battisti, alla zona pedonale di Corso Verdi, a Via Rastello.<\/p>\n<p style=\"text-align: justify;\" class=\"ui-droppable\"> \tFilo conduttore di questa edizione \u00e8 il <strong>Centenario della Grande Guerra<\/strong> a cui \u00e8 dedicato il <strong>Convegno del Comitato Storico Internazionale<\/strong> presieduto da <strong>Paolo Mieli<\/strong> in apertura del Festival, che vede riuniti alcuni fra i maggiori studiosi mondiali per\u00a0 offrire una prospettiva globale sul significato del centenario.<\/p>\n<p style=\"text-align: justify;\" class=\"ui-droppable\"> \tEcco le sezioni che raccontano il Festival: <em>\u201cTrincee\u201d <\/em>riunisce eventi, testimonianze e dibattiti. A inaugurare la sezione sar\u00e0 il <strong>concerto di Uto Ughi<\/strong> <strong>sul Monte Santo:<\/strong> cento anni fa, il grande maestro Arturo Toscanini diresse una banda sul Monte Santo appena conquistato durante la battaglia della Bainsizza. E poi importanti testimonianze come quella di<strong> John Hemingway &#8211; nipote di Ernest Hemingway, <\/strong>intervistato da<strong> Stefano Salis: un nipote che racconta se stesso e il celebre nonno<\/strong>. Si parler\u00e0 di quella particolare esperienza di guerra che, come \u00e8 noto, si \u00e8 poi felicemente trasformata in una splendida produzione letteraria.<\/p>\n<p style=\"text-align: justify;\" class=\"ui-droppable\"> \t<em>\u201cLa Storia in testa\u201d<\/em>: un percorso di presentazioni editoriali, dibattiti, incontri commemorativi e mostre, tra cui <strong>un ricordo di Enrico Berlinguer con Walter Veltroni <\/strong>e la cerimonia di consegna del<strong> Premio Friuladria \u201cIl romanzo della Storia\u201d a Max Hastings, <\/strong>ex reporter di guerra e autore di numerosi libri di successo e di documentari storici. <strong>Giuseppe Battiston, Massimo Popolizio, Luciano Virgilio, Anita Kravos, Walter Mramor e Quirino Principe<\/strong> tra gli altri, saranno i protagonisti della sezione <em>\u201cLeggere la guerra\u201d<\/em>: reading di poesia e narrativa (E. Hemingway, E. M. Remarque, S. Zweig ed E. J\u00fcnger). Ogni giornata inizier\u00e0 con le <em>\u201cColazioni con la Storia\u201d<\/em>, a cura di <strong>Giorgio Dell\u2019Arti:<\/strong> una lettura e un commento guidati per approfondire le notizie del giorno e interpretare, in modo critico, e con occhio storico ci\u00f2 che accade intorno a noi. Nell\u2019anno del centenario, <strong>Giorgio Dell\u2019Arti aprir\u00e0 una finestra anche sui giornali del 1914.<\/strong><\/p>\n<p style=\"text-align: justify;\" class=\"ui-droppable\"> \tIn questi percorsi si alterneranno numerosi protagonisti della narrativa e della saggistica italiana e internazionale. Oltre ai membri del Comitato storico di \u201cTrincee\u201d che daranno vita al Convegno sulla Grande Guerra il 22 maggio (<strong>Mustafa Aksakal,\u00a0 Gerhard Hirschfeld, Boris Kolonitskiy, Mile Bjelajac, Petra Svolj\u0161ak, Virgilio Ilari, Erwin Schmidl, Nicolas Offenstadt, Graydon A. Tunstall, Hew Strachan<\/strong>)<strong>,<\/strong> saranno presenti numerosi ospiti illustri tra i quali <strong>Fr\u00e9d\u00e9ric Attal, Sergio Romano, Edward Luttwak, Brendan Simms, Federico Rampini, Giordano Bruno Guerri, Ian Beckett, Giorgio Cosmacini, Massimo Teodori, Eric Schlosser, David James Smith, Vittorio Strada, Marino Niola, John Garth, Verlyn Flieger, Ekkehart Krippendorff, Raoul Pupo, Stefano Malatesta, Armando Torno, Benny Morris, Lucio Caracciolo, Gian Enrico Rusconi, Barbara Schiavulli, Stefano Folli, Antonio Golini e molti altri.<\/strong><\/p>\n<p style=\"text-align: justify;\" class=\"ui-droppable\"> \tE ancora <strong>gastronomia<\/strong>, <strong>cinema<\/strong>, <strong>teatro <\/strong>e gli \u201cAperitivi con la Storia\u201d, incontri con gli ospiti che si svolgeranno nei bar della citt\u00e0. Uno spazio importante sar\u00e0 dedicato al cinema, con la proiezione di <strong>The Battle of the Somme, <\/strong>il primo documentario realizzato durante la Guerra, del capolavoro di Stanley Kubrick, <strong>Orizzonti di gloria,<\/strong> e di filmati inediti della Grande Guerra provenienti dal <strong>Filmarchiv di Vienna<\/strong>. Ma anche percorsi formativi e creativi di carattere teatrale e musicale ideati da <strong>a.Artisti Associati<\/strong>: laboratori di scrittura, interpretazione teatrale e composizione musicale. Il frutto di questo lavoro saranno <strong>pi\u00e8ce teatrali con musica dal vivo<\/strong> ispirate alle figure dei grandi eroi del conflitto, episodi della storia locale e ricordi familiari inediti.<\/p>\n<p style=\"text-align: justify;\" class=\"ui-droppable\"> \tProgramma speciale per <strong>bambini e ragazzi<\/strong> nella <strong>Ludotenda<\/strong> dove si svolgono i laboratori creativi: \u201cI giocattoli in tempo di guerra\u201d, \u201cDisegna la storia\u201d, \u201ci 450 anni di Galileo Galilei\u201d e percorsi di letture a cura degli editori in collaborazione con <strong>Pi\u00f9 Libri Pi\u00f9 Liberi Circus.<\/strong><\/p>\n<p style=\"text-align: justify;\" class=\"ui-droppable\"> \tLa X\u00b0 edizione del festival vede anche importanti manifestazioni nate da nuove sinergie e collaborazioni.<\/p>\n<p style=\"text-align: justify;\" class=\"ui-droppable\"> \tNasce <em>Pi\u00f9 libri pi\u00f9 liberi Circus<\/em>, la vetrina dell\u2019editoria indipendente in tour, frutto dell\u2019<strong>accordo tra \u00e8Storia ed AIE: <\/strong>62 editori, migliaia di titoli nel cuore della citt\u00e0 e ancora incontri con gli autori, convegni, indagini, laboratori per bambini. E un omaggio targato \u201cAmo chi legge\u2026e gli regalo un libro\u201d in occasione delle celebrazioni della Grande guerra.<\/p>\n<p style=\"text-align: justify;\" class=\"ui-droppable\"> \t<strong>Il primo dvd della collana Corriere della Sera-Rai<\/strong> <em>14-18 Grande Guerra \u2013 100 anni dopo<\/em> <strong>verr\u00e0 distribuito<\/strong> <strong>gratuitamente<\/strong> agli spettatori del Festival \u00e8Storia\u201d.<\/p>\n<p style=\"text-align: justify;\" class=\"ui-droppable\"> \tLa collaborazione con <strong>Nordest Comunicazione &#038; Eventi<\/strong>, ideatrice e promotrice della <strong>Borsa Europea del Turismo della Grande Guerra, <\/strong>porta a Gorizia la prima manifestazione fieristica incentrata sul turismo nei luoghi della Grande Guerra, in un\u2019area adiacente al Festival (<a href=\"http:\/\/www.turismograndeguerra.it\/\" target=\"_blank\" rel=\"noopener\">www.turismograndeguerra.it<\/a>).<\/p>\n<p style=\"text-align: justify;\" class=\"ui-droppable\"> \tSi rinnovano inoltre i percorsi degli <strong>\u00e8Storiabus, quattro nuove escursioni sui luoghi della Grande Guerra, <\/strong>tra cui una con <strong>John Hemingway, nipote del celebre scrittore americano, nei luoghi di <em>Addio alle Armi<\/em><\/strong>, tra romanzo e cinema, passando per Caporetto e Venzone, con un testimone d\u2019eccezione.<\/p>\n<p style=\"text-align: justify;\" class=\"ui-droppable\"> \tUn\u2019importante offerta di mostre, iniziando da T<strong>erra e Guerra, <\/strong>organizzata dall\u2019ERSA, (Ente Regionale per lo Sviluppo Agricolo), e poi l\u2019esposizione che celebra il <strong>centenario della Croce Rossa Italiana<\/strong> e quella sulla <strong>produzione vitivinicola del territorio<\/strong>, oltre alla <strong>Mostra mercato del libro usato<\/strong> e a quella su <strong>I soldati ebrei austroungarici sul fronte dell\u2019Isonzo<\/strong>.<\/p>\n","protected":false},"excerpt":{"rendered":"<p>Presentata la decima edizione del festival<\/p>\n","protected":false},"author":28,"featured_media":13897,"comment_status":"closed","ping_status":"closed","sticky":false,"template":"","format":"standard","meta":{"dwc-title":[],"dwc-content":[],"footnotes":""},"categories":[37],"tags":[],"class_list":["post-13896","post","type-post","status-publish","format-standard","has-post-thumbnail","hentry","category-cultura-e-spettacolo"],"rttpg_featured_image_url":{"full":["https:\/\/imagazine.it\/wp-content\/uploads\/2024\/01\/5065-1.webp",800,531,false],"landscape":["https:\/\/imagazine.it\/wp-content\/uploads\/2024\/01\/5065-1.webp",800,531,false],"portraits":["https:\/\/imagazine.it\/wp-content\/uploads\/2024\/01\/5065-1.webp",800,531,false],"thumbnail":["https:\/\/imagazine.it\/wp-content\/uploads\/2024\/01\/5065-1-150x150.webp",150,150,true],"medium":["https:\/\/imagazine.it\/wp-content\/uploads\/2024\/01\/5065-1-300x199.webp",300,199,true],"large":["https:\/\/imagazine.it\/wp-content\/uploads\/2024\/01\/5065-1.webp",640,425,false],"thumblist":["https:\/\/imagazine.it\/wp-content\/uploads\/2024\/01\/5065-1.webp",300,199,false],"thumbrelated":["https:\/\/imagazine.it\/wp-content\/uploads\/2024\/01\/5065-1.webp",500,332,false],"meccarouselthumb":["https:\/\/imagazine.it\/wp-content\/uploads\/2024\/01\/5065-1.webp",474,315,false],"gridsquare":["https:\/\/imagazine.it\/wp-content\/uploads\/2024\/01\/5065-1.webp",391,260,false],"tileview":["https:\/\/imagazine.it\/wp-content\/uploads\/2024\/01\/5065-1.webp",300,199,false],"1536x1536":["https:\/\/imagazine.it\/wp-content\/uploads\/2024\/01\/5065-1.webp",800,531,false],"2048x2048":["https:\/\/imagazine.it\/wp-content\/uploads\/2024\/01\/5065-1.webp",800,531,false],"newsup-slider-full":["https:\/\/imagazine.it\/wp-content\/uploads\/2024\/01\/5065-1.webp",800,531,false],"newsup-featured":["https:\/\/imagazine.it\/wp-content\/uploads\/2024\/01\/5065-1.webp",800,531,false],"newsup-medium":["https:\/\/imagazine.it\/wp-content\/uploads\/2024\/01\/5065-1-720x380.webp",720,380,true],"tptn_thumbnail":["https:\/\/imagazine.it\/wp-content\/uploads\/2024\/01\/5065-1.webp",250,166,false],"sow-carousel-default":["https:\/\/imagazine.it\/wp-content\/uploads\/2024\/01\/5065-1-272x182.webp",272,182,true]},"rttpg_author":{"display_name":"redazione","author_link":"https:\/\/imagazine.it\/home_desk\/author\/redazione\/"},"rttpg_comment":0,"rttpg_category":"<a href=\"https:\/\/imagazine.it\/home_desk\/category\/cultura-e-spettacolo\/\" rel=\"category tag\">CULTURA&amp;SPETTACOLO<\/a>","rttpg_excerpt":"Presentata la decima edizione del festival","_links":{"self":[{"href":"https:\/\/imagazine.it\/home_desk\/wp-json\/wp\/v2\/posts\/13896","targetHints":{"allow":["GET"]}}],"collection":[{"href":"https:\/\/imagazine.it\/home_desk\/wp-json\/wp\/v2\/posts"}],"about":[{"href":"https:\/\/imagazine.it\/home_desk\/wp-json\/wp\/v2\/types\/post"}],"author":[{"embeddable":true,"href":"https:\/\/imagazine.it\/home_desk\/wp-json\/wp\/v2\/users\/28"}],"replies":[{"embeddable":true,"href":"https:\/\/imagazine.it\/home_desk\/wp-json\/wp\/v2\/comments?post=13896"}],"version-history":[{"count":0,"href":"https:\/\/imagazine.it\/home_desk\/wp-json\/wp\/v2\/posts\/13896\/revisions"}],"wp:featuredmedia":[{"embeddable":true,"href":"https:\/\/imagazine.it\/home_desk\/wp-json\/wp\/v2\/media\/13897"}],"wp:attachment":[{"href":"https:\/\/imagazine.it\/home_desk\/wp-json\/wp\/v2\/media?parent=13896"}],"wp:term":[{"taxonomy":"category","embeddable":true,"href":"https:\/\/imagazine.it\/home_desk\/wp-json\/wp\/v2\/categories?post=13896"},{"taxonomy":"post_tag","embeddable":true,"href":"https:\/\/imagazine.it\/home_desk\/wp-json\/wp\/v2\/tags?post=13896"}],"curies":[{"name":"wp","href":"https:\/\/api.w.org\/{rel}","templated":true}]}}