{"id":13842,"date":"2014-04-10T00:00:00","date_gmt":"2014-04-09T23:00:00","guid":{"rendered":"https:\/\/imagazine.it\/?p=13842"},"modified":"2014-04-10T00:00:00","modified_gmt":"2014-04-09T23:00:00","slug":"trieste-confronto-cittadino-sulla-sostenibilita-energetica","status":"publish","type":"post","link":"https:\/\/imagazine.it\/home_desk\/trieste-confronto-cittadino-sulla-sostenibilita-energetica\/","title":{"rendered":"Trieste, confronto cittadino sulla sostenibilit\u00e0 energetica"},"content":{"rendered":"<p style=\"text-align: justify;\" class=\"ui-droppable\"> \tIl Piano di Azione per l\u2019Energia Sostenibile (PAES), approvato il 20 gennaio scorso, entra nella sua fase attuativa. Nel Convegno che si terr\u00e0 luned\u00ec 14 aprile, all\u2019Auditorium del Revoltella, dalle 15 alle 19, il Comune di Trieste si rivolger\u00e0 alla citt\u00e0 e a tutte le sue componenti per individuare azioni e interventi con cui ridurre del 20%, entro il 2020, le emissioni di anidride carbonica rispetto ai valori del 2001.\u00a0\u00a0 Un impegno che segue all\u2019adesione nel 2012 al Patto dei Sindaci e richiede un lavoro coordinato nel quale Enti, progettisti, amministratori di stabili, operatori della scuola e dell\u2019universit\u00e0, forze sociali, portatori di interessi collettivi, e singoli cittadini, dovranno svolgere un ruolo rilevante.<\/p>\n<p style=\"text-align: justify;\" class=\"ui-droppable\"> \tNel corso del Convegno il PAES sar\u00e0 illustrato\u00a0ai rappresentanti degli\u00a0 ordini professionali, dell&#8217;industria, degli artigiani, dei sindacati e in generale a tutta la cittadinanza. Vi parteciperanno i referenti di tutti gli enti che sono coinvolti nella stesura del Piano, pi\u00f9 precisamente Regione, Provincia di Trieste, Trieste Trasporti, Ater Trieste, Azienda per i servizi sanitari, Azienda ospedaliera-universitaria \u201cOspedali riuniti di Trieste\u201d, Universit\u00e0 degli studi, Area di ricerca, EZIT, Autorit\u00e0 portuale di Trieste, Acegas-Aps e hanno gi\u00e0 confermato la presenza gli assessori all\u2019Ambiente regionale e provinciale, e con la partecipazione del <strong>premio Nobel Filippo Giorgi,<\/strong> responsabile della sezione di Fisica della Terra del Centro Internazionale di Fisica Teorica Abdus Salam e membro del Comitato Intergovernativo sui Cambiamenti Climatici (IPCC &#8211; premio Nobel della Pace 2007), che relazioner\u00e0 sull\u2019importanza degli obiettivi e l\u2019attualit\u00e0 della lotta all\u2019effetto-serra, mediante l\u2019abbattimento delle emissioni di CO2.<\/p>\n","protected":false},"excerpt":{"rendered":"<p>Luned\u00ec al Revoltella<\/p>\n","protected":false},"author":28,"featured_media":0,"comment_status":"closed","ping_status":"closed","sticky":false,"template":"","format":"standard","meta":{"dwc-title":[],"dwc-content":[],"footnotes":""},"categories":[5],"tags":[],"class_list":["post-13842","post","type-post","status-publish","format-standard","hentry","category-attualita"],"rttpg_featured_image_url":null,"rttpg_author":{"display_name":"redazione","author_link":"https:\/\/imagazine.it\/home_desk\/author\/redazione\/"},"rttpg_comment":0,"rttpg_category":"<a href=\"https:\/\/imagazine.it\/home_desk\/category\/attualita\/\" rel=\"category tag\">ATTUALIT\u00c0<\/a>","rttpg_excerpt":"Luned\u00ec al Revoltella","_links":{"self":[{"href":"https:\/\/imagazine.it\/home_desk\/wp-json\/wp\/v2\/posts\/13842","targetHints":{"allow":["GET"]}}],"collection":[{"href":"https:\/\/imagazine.it\/home_desk\/wp-json\/wp\/v2\/posts"}],"about":[{"href":"https:\/\/imagazine.it\/home_desk\/wp-json\/wp\/v2\/types\/post"}],"author":[{"embeddable":true,"href":"https:\/\/imagazine.it\/home_desk\/wp-json\/wp\/v2\/users\/28"}],"replies":[{"embeddable":true,"href":"https:\/\/imagazine.it\/home_desk\/wp-json\/wp\/v2\/comments?post=13842"}],"version-history":[{"count":0,"href":"https:\/\/imagazine.it\/home_desk\/wp-json\/wp\/v2\/posts\/13842\/revisions"}],"wp:attachment":[{"href":"https:\/\/imagazine.it\/home_desk\/wp-json\/wp\/v2\/media?parent=13842"}],"wp:term":[{"taxonomy":"category","embeddable":true,"href":"https:\/\/imagazine.it\/home_desk\/wp-json\/wp\/v2\/categories?post=13842"},{"taxonomy":"post_tag","embeddable":true,"href":"https:\/\/imagazine.it\/home_desk\/wp-json\/wp\/v2\/tags?post=13842"}],"curies":[{"name":"wp","href":"https:\/\/api.w.org\/{rel}","templated":true}]}}