{"id":13813,"date":"2014-04-07T00:00:00","date_gmt":"2014-04-06T23:00:00","guid":{"rendered":"https:\/\/imagazine.it\/?p=13813"},"modified":"2014-04-07T00:00:00","modified_gmt":"2014-04-06T23:00:00","slug":"giovani-e-impresa-come-crearsi-un-posto-di-lavoro","status":"publish","type":"post","link":"https:\/\/imagazine.it\/home_desk\/giovani-e-impresa-come-crearsi-un-posto-di-lavoro\/","title":{"rendered":"Giovani e impresa: come crearsi un posto di lavoro?"},"content":{"rendered":"<p style=\"text-align: justify;\"> \t<strong>Quanto vale l&#39;innovazione?\u00a0<\/strong>Un interrogativo importante soprattutto in questo periodo in cui molti giovani sono alla ricerca di un lavoro e la crisi economica rivela una strada ancora in salita. Ma ci sono delle ricette, delle soluzioni innovative\u00a0per rovesciare la visione negativa del mercato del lavoro, creando nuova occupazione e ricchezza attraverso un approccio innovativo non solo dal punto di vista strategico e tecnologico, ma sostenibile sia dal punto di vista economico che ambientale.<\/p>\n<p style=\"text-align: justify;\"> \tDi questo si discuter\u00e0 venerd\u00ec prossimo (ore 15.30 Auditorium Casa Zanussi \u2013 Pordenone) nel penultimo appuntamento<strong> del Corso di cultura economica\u00a0 dell\u2019IRSE intitolato \u201cVoglia di + Europa. Quale?&#8221;.\u00a0\u00a0<\/strong>Due relatrici:\u00a0<strong>Chiara Mio,<\/strong>\u00a0docente di Economia Aziendale\u00a0a\u00a0<strong>Ca\u2019 Foscari<\/strong>\u00a0e la poco pi\u00f9 che trentenne\u00a0<strong>Stefania Quaini,\u00a0<\/strong>amministratore delegato e cofondatrice di\u00a0<strong>Impact Hub di Trieste<\/strong>:\u00a0 un incubatore di nuove idee per un&#39;imprenditoria basata sulla sostenibilit\u00e0 ambientale, sociale ed economica, che racconter\u00e0 di concrete esperienze gi\u00e0 avviate con successo.<\/p>\n<p style=\"text-align: justify;\"> \tNon solo\u00a0 innovazione tecnologica, ma assieme a questa una visione nuova e strategica del mercato che possa creare occasioni comuni, mettere assieme una rete di esperienze anche con altre realt\u00e0 europee, con centri di ricerca di eccellenza e imprese. \u201cL\u2019innovazione riguarda tutti\u00a0 i settori, dal manifatturiero ai servizi \u2013 spiega Chiara Mio \u2013 ad esempio i servizi alle persone, come forme di teleassistenza a servizio degli anziani; l\u2019innovazione \u00e8 soprattutto strategica. L&#39;orizzonte non pu\u00f2 pi\u00f9 essere solo la propria regione o l&#39;Italia deve per forza allargarsi all&#39;Europa anche se il nuovo \u00e8 difficile inventarlo si possono per\u00f2 trovare delle forme di collaborazione, una rete con altre realt\u00e0 per condividere saperi \u201d<strong>.<\/strong><\/p>\n<p style=\"text-align: justify;\"> \tL&#39;obiettivo dell&#39;incontro \u00e8 discutere sulle possibilit\u00e0 per le nuove generazioni di mettersi in gioco \u201ccreando\u201d un lavoro e non per forza inseguendolo. Si parler\u00e0 quindi di quali sono le possibilit\u00e0 concrete per guardare a nuove opportunit\u00e0. Per questo Stefania Quaini presenter\u00e0 il progetto Impact Hub di Trieste e le possibilit\u00e0 concrete di mettere in pratica una idea imprenditoriale innovativa.\u00a0<\/p>\n<p style=\"text-align: justify;\"> \tLa partecipazione \u00e8 aperta a tutti, gradita la segnalazione alla segreteria\u00a0<a href=\"mailto:irse@centroculturapordenone.it\" target=\"_blank\" rel=\"noopener\">irse@centroculturapordenone.it<\/a>\u00a0tel\u00a00434 365326.\u00a0<\/p>\n<p style=\"text-align: justify;\"> \t<strong>Chiara Mio<\/strong>. \u00c8 professore ordinario presso il dipartimento di Management dell\u2019Universit\u00e0 Ca\u2019 Foscari di Venezia, Direttore del master in Sostenibilit\u00e0 e Carbon Footprint, dal 2009 \u00e8 delegata del Rettore alla Sostenibilit\u00e0 ambientale e alla responsabilit\u00e0 sociale. Tra le recenti pubblicazioni Towards a sustainable University. The Ca&#39; Foscari experience, Basingstoke, Palgrave Macmillan.\u00a0<\/p>\n<p style=\"text-align: justify;\"> \t<strong>Stefania Quaini<\/strong>, con laurea triennale al DAMS di Bologna nel 2005, ha continuato il percorso di studi al corso di laurea specialistica in gestione dell\u2019arte all\u2019EGART di Ca\u2019 Foscari con un\u2019indagine sulle dinamiche imprenditoriali e microimprenditoriali emergenti tra designer e creativi europei. Dal 2011 a Trieste \u00e8 co-organizzatrice del ciclo di eventi TEDxTrieste sul tema delle Complex Actions per cui \u00e8 stata responsabile della comunicazione e della realizzazione e trainer per i giovani relatori. Nello stesso anno \u00e8 tra il gruppo di fondatori di MANIFETSO2020, per cui cura la gestione e l\u2019analisi dei dati raccolti durante i due survey. Stefania \u00e8 Presidente e CEO di Impact Hub Trieste.<\/p>\n","protected":false},"excerpt":{"rendered":"<p>Venerd\u00ec incontro a Pordenone<\/p>\n","protected":false},"author":28,"featured_media":0,"comment_status":"closed","ping_status":"closed","sticky":false,"template":"","format":"standard","meta":{"dwc-title":[],"dwc-content":[],"footnotes":""},"categories":[5],"tags":[],"class_list":["post-13813","post","type-post","status-publish","format-standard","hentry","category-attualita"],"rttpg_featured_image_url":null,"rttpg_author":{"display_name":"redazione","author_link":"https:\/\/imagazine.it\/home_desk\/author\/redazione\/"},"rttpg_comment":0,"rttpg_category":"<a href=\"https:\/\/imagazine.it\/home_desk\/category\/attualita\/\" rel=\"category tag\">ATTUALIT\u00c0<\/a>","rttpg_excerpt":"Venerd\u00ec incontro a Pordenone","_links":{"self":[{"href":"https:\/\/imagazine.it\/home_desk\/wp-json\/wp\/v2\/posts\/13813","targetHints":{"allow":["GET"]}}],"collection":[{"href":"https:\/\/imagazine.it\/home_desk\/wp-json\/wp\/v2\/posts"}],"about":[{"href":"https:\/\/imagazine.it\/home_desk\/wp-json\/wp\/v2\/types\/post"}],"author":[{"embeddable":true,"href":"https:\/\/imagazine.it\/home_desk\/wp-json\/wp\/v2\/users\/28"}],"replies":[{"embeddable":true,"href":"https:\/\/imagazine.it\/home_desk\/wp-json\/wp\/v2\/comments?post=13813"}],"version-history":[{"count":0,"href":"https:\/\/imagazine.it\/home_desk\/wp-json\/wp\/v2\/posts\/13813\/revisions"}],"wp:attachment":[{"href":"https:\/\/imagazine.it\/home_desk\/wp-json\/wp\/v2\/media?parent=13813"}],"wp:term":[{"taxonomy":"category","embeddable":true,"href":"https:\/\/imagazine.it\/home_desk\/wp-json\/wp\/v2\/categories?post=13813"},{"taxonomy":"post_tag","embeddable":true,"href":"https:\/\/imagazine.it\/home_desk\/wp-json\/wp\/v2\/tags?post=13813"}],"curies":[{"name":"wp","href":"https:\/\/api.w.org\/{rel}","templated":true}]}}