{"id":13778,"date":"2014-04-03T00:00:00","date_gmt":"2014-04-02T23:00:00","guid":{"rendered":"https:\/\/imagazine.it\/?p=13778"},"modified":"2014-04-03T00:00:00","modified_gmt":"2014-04-02T23:00:00","slug":"gorizia-la-figlia-di-basaglia-ritorna-a-casa","status":"publish","type":"post","link":"https:\/\/imagazine.it\/home_desk\/gorizia-la-figlia-di-basaglia-ritorna-a-casa\/","title":{"rendered":"Gorizia, la figlia di Basaglia ritorna a casa"},"content":{"rendered":"<p style=\"text-align: justify;\" class=\"ui-droppable\"> \t<em>\u201cA Gorizia, dunque, era la nostra casa. Il direttore aveva diritto all\u2019appartamento nel manicomio, ma Franco non voleva che noi vivessimo l\u00e0 [\u2026] Visto che l\u2019Ospedale dipendeva dall\u2019amministrazione provinciale, venne deciso, secondo un\u2019impeccabile logica amministrativa, che potevamo stare all\u2019ultimo piano del palazzo della Provincia\u2026\u201d<\/em> (dal libro\u00a0<em>Le nuvole di Picasso<\/em>, di Alberta Basaglia).<\/p>\n<p style=\"text-align: justify;\" class=\"ui-droppable\"> \tLa signora <strong>Alberta Basaglia<\/strong>, figlia di Franco, in occasione della sua visita a Gorizia in programma domani, attorno alle 9.50 torner\u00e0 per qualche minuto a casa, in quel palazzo di corso Italia, dove assieme alla sua famiglia abit\u00f2 nel periodo in cui il padre lavor\u00f2 a Gorizia. Ad accoglierla ci saranno la vicepresidente della Provincia di Gorizia, <strong>Mara \u010cernic<\/strong>, e l\u2019assessore <strong>Ilaria Cecot<\/strong>, entrambe convinte sostenitrici del maggior rilievo che si dovrebbe dare alla &#8220;rivoluzione basagliana&#8221; a Gorizia e all&#8217;intero isontino. Una rivoluzione culturale tra le pi\u00f9 straordinarie del \u2018900, che nacque tra Gorizia e Trieste e si divulg\u00f2 su tutto il territorio nazionale, cambiando per sempre non solo la psichiatria, ma la vita di tante donne e uomini fino a quel momento alienati per la loro diversit\u00e0.<\/p>\n<p style=\"text-align: justify;\" class=\"ui-droppable\"> \tCon l\u2019obiettivo di portare anche nelle scuole la testimonianza diretta della signora Alberta, la mattinata di domani proseguir\u00e0 con un incontro alle 11.15 tra lei e gli studenti del Liceo delle Scienze umane &#8220;Slataper&#8221;, all\u2019auditorium di via Diaz. Gli studenti dello &#8220;Slataper&#8221; hanno gi\u00e0 affrontato durante l\u2019anno scolastico un approfondimento monografico sulla psichiatria di Franco Basaglia, e per questo la Provincia ritiene che un incontro con la figlia del famoso psichiatra possa contribuire in modo significativo alla didattica e all\u2019arricchimento umano di ciascuno di loro.<\/p>\n<p style=\"text-align: justify;\" class=\"ui-droppable\"> \tAl termine, si terr\u00e0 un Tavolo tecnico a cui parteciperanno il direttore sanitario dell&#8217;ASS 2, <strong>Marco Bertoli<\/strong>, e il direttore del Centro di salute mentale di Gorizia, <strong>Franco Perazza<\/strong>, in cui si discuter\u00e0 sugli strumenti pi\u00f9 adeguati da mettere in campo per prevenire il disagio psichiatrico in et\u00e0 scolare.<\/p>\n","protected":false},"excerpt":{"rendered":"<p>Domani visita fortemente simbolica<\/p>\n","protected":false},"author":28,"featured_media":13779,"comment_status":"closed","ping_status":"closed","sticky":false,"template":"","format":"standard","meta":{"dwc-title":[],"dwc-content":[],"footnotes":""},"categories":[5],"tags":[],"class_list":["post-13778","post","type-post","status-publish","format-standard","has-post-thumbnail","hentry","category-attualita"],"rttpg_featured_image_url":{"full":["https:\/\/imagazine.it\/wp-content\/uploads\/2024\/01\/4852-1.webp",359,260,false],"landscape":["https:\/\/imagazine.it\/wp-content\/uploads\/2024\/01\/4852-1.webp",359,260,false],"portraits":["https:\/\/imagazine.it\/wp-content\/uploads\/2024\/01\/4852-1.webp",359,260,false],"thumbnail":["https:\/\/imagazine.it\/wp-content\/uploads\/2024\/01\/4852-1-150x150.webp",150,150,true],"medium":["https:\/\/imagazine.it\/wp-content\/uploads\/2024\/01\/4852-1-300x217.webp",300,217,true],"large":["https:\/\/imagazine.it\/wp-content\/uploads\/2024\/01\/4852-1.webp",359,260,false],"thumblist":["https:\/\/imagazine.it\/wp-content\/uploads\/2024\/01\/4852-1.webp",300,217,false],"thumbrelated":["https:\/\/imagazine.it\/wp-content\/uploads\/2024\/01\/4852-1.webp",359,260,false],"meccarouselthumb":["https:\/\/imagazine.it\/wp-content\/uploads\/2024\/01\/4852-1.webp",359,260,false],"gridsquare":["https:\/\/imagazine.it\/wp-content\/uploads\/2024\/01\/4852-1.webp",359,260,false],"tileview":["https:\/\/imagazine.it\/wp-content\/uploads\/2024\/01\/4852-1.webp",300,217,false],"1536x1536":["https:\/\/imagazine.it\/wp-content\/uploads\/2024\/01\/4852-1.webp",359,260,false],"2048x2048":["https:\/\/imagazine.it\/wp-content\/uploads\/2024\/01\/4852-1.webp",359,260,false],"newsup-slider-full":["https:\/\/imagazine.it\/wp-content\/uploads\/2024\/01\/4852-1.webp",359,260,false],"newsup-featured":["https:\/\/imagazine.it\/wp-content\/uploads\/2024\/01\/4852-1.webp",359,260,false],"newsup-medium":["https:\/\/imagazine.it\/wp-content\/uploads\/2024\/01\/4852-1.webp",359,260,false],"tptn_thumbnail":["https:\/\/imagazine.it\/wp-content\/uploads\/2024\/01\/4852-1.webp",250,181,false],"sow-carousel-default":["https:\/\/imagazine.it\/wp-content\/uploads\/2024\/01\/4852-1-272x182.webp",272,182,true]},"rttpg_author":{"display_name":"redazione","author_link":"https:\/\/imagazine.it\/home_desk\/author\/redazione\/"},"rttpg_comment":0,"rttpg_category":"<a href=\"https:\/\/imagazine.it\/home_desk\/category\/attualita\/\" rel=\"category tag\">ATTUALIT\u00c0<\/a>","rttpg_excerpt":"Domani visita fortemente simbolica","_links":{"self":[{"href":"https:\/\/imagazine.it\/home_desk\/wp-json\/wp\/v2\/posts\/13778","targetHints":{"allow":["GET"]}}],"collection":[{"href":"https:\/\/imagazine.it\/home_desk\/wp-json\/wp\/v2\/posts"}],"about":[{"href":"https:\/\/imagazine.it\/home_desk\/wp-json\/wp\/v2\/types\/post"}],"author":[{"embeddable":true,"href":"https:\/\/imagazine.it\/home_desk\/wp-json\/wp\/v2\/users\/28"}],"replies":[{"embeddable":true,"href":"https:\/\/imagazine.it\/home_desk\/wp-json\/wp\/v2\/comments?post=13778"}],"version-history":[{"count":0,"href":"https:\/\/imagazine.it\/home_desk\/wp-json\/wp\/v2\/posts\/13778\/revisions"}],"wp:featuredmedia":[{"embeddable":true,"href":"https:\/\/imagazine.it\/home_desk\/wp-json\/wp\/v2\/media\/13779"}],"wp:attachment":[{"href":"https:\/\/imagazine.it\/home_desk\/wp-json\/wp\/v2\/media?parent=13778"}],"wp:term":[{"taxonomy":"category","embeddable":true,"href":"https:\/\/imagazine.it\/home_desk\/wp-json\/wp\/v2\/categories?post=13778"},{"taxonomy":"post_tag","embeddable":true,"href":"https:\/\/imagazine.it\/home_desk\/wp-json\/wp\/v2\/tags?post=13778"}],"curies":[{"name":"wp","href":"https:\/\/api.w.org\/{rel}","templated":true}]}}