{"id":13740,"date":"2014-03-31T00:00:00","date_gmt":"2014-03-30T23:00:00","guid":{"rendered":"https:\/\/imagazine.it\/?p=13740"},"modified":"2014-03-31T00:00:00","modified_gmt":"2014-03-30T23:00:00","slug":"trieste-in-anteprima-il-documentario-su-wagner","status":"publish","type":"post","link":"https:\/\/imagazine.it\/home_desk\/trieste-in-anteprima-il-documentario-su-wagner\/","title":{"rendered":"Trieste, in anteprima il documentario su Wagner"},"content":{"rendered":"<p style=\"text-align: justify;\" class=\"ui-droppable\"> \tIl cartellone del festival di musica antica Wunderkammer di Trieste include quest\u2019anno anche la settima arte, con la proiezione, il 3 e 4 aprile al Cinema Teatro dei Fabbri, del film-documentario \u201cRichard Wagner Diario veneziano della sinfonia ritrovata\u201d di <strong>Gianni Di Capua<\/strong> presentato alla 70esima Mostra Cinematografica della Biennale di Venezia e in anteprima europea al <em>Bayreuther Festspiele<\/em> in occasione delle celebrazione del\u00a0 bicentenario della nascita del grande compositore tedesco.<\/p>\n<p style=\"text-align: justify;\" class=\"ui-droppable\"> \tIl regista, assieme a <strong>Igor Cognolato<\/strong>, docente di pianoforte al conservatorio Tartini e al compositore triestino <strong>Davide Coppola<\/strong>, rispettivamente interprete e autore della trascrizione per pianoforte della Sinfonia di Richard Wagner, interverranno sul proprio operato in una conversazione pubblica (ingresso libero) nell\u2019Aula magna del Conservatorio Tartini gioved\u00ec 3 aprile alle 18.<\/p>\n<p style=\"text-align: justify;\" class=\"ui-droppable\"> \tIl documentario ricostruisce l&#8217;esecuzione di una sinfonia giovanile di Richard Wagner, creduta persa, che il grande compositore diresse nell\u2019intimit\u00e0 familiare la sera di Natale del 1882 nel Ridotto del Teatro La Fenice, ponendosi alla testa di un\u2019orchestra formata dagli insegnanti e dagli allievi del Liceo Musicale Benedetto Marcello.<\/p>\n<p style=\"text-align: justify;\" class=\"ui-droppable\"> \tIl &#8220;Diario&#8221; \u00e8 articolato pi\u00f9 piani narrativi, in un costante gioco di rimandi testuali tratti dal &#8220;Bericht \u00fcber die Wiederauff\u00fchrung eines Jugendwerkes&#8221; (Relazione di una Sinfonia giovanile ritrovata) scritto da Wagner subito dopo l&#8217;esecuzione della sinfonia, i &#8220;Tageb\u00fccher&#8221; ossia i Diari di Cosima Wagner e dalla testimonianza di Giuseppe Norlenghi, testimone d&#8217;eccezione dello storico allestimento del quale riferir\u00e0 nel suo saggio biografico &#8220;Wagner a Venezia&#8221; scritto all&#8217;indomani della morte del grande compositore tedesco, avvenuta a Venezia, il 13 febbraio del 1883.<\/p>\n<p style=\"text-align: justify;\" class=\"ui-droppable\"> \tIl film offre un importante contributo musicologico attraverso la trascrizione per pianoforte della sinfonia realizzata da <strong>Davide Coppola<\/strong>, revisionata sulla base del manoscritto dello stesso Wagner rinvenuto alla Library of Congress di Washington. In alcune sue parti la trascrizione, eseguita e commentata dal Maestro <strong>Igor Cognolato<\/strong>, rivela la contiguit\u00e0 del giovane Wagner con i modelli di riferimento dell\u2019epoca Beethoven e Mozart, ma soprattutto la presenza degli elementi fondativi individuati in alcune sue opere maggiori, come il Tristano, il Parsifal e il Crepuscolo degli Dei.<\/p>\n<p style=\"text-align: justify;\" class=\"ui-droppable\"> \tIl documentario qualificato film d\u2019essai dalla Direzione Generale del Cinema del MIBAC \u00e8 stato segnalato dall\u2019Agis Scuola delle Tre Venezie, referente del\u00a0Ministero dell&#8217;Istruzione, dell&#8217;Universit\u00e0 e della Ricerca\u00a0per la diffusione di film di alto interesse culturale e didattico da visionare nelle sale cinematografiche per gli studenti delle scuole di ogni ordine e grado.<\/p>\n<p style=\"text-align: justify;\" class=\"ui-droppable\"> \t\u00a0<\/p>\n<p style=\"text-align: justify;\" class=\"ui-droppable\"> \tLe proiezioni al Teatro \u2013 Cinema dei Fabbri sono il 3 e 4 aprile nei seguenti orari: 17\/18.30\/20\/21.30.\u00a0 Biglietti interi euro 6, ridotti euro 4<\/p>\n<p style=\"text-align: justify;\" class=\"ui-droppable\"> \tLa proiezione del 3 aprile delle 21.30 sar\u00e0 preceduta da una presentazione alla presenza del regista.<\/p>\n","protected":false},"excerpt":{"rendered":"<p>Nell&#8217;ambito di &#8220;Wunderkammer&#8221;<\/p>\n","protected":false},"author":28,"featured_media":13741,"comment_status":"closed","ping_status":"closed","sticky":false,"template":"","format":"standard","meta":{"dwc-title":[],"dwc-content":[],"footnotes":""},"categories":[37],"tags":[],"class_list":["post-13740","post","type-post","status-publish","format-standard","has-post-thumbnail","hentry","category-cultura-e-spettacolo"],"rttpg_featured_image_url":{"full":["https:\/\/imagazine.it\/wp-content\/uploads\/2024\/01\/4807-1.webp",800,500,false],"landscape":["https:\/\/imagazine.it\/wp-content\/uploads\/2024\/01\/4807-1.webp",800,500,false],"portraits":["https:\/\/imagazine.it\/wp-content\/uploads\/2024\/01\/4807-1.webp",800,500,false],"thumbnail":["https:\/\/imagazine.it\/wp-content\/uploads\/2024\/01\/4807-1-150x150.webp",150,150,true],"medium":["https:\/\/imagazine.it\/wp-content\/uploads\/2024\/01\/4807-1-300x188.webp",300,188,true],"large":["https:\/\/imagazine.it\/wp-content\/uploads\/2024\/01\/4807-1.webp",640,400,false],"thumblist":["https:\/\/imagazine.it\/wp-content\/uploads\/2024\/01\/4807-1.webp",300,188,false],"thumbrelated":["https:\/\/imagazine.it\/wp-content\/uploads\/2024\/01\/4807-1.webp",500,313,false],"meccarouselthumb":["https:\/\/imagazine.it\/wp-content\/uploads\/2024\/01\/4807-1.webp",474,296,false],"gridsquare":["https:\/\/imagazine.it\/wp-content\/uploads\/2024\/01\/4807-1.webp",391,244,false],"tileview":["https:\/\/imagazine.it\/wp-content\/uploads\/2024\/01\/4807-1.webp",300,188,false],"1536x1536":["https:\/\/imagazine.it\/wp-content\/uploads\/2024\/01\/4807-1.webp",800,500,false],"2048x2048":["https:\/\/imagazine.it\/wp-content\/uploads\/2024\/01\/4807-1.webp",800,500,false],"newsup-slider-full":["https:\/\/imagazine.it\/wp-content\/uploads\/2024\/01\/4807-1.webp",800,500,false],"newsup-featured":["https:\/\/imagazine.it\/wp-content\/uploads\/2024\/01\/4807-1.webp",800,500,false],"newsup-medium":["https:\/\/imagazine.it\/wp-content\/uploads\/2024\/01\/4807-1-720x380.webp",720,380,true],"tptn_thumbnail":["https:\/\/imagazine.it\/wp-content\/uploads\/2024\/01\/4807-1.webp",250,156,false],"sow-carousel-default":["https:\/\/imagazine.it\/wp-content\/uploads\/2024\/01\/4807-1-272x182.webp",272,182,true]},"rttpg_author":{"display_name":"redazione","author_link":"https:\/\/imagazine.it\/home_desk\/author\/redazione\/"},"rttpg_comment":0,"rttpg_category":"<a href=\"https:\/\/imagazine.it\/home_desk\/category\/cultura-e-spettacolo\/\" rel=\"category tag\">CULTURA&amp;SPETTACOLO<\/a>","rttpg_excerpt":"Nell'ambito di \"Wunderkammer\"","_links":{"self":[{"href":"https:\/\/imagazine.it\/home_desk\/wp-json\/wp\/v2\/posts\/13740","targetHints":{"allow":["GET"]}}],"collection":[{"href":"https:\/\/imagazine.it\/home_desk\/wp-json\/wp\/v2\/posts"}],"about":[{"href":"https:\/\/imagazine.it\/home_desk\/wp-json\/wp\/v2\/types\/post"}],"author":[{"embeddable":true,"href":"https:\/\/imagazine.it\/home_desk\/wp-json\/wp\/v2\/users\/28"}],"replies":[{"embeddable":true,"href":"https:\/\/imagazine.it\/home_desk\/wp-json\/wp\/v2\/comments?post=13740"}],"version-history":[{"count":0,"href":"https:\/\/imagazine.it\/home_desk\/wp-json\/wp\/v2\/posts\/13740\/revisions"}],"wp:featuredmedia":[{"embeddable":true,"href":"https:\/\/imagazine.it\/home_desk\/wp-json\/wp\/v2\/media\/13741"}],"wp:attachment":[{"href":"https:\/\/imagazine.it\/home_desk\/wp-json\/wp\/v2\/media?parent=13740"}],"wp:term":[{"taxonomy":"category","embeddable":true,"href":"https:\/\/imagazine.it\/home_desk\/wp-json\/wp\/v2\/categories?post=13740"},{"taxonomy":"post_tag","embeddable":true,"href":"https:\/\/imagazine.it\/home_desk\/wp-json\/wp\/v2\/tags?post=13740"}],"curies":[{"name":"wp","href":"https:\/\/api.w.org\/{rel}","templated":true}]}}