{"id":13722,"date":"2014-03-27T00:00:00","date_gmt":"2014-03-26T23:00:00","guid":{"rendered":"https:\/\/imagazine.it\/?p=13722"},"modified":"2014-03-27T00:00:00","modified_gmt":"2014-03-26T23:00:00","slug":"boris-pahor-visto-da-oltralpe","status":"publish","type":"post","link":"https:\/\/imagazine.it\/home_desk\/boris-pahor-visto-da-oltralpe\/","title":{"rendered":"Boris Pahor visto da Oltralpe"},"content":{"rendered":"<p style=\"text-align: justify;\" class=\"ui-droppable\"> \t<strong>Domani alle ore 17.30\u00a0<\/strong>presso l&#8217; Auditorium del Museo Revoltella \u00a0in via Armando Diaz 27 a Trieste, l&#8217;<em>Alliance<\/em> <em>fran\u00e7aise<\/em> cittadina, in collaborazione con l&#8217;<em>Institut<\/em> <em>fran\u00e7ais<\/em> di Lubiana presenta in<strong> anteprima internazionale<\/strong> il film documentario di <strong>Fabienne Issartel<\/strong> \u00a0(Francia 2014)\u00a0<strong>\u00a0\u201cBoris Pahor: Portrait d&#8217;un homme libre\u00a0\u201d\u00a0<\/strong><strong>(Boris Pahor: ritratto di un uomo libero)<\/strong>\u00a0alla presenza della regista e di Boris Pahor<\/p>\n<p style=\"text-align: justify;\" class=\"ui-droppable\"> \tFabienne Issartel d\u00e0 la parola al grande scrittore sloveno di Trieste che, esprimendosi in francese, ripercorre le tappe fondamentali di un secolo di vita: dall&#8217;incendio della Casa della Cultura Slovena a Trieste, la lotta contro i totalitarismi, l&#8217;esperienza nei campi di concentramento fino alla sua recente riabilitazione come scrittore riconosciuto, in Italia e all&#8217;estero, senza mai tralasciare il suo lato sentimentale che traspare nelle pagine dedicate alle donne della sua vita.<\/p>\n<p style=\"text-align: justify;\" class=\"ui-droppable\"> \tGirato tra il 2008 e il 2013, dalla Francia all&#8217;Italia e dalla Slovenia al Belgio assistiamo in particolare all&#8217;incontro di Boris Pahor con St\u00e9phane Hessel a Parigi, alla visita nel campo di Struthof nei Vosgi dove \u00e8 stato internato e alla consegna della medaglia di Cittadino Europeo a Bruxelles. Questo documentario racconta la volont\u00e0 e la determinazione di Pahor di trasmettere un messaggio di memoria ma anche d&#8217;amore per l&#8217;umanit\u00e0.\u00a0<\/p>\n<p style=\"text-align: justify;\" class=\"ui-droppable\"> \tUn ritratto avvincente di un uomo libero e coraggioso che all&#8217;et\u00e0 di 100 anni lascia al suo pubblico una domanda aperta: la libert\u00e0 rende immortali?<\/p>\n<p style=\"text-align: justify;\" class=\"ui-droppable\"> \tIl documentario verr\u00e0 proiettato in versione originale francese con sottotitoli in italiano a cura dell&#8217;<em>Alliance<\/em> <em>fran\u00e7aise<\/em> di Trieste. La manifestazione \u00e8 aperta a tutti.<\/p>\n","protected":false},"excerpt":{"rendered":"<p>Anteprima internazionale a Trieste<\/p>\n","protected":false},"author":28,"featured_media":13723,"comment_status":"closed","ping_status":"closed","sticky":false,"template":"","format":"standard","meta":{"dwc-title":[],"dwc-content":[],"footnotes":""},"categories":[37],"tags":[],"class_list":["post-13722","post","type-post","status-publish","format-standard","has-post-thumbnail","hentry","category-cultura-e-spettacolo"],"rttpg_featured_image_url":{"full":["https:\/\/imagazine.it\/wp-content\/uploads\/2024\/01\/4771-1.webp",410,307,false],"landscape":["https:\/\/imagazine.it\/wp-content\/uploads\/2024\/01\/4771-1.webp",410,307,false],"portraits":["https:\/\/imagazine.it\/wp-content\/uploads\/2024\/01\/4771-1.webp",410,307,false],"thumbnail":["https:\/\/imagazine.it\/wp-content\/uploads\/2024\/01\/4771-1-150x150.webp",150,150,true],"medium":["https:\/\/imagazine.it\/wp-content\/uploads\/2024\/01\/4771-1-300x225.webp",300,225,true],"large":["https:\/\/imagazine.it\/wp-content\/uploads\/2024\/01\/4771-1.webp",410,307,false],"thumblist":["https:\/\/imagazine.it\/wp-content\/uploads\/2024\/01\/4771-1.webp",300,225,false],"thumbrelated":["https:\/\/imagazine.it\/wp-content\/uploads\/2024\/01\/4771-1.webp",410,307,false],"meccarouselthumb":["https:\/\/imagazine.it\/wp-content\/uploads\/2024\/01\/4771-1.webp",410,307,false],"gridsquare":["https:\/\/imagazine.it\/wp-content\/uploads\/2024\/01\/4771-1.webp",347,260,false],"tileview":["https:\/\/imagazine.it\/wp-content\/uploads\/2024\/01\/4771-1.webp",300,225,false],"1536x1536":["https:\/\/imagazine.it\/wp-content\/uploads\/2024\/01\/4771-1.webp",410,307,false],"2048x2048":["https:\/\/imagazine.it\/wp-content\/uploads\/2024\/01\/4771-1.webp",410,307,false],"newsup-slider-full":["https:\/\/imagazine.it\/wp-content\/uploads\/2024\/01\/4771-1.webp",410,307,false],"newsup-featured":["https:\/\/imagazine.it\/wp-content\/uploads\/2024\/01\/4771-1.webp",410,307,false],"newsup-medium":["https:\/\/imagazine.it\/wp-content\/uploads\/2024\/01\/4771-1.webp",410,307,false],"tptn_thumbnail":["https:\/\/imagazine.it\/wp-content\/uploads\/2024\/01\/4771-1.webp",250,187,false],"sow-carousel-default":["https:\/\/imagazine.it\/wp-content\/uploads\/2024\/01\/4771-1-272x182.webp",272,182,true]},"rttpg_author":{"display_name":"redazione","author_link":"https:\/\/imagazine.it\/home_desk\/author\/redazione\/"},"rttpg_comment":0,"rttpg_category":"<a href=\"https:\/\/imagazine.it\/home_desk\/category\/cultura-e-spettacolo\/\" rel=\"category tag\">CULTURA&amp;SPETTACOLO<\/a>","rttpg_excerpt":"Anteprima internazionale a Trieste","_links":{"self":[{"href":"https:\/\/imagazine.it\/home_desk\/wp-json\/wp\/v2\/posts\/13722","targetHints":{"allow":["GET"]}}],"collection":[{"href":"https:\/\/imagazine.it\/home_desk\/wp-json\/wp\/v2\/posts"}],"about":[{"href":"https:\/\/imagazine.it\/home_desk\/wp-json\/wp\/v2\/types\/post"}],"author":[{"embeddable":true,"href":"https:\/\/imagazine.it\/home_desk\/wp-json\/wp\/v2\/users\/28"}],"replies":[{"embeddable":true,"href":"https:\/\/imagazine.it\/home_desk\/wp-json\/wp\/v2\/comments?post=13722"}],"version-history":[{"count":0,"href":"https:\/\/imagazine.it\/home_desk\/wp-json\/wp\/v2\/posts\/13722\/revisions"}],"wp:featuredmedia":[{"embeddable":true,"href":"https:\/\/imagazine.it\/home_desk\/wp-json\/wp\/v2\/media\/13723"}],"wp:attachment":[{"href":"https:\/\/imagazine.it\/home_desk\/wp-json\/wp\/v2\/media?parent=13722"}],"wp:term":[{"taxonomy":"category","embeddable":true,"href":"https:\/\/imagazine.it\/home_desk\/wp-json\/wp\/v2\/categories?post=13722"},{"taxonomy":"post_tag","embeddable":true,"href":"https:\/\/imagazine.it\/home_desk\/wp-json\/wp\/v2\/tags?post=13722"}],"curies":[{"name":"wp","href":"https:\/\/api.w.org\/{rel}","templated":true}]}}