{"id":13527,"date":"2014-03-04T00:00:00","date_gmt":"2014-03-03T23:00:00","guid":{"rendered":"https:\/\/imagazine.it\/?p=13527"},"modified":"2014-03-04T00:00:00","modified_gmt":"2014-03-03T23:00:00","slug":"cinema-carlo-zoratti-premiato-anche-a-zagabria","status":"publish","type":"post","link":"https:\/\/imagazine.it\/home_desk\/cinema-carlo-zoratti-premiato-anche-a-zagabria\/","title":{"rendered":"Cinema, Carlo Zoratti premiato anche a Zagabria"},"content":{"rendered":"<p style=\"text-align: justify;\" class=\"ui-droppable\"> \tDopo le due vittorie di\u00a0<strong>Lipsia<\/strong>\u00a0e\u00a0<strong>Trieste<\/strong>, un altro riconoscimento va ad arricchire il medagliere di\u00a0<strong><em>The Special Need<\/em><\/strong>: il regista\u00a0<strong>Carlo Zoratti<\/strong>\u00a0\u00e8 stato infatti premiato al\u00a0<strong>Festival internazionale<\/strong>\u00a0<strong>ZagrebDox<\/strong>\u00a0come\u00a0<strong>miglior regista under 35<\/strong>. Ottimi risultati, per un giovane <em>beginner<\/em>, ma ottimi risultati anche per un\u2019opera destinata a innescare dibattiti (pi\u00f9 o meno pacati, pi\u00f9 o meno ragionevoli) e a restare lungamente impressa dentro la memoria degli spettatori\u2026<\/p>\n<p style=\"text-align: justify;\" class=\"ui-droppable\"> \tSe l\u2019uscita ufficiale nei migliori cinema \u00e8 programmata per il\u00a0<strong>2 aprile<\/strong>, sotto il segno distributivo della\u00a0<strong>Tucker Film<\/strong>, il prossimo appuntamento con\u00a0<strong><em>The Special Need\u00a0<\/em><\/strong>\u00e8 fissato ventiquattr\u2019ore prima: dall\u2019<strong>Anteo spazio Cinema di Milano<\/strong>, il\u00a0<strong>1\u00b0 aprile<\/strong>, il film e il successivo dibattito verranno trasmessi\u00a0<strong>in diretta satellitare<\/strong>\u00a0in\u00a0<strong>70 sale italiane<\/strong>. Un evento esclusivo che unisce le firme di\u00a0<strong>Visionaria<\/strong>,\u00a0<strong>Open Sky Cinema<\/strong>\u00a0e della\u00a0<strong>stessa Tucker<\/strong>.<\/p>\n<p style=\"text-align: justify;\" class=\"ui-droppable\"> \tIl\u00a0<strong>2 aprile<\/strong>\u00a0non \u00e8 una data qualunque, cos\u00ec come il film non \u00e8 un film qualunque: merito di <strong>Carlo Zoratti<\/strong>\u00a0e della sua crew di sognatori, certo, ma senza\u00a0<strong>Enea Gabino<\/strong>, il protagonista,\u00a0<strong><em>The Special Need<\/em><\/strong>\u00a0non sarebbe quello che \u00e8. Il\u00a0<strong>2 aprile\u00a0<\/strong>si celebra la\u00a0<strong>Giornata Mondiale dell\u2019Autismo\u00a0<\/strong>e il documentario di Zoratti,\u00a0<strong>attraverso l\u2019autismo di Enea<\/strong>, esplora un territorio che molti (troppi?) considerano tab\u00f9:\u00a0<strong>il binomio sesso-disabilit\u00e0<\/strong>.<\/p>\n<p style=\"text-align: justify;\" class=\"ui-droppable\"> \tEnea ha trent\u2019anni, un lavoro e un problema. Anzi: pi\u00f9 che un problema, una necessit\u00e0. Una <em>necessit\u00e0 speciale<\/em>: fare (finalmente) l\u2019amore. Enea ha anche due amici, Carlo e Alex, decisi ad aiutarlo. A prenderlo sottobraccio con allegra dolcezza. Se non \u00e8 facile realizzare i propri desideri, non \u00e8 certamente facile realizzare quelli degli altri. E il desiderio di Enea, intrappolato nella rete di una patologia che non fa sconti, richiede una manutenzione delicatissima. Basteranno un piccolo viaggio e una grande complicit\u00e0 (tutta maschile) per creare le giuste condizioni? <strong>Divertente documentario on the road<\/strong>, ma prima ancora potente indagine sentimentale, <strong><em>The Special Need<\/em><\/strong>\u00a0racconta la normalit\u00e0 della diversit\u00e0 senza mai salire in cattedra e senza mai perdere di vista la leggerezza della narrazione. Una leggerezza densa, a tratti poetica, dentro cui ognuno pu\u00f2 riconoscere gli entusiasmi, i dubbi e le fragilit\u00e0 della vita quotidiana.<\/p>\n<p style=\"text-align: justify;\" class=\"ui-droppable\"> \t\u00abL\u2019Enea del film \u2013 spiega\u00a0<strong>Carla<\/strong>, la terapista che si occupa di lui da quando era un cucciolo di 16 mesi \u2013 \u00e8 l\u2019Enea pazientemente forgiato dal mio lavoro e da quello dei suoi splendidi genitori. Un processo lunghissimo, un processo che non avr\u00e0 mai fine, anche se i risultati non smettono mai di sorprenderci. 84 minuti non bastano per condensare la sua storia,\u00a0<strong>la sua favola<\/strong>, e giustamente non vogliono neanche farlo: <strong><em>The Special Need<\/em><\/strong>\u00a0\u00e8 altro, \u00e8 un verissimo diario sentimentale dove trova spazio il meglio di Enea. I suoi momenti pi\u00f9 performanti, le sue reazioni emotive e logiche pi\u00f9 brillanti. Se solo il pubblico potesse sapere quant\u2019\u00e8 difficile insegnargli a soffiarsi il naso o quanto \u00e8 stato difficile, da bambino, aiutarlo ad aprirsi\u2026\u00bb.<\/p>\n","protected":false},"excerpt":{"rendered":"<p>Il regista di &#8220;The special need&#8221;<\/p>\n","protected":false},"author":28,"featured_media":13528,"comment_status":"closed","ping_status":"closed","sticky":false,"template":"","format":"standard","meta":{"dwc-title":[],"dwc-content":[],"footnotes":""},"categories":[37],"tags":[],"class_list":["post-13527","post","type-post","status-publish","format-standard","has-post-thumbnail","hentry","category-cultura-e-spettacolo"],"rttpg_featured_image_url":{"full":["https:\/\/imagazine.it\/wp-content\/uploads\/2024\/01\/4336-1.webp",1920,1080,false],"landscape":["https:\/\/imagazine.it\/wp-content\/uploads\/2024\/01\/4336-1.webp",1920,1080,false],"portraits":["https:\/\/imagazine.it\/wp-content\/uploads\/2024\/01\/4336-1.webp",1920,1080,false],"thumbnail":["https:\/\/imagazine.it\/wp-content\/uploads\/2024\/01\/4336-1-150x150.webp",150,150,true],"medium":["https:\/\/imagazine.it\/wp-content\/uploads\/2024\/01\/4336-1-300x169.webp",300,169,true],"large":["https:\/\/imagazine.it\/wp-content\/uploads\/2024\/01\/4336-1-1024x576.webp",640,360,true],"thumblist":["https:\/\/imagazine.it\/wp-content\/uploads\/2024\/01\/4336-1.webp",300,169,false],"thumbrelated":["https:\/\/imagazine.it\/wp-content\/uploads\/2024\/01\/4336-1.webp",500,281,false],"meccarouselthumb":["https:\/\/imagazine.it\/wp-content\/uploads\/2024\/01\/4336-1.webp",474,267,false],"gridsquare":["https:\/\/imagazine.it\/wp-content\/uploads\/2024\/01\/4336-1.webp",391,220,false],"tileview":["https:\/\/imagazine.it\/wp-content\/uploads\/2024\/01\/4336-1.webp",300,169,false],"1536x1536":["https:\/\/imagazine.it\/wp-content\/uploads\/2024\/01\/4336-1-1536x864.webp",1536,864,true],"2048x2048":["https:\/\/imagazine.it\/wp-content\/uploads\/2024\/01\/4336-1.webp",1920,1080,false],"newsup-slider-full":["https:\/\/imagazine.it\/wp-content\/uploads\/2024\/01\/4336-1-1280x720.webp",1280,720,true],"newsup-featured":["https:\/\/imagazine.it\/wp-content\/uploads\/2024\/01\/4336-1-1024x576.webp",1024,576,true],"newsup-medium":["https:\/\/imagazine.it\/wp-content\/uploads\/2024\/01\/4336-1-720x380.webp",720,380,true],"tptn_thumbnail":["https:\/\/imagazine.it\/wp-content\/uploads\/2024\/01\/4336-1.webp",250,141,false],"sow-carousel-default":["https:\/\/imagazine.it\/wp-content\/uploads\/2024\/01\/4336-1-272x182.webp",272,182,true]},"rttpg_author":{"display_name":"redazione","author_link":"https:\/\/imagazine.it\/home_desk\/author\/redazione\/"},"rttpg_comment":0,"rttpg_category":"<a href=\"https:\/\/imagazine.it\/home_desk\/category\/cultura-e-spettacolo\/\" rel=\"category tag\">CULTURA&amp;SPETTACOLO<\/a>","rttpg_excerpt":"Il regista di \"The special need\"","_links":{"self":[{"href":"https:\/\/imagazine.it\/home_desk\/wp-json\/wp\/v2\/posts\/13527","targetHints":{"allow":["GET"]}}],"collection":[{"href":"https:\/\/imagazine.it\/home_desk\/wp-json\/wp\/v2\/posts"}],"about":[{"href":"https:\/\/imagazine.it\/home_desk\/wp-json\/wp\/v2\/types\/post"}],"author":[{"embeddable":true,"href":"https:\/\/imagazine.it\/home_desk\/wp-json\/wp\/v2\/users\/28"}],"replies":[{"embeddable":true,"href":"https:\/\/imagazine.it\/home_desk\/wp-json\/wp\/v2\/comments?post=13527"}],"version-history":[{"count":0,"href":"https:\/\/imagazine.it\/home_desk\/wp-json\/wp\/v2\/posts\/13527\/revisions"}],"wp:featuredmedia":[{"embeddable":true,"href":"https:\/\/imagazine.it\/home_desk\/wp-json\/wp\/v2\/media\/13528"}],"wp:attachment":[{"href":"https:\/\/imagazine.it\/home_desk\/wp-json\/wp\/v2\/media?parent=13527"}],"wp:term":[{"taxonomy":"category","embeddable":true,"href":"https:\/\/imagazine.it\/home_desk\/wp-json\/wp\/v2\/categories?post=13527"},{"taxonomy":"post_tag","embeddable":true,"href":"https:\/\/imagazine.it\/home_desk\/wp-json\/wp\/v2\/tags?post=13527"}],"curies":[{"name":"wp","href":"https:\/\/api.w.org\/{rel}","templated":true}]}}