{"id":13521,"date":"2014-03-03T00:00:00","date_gmt":"2014-03-02T23:00:00","guid":{"rendered":"https:\/\/imagazine.it\/?p=13521"},"modified":"2014-03-03T00:00:00","modified_gmt":"2014-03-02T23:00:00","slug":"scuola-e-multimedialita-concorso-internazionale","status":"publish","type":"post","link":"https:\/\/imagazine.it\/home_desk\/scuola-e-multimedialita-concorso-internazionale\/","title":{"rendered":"Scuola e multimedialit\u00e0, concorso internazionale"},"content":{"rendered":"<p style=\"text-align: justify;\" class=\"ui-droppable\"> \tMancano ancora pochi giorni alla scadenza della 30a edizione del concorso internazionale Videocinema&#038;Scuola del Centro Iniziative Culturali Pordenone, con il sostegno della Regione Friuli Venezia Giulia e il patrocinio del Segretario Generale del Consiglio d&#8217;Europa.<\/p>\n<p style=\"text-align: justify;\" class=\"ui-droppable\"> \tIl bando, <strong>con scadenza 15 marzo <\/strong>(le opere dovranno essere accompagnate da apposita scheda \u2013 scaricabile dal sito <a href=\"http:\/\/www.videocinemaescuola.it\/\" target=\"_blank\" rel=\"noopener\"><strong>www.videocinemaescuola.it<\/strong><\/a> &#8211; con finalit\u00e0, metodo di lavoro, collaborazioni e dati dei partecipanti) apre ai giovani una possibilit\u00e0 di mettersi in gioco attraverso la creativit\u00e0. Il concorso rappresenta una tappa di un percorso considerato importante dal Centro Iniziative Culturali Pordenone per coinvolgere studenti e insegnanti a sperimentare i vari linguaggi creativi: cortometraggi, videoclip, videoarte, animazioni, documentari. Senza poi contare che, utilizzare al meglio i diversi linguaggi multimediali e sfruttarne le potenzialit\u00e0, rientra nei programmi scolastici e inoltre tra le priorit\u00e0 dei nuovi programmi europei 2014-2020.<\/p>\n<p style=\"text-align: justify;\" class=\"ui-droppable\"> \tSollecitazioni importanti per incoraggiare e dare sostegno a tutto il lavoro formativo che parte dalle scuole dell&#8217;infanzia fino ad arrivare all&#8217;Universit\u00e0. Esperti di didattica e linguaggi multimediali comporranno la Commissione 2014. I video verranno valutati in base a progettazione, efficacia audiovisiva, capacit\u00e0 di sintesi, ma anche per la fotografia, la colonna sonoro e perch\u00e9 no, lo humor. I vincitori <strong>saranno premiati &#8211; domenica 4 maggio 2014 &#8211; in un\u2019atmosfera di scambio di esperienze e di interviste durante la visione delle opere, nell&#8217;Auditorium del Centro Culturale Casa Zanussi di Pordenone.<\/strong><\/p>\n<p style=\"text-align: justify;\" class=\"ui-droppable\"> \t<strong>New entry di questa trentesima edizione sono i quattro i premi<\/strong> (dagli 800 ai 500 euro) messi in palio per le diverse sezioni: <strong>XL<\/strong> per l\u2019Universit\u00e0, <strong>LARGE<\/strong> per scuole secondarie di secondo grado, <strong>MEDIUM <\/strong>per le scuole secondarie di primo grado e <strong>SMALL<\/strong> per le scuole d&#8217;infanzia o primarie. <strong>A questi si aggiungono ben altri sette premi tematici da 500 euro:<\/strong> <strong>\u201cComunico dunque sono\u201d<\/strong><strong> di Presenza e Cultura <\/strong>per un&#8217;opera che tratti, sotto qualsiasi profilo, i pi\u00f9 diversi aspetti della comunicazione interpersonale. <strong>\u201cIdee per domani\u201d<\/strong> <strong>della Fondazione Crup <\/strong>per un\u2019opera che documenti esperienze innovative promosse dai giovani. <strong>\u201cItinerari e identit\u00e0 da scoprire\u201d della Provincia di Pordenone <\/strong>per un video che promuova un territorio alla scoperta dei suoi caratteri culturali, antropologici e linguistici. <strong>Premio Caritas Pordenone<\/strong> per la realizzazione di uno spot promozionale o di un video che racconti un\u2019esperienza di volontariato e solidariet\u00e0, anche individuale, nel proprio territorio. <strong>Premio Fotografia della Banca Popolare FriulAdria<\/strong> per un\u2019opera che, nelle riprese, evidenzi particolare cura della \u201cfotografia\u201d. <strong>Premio Musica-immagini<\/strong> per un\u2019opera particolarmente significativa nella scelta del commento sonoro-musicale (possibilmente originale) e per la sua sintonia con le immagini. <strong>Premio Humor<\/strong> per un lavoro che coniughi espressivit\u00e0, recitazione e narrazione con lo humor. <strong>Ma non solo, non mancheranno segnalazioni e premi a chi vorr\u00e0 cimentarsi per la prima volta.<\/strong><\/p>\n","protected":false},"excerpt":{"rendered":"<p>Iscrizioni entro il 15 marzo<\/p>\n","protected":false},"author":28,"featured_media":13522,"comment_status":"closed","ping_status":"closed","sticky":false,"template":"","format":"standard","meta":{"dwc-title":[],"dwc-content":[],"footnotes":""},"categories":[6],"tags":[],"class_list":["post-13521","post","type-post","status-publish","format-standard","has-post-thumbnail","hentry","category-societa"],"rttpg_featured_image_url":{"full":["https:\/\/imagazine.it\/wp-content\/uploads\/2024\/01\/4316-1.webp",800,626,false],"landscape":["https:\/\/imagazine.it\/wp-content\/uploads\/2024\/01\/4316-1.webp",800,626,false],"portraits":["https:\/\/imagazine.it\/wp-content\/uploads\/2024\/01\/4316-1.webp",800,626,false],"thumbnail":["https:\/\/imagazine.it\/wp-content\/uploads\/2024\/01\/4316-1-150x150.webp",150,150,true],"medium":["https:\/\/imagazine.it\/wp-content\/uploads\/2024\/01\/4316-1-300x235.webp",300,235,true],"large":["https:\/\/imagazine.it\/wp-content\/uploads\/2024\/01\/4316-1.webp",640,501,false],"thumblist":["https:\/\/imagazine.it\/wp-content\/uploads\/2024\/01\/4316-1.webp",300,235,false],"thumbrelated":["https:\/\/imagazine.it\/wp-content\/uploads\/2024\/01\/4316-1.webp",500,391,false],"meccarouselthumb":["https:\/\/imagazine.it\/wp-content\/uploads\/2024\/01\/4316-1.webp",414,324,false],"gridsquare":["https:\/\/imagazine.it\/wp-content\/uploads\/2024\/01\/4316-1.webp",332,260,false],"tileview":["https:\/\/imagazine.it\/wp-content\/uploads\/2024\/01\/4316-1.webp",300,235,false],"1536x1536":["https:\/\/imagazine.it\/wp-content\/uploads\/2024\/01\/4316-1.webp",800,626,false],"2048x2048":["https:\/\/imagazine.it\/wp-content\/uploads\/2024\/01\/4316-1.webp",800,626,false],"newsup-slider-full":["https:\/\/imagazine.it\/wp-content\/uploads\/2024\/01\/4316-1.webp",800,626,false],"newsup-featured":["https:\/\/imagazine.it\/wp-content\/uploads\/2024\/01\/4316-1.webp",800,626,false],"newsup-medium":["https:\/\/imagazine.it\/wp-content\/uploads\/2024\/01\/4316-1-720x380.webp",720,380,true],"tptn_thumbnail":["https:\/\/imagazine.it\/wp-content\/uploads\/2024\/01\/4316-1.webp",250,196,false],"sow-carousel-default":["https:\/\/imagazine.it\/wp-content\/uploads\/2024\/01\/4316-1-272x182.webp",272,182,true]},"rttpg_author":{"display_name":"redazione","author_link":"https:\/\/imagazine.it\/home_desk\/author\/redazione\/"},"rttpg_comment":0,"rttpg_category":"<a href=\"https:\/\/imagazine.it\/home_desk\/category\/societa\/\" rel=\"category tag\">SOCIET\u00c0<\/a>","rttpg_excerpt":"Iscrizioni entro il 15 marzo","_links":{"self":[{"href":"https:\/\/imagazine.it\/home_desk\/wp-json\/wp\/v2\/posts\/13521","targetHints":{"allow":["GET"]}}],"collection":[{"href":"https:\/\/imagazine.it\/home_desk\/wp-json\/wp\/v2\/posts"}],"about":[{"href":"https:\/\/imagazine.it\/home_desk\/wp-json\/wp\/v2\/types\/post"}],"author":[{"embeddable":true,"href":"https:\/\/imagazine.it\/home_desk\/wp-json\/wp\/v2\/users\/28"}],"replies":[{"embeddable":true,"href":"https:\/\/imagazine.it\/home_desk\/wp-json\/wp\/v2\/comments?post=13521"}],"version-history":[{"count":0,"href":"https:\/\/imagazine.it\/home_desk\/wp-json\/wp\/v2\/posts\/13521\/revisions"}],"wp:featuredmedia":[{"embeddable":true,"href":"https:\/\/imagazine.it\/home_desk\/wp-json\/wp\/v2\/media\/13522"}],"wp:attachment":[{"href":"https:\/\/imagazine.it\/home_desk\/wp-json\/wp\/v2\/media?parent=13521"}],"wp:term":[{"taxonomy":"category","embeddable":true,"href":"https:\/\/imagazine.it\/home_desk\/wp-json\/wp\/v2\/categories?post=13521"},{"taxonomy":"post_tag","embeddable":true,"href":"https:\/\/imagazine.it\/home_desk\/wp-json\/wp\/v2\/tags?post=13521"}],"curies":[{"name":"wp","href":"https:\/\/api.w.org\/{rel}","templated":true}]}}