{"id":13511,"date":"2014-02-28T00:00:00","date_gmt":"2014-02-27T23:00:00","guid":{"rendered":"https:\/\/imagazine.it\/?p=13511"},"modified":"2014-02-28T00:00:00","modified_gmt":"2014-02-27T23:00:00","slug":"giovani-e-droga-arte-giornalismo-e-comunicazione-per-combattere-il-fenomeno","status":"publish","type":"post","link":"https:\/\/imagazine.it\/home_desk\/giovani-e-droga-arte-giornalismo-e-comunicazione-per-combattere-il-fenomeno\/","title":{"rendered":"Giovani e droga: arte, giornalismo e comunicazione per combattere il fenomeno"},"content":{"rendered":"<p style=\"text-align: justify;\"> \tAllarmata da una crescente e preoccupante diffusione delle droghe tra i giovanissimi, la Provincia di Udine scende in campo con due progetti rivolti ai ragazzi per contrastare il consumo di sostanze stupefacenti.<\/p>\n<p style=\"text-align: justify;\"> \t\u201cSi tratta di proposte in continuit\u00e0 con le azioni di prevenzione e promozione dei corretti stili di vita tra i giovani gi\u00e0 promosse in passato dall\u2019Ente &#8211; spiega l\u2019assessore provinciale alle politiche sociali <strong>Elisa Battaglia<\/strong> &#8211; con contenuti e format mirati a coinvolgere e far riflettere i giovani parlando il linguaggio del loro mondo e proponendo rappresentazioni di episodi di vita che hanno, quali sfortunati protagonisti, i loro stessi coetanei\u201d.<\/p>\n<p style=\"text-align: justify;\"> \tLe nuove iniziative alle quali sta lavorando la Provincia nascono nell\u2019ambito di collaborazioni gi\u00e0 avviate negli anni scorsi a esempio con il Dipartimento delle Dipendenze dell\u2019Ass 4 Medio Friuli. \u201cCon il direttore della struttura, il dottor <strong>Francesco Piani<\/strong> \u2013 illustra Battaglia \u2013 stiamo delineando un percorso da proporre agli studenti delle scuole superiori ma anche agli enti di formazione professionale, meno coinvolti negli interventi di prevenzione gi\u00e0 realizzati\u201d.<\/p>\n<p style=\"text-align: justify;\"> \tCuore della proposta sar\u00e0 un format giornalistico-teatrale curato dal giornalista <strong>Luca Pagliari<\/strong>, noto alle scuole udinesi per aver realizzato in passato attivit\u00e0 similari, con la narrazione di storie emotivamente coinvolgenti poich\u00e9 raccontano di giovani vite stroncate a causa del consumo di droghe. \u201cUna proposta forte \u2013 aggiunge l\u2019assessore \u2013 che vuole far riflettere sul valore della vita e sulle responsabilit\u00e0 che i giovani hanno nei confronti di loro stessi\u201d.<\/p>\n<p style=\"text-align: justify;\"> \tLa Provincia lavorer\u00e0 in stretta sinergia con l\u2019Ufficio scolastico provinciale e la Consulta provinciale degli studenti per una progettazione che si articoler\u00e0 su tre annualit\u00e0 a partire dall\u2019anno scolastico 2014\/2015 nell\u2019ottica di ampliare e approfondire la riflessione e coinvolgere un numero significativo di studenti. Rivolto a tutto il target giovani \u00e8 il progetto che la Provincia sta elaborando insieme al pubblicitario <strong>Gianfranco Angelico Benvenuto<\/strong>. Una campagna sociale \u201cshock\u201d per linguaggio, immagini, grafica, contenuti, nel solco delle iniziative che contraddistinguono le produzioni del professionista udinese.<\/p>\n<p style=\"text-align: justify;\"> \t\u201cUna proposta che lanceremo nei prossimi mesi \u2013 aggiunge Battaglia \u2013 e che sicuramente colpir\u00e0 i giovani ai quali \u00e8 destinata ma anche gli adulti, sulla scia di analoghe iniziative gi\u00e0 intraprese e che hanno riscontrato grande successo nel pubblico per aver stimolato il dibattito, la conoscenza e sostenuto la prevenzione come a esempio la campagna \u201cMole il bevi\u201d per contrastare l\u2019abuso di alcool o l\u2019installazione \u201cCento sogni morti sul lavoro\u201d che ha addirittura varcato i confini regionali. \u00c8 stata esposta in piazza Duomo a Milano, all\u2019interno dell\u2019edizione 2012 della \u201cBocconi art gallery\u201d e tra pochi giorni sar\u00e0 in piazza del Popolo a Roma\u201d.<\/p>\n","protected":false},"excerpt":{"rendered":"<p>Progetto della Provincia di Udine<\/p>\n","protected":false},"author":28,"featured_media":0,"comment_status":"closed","ping_status":"closed","sticky":false,"template":"","format":"standard","meta":{"dwc-title":[],"dwc-content":[],"footnotes":""},"categories":[5],"tags":[],"class_list":["post-13511","post","type-post","status-publish","format-standard","hentry","category-attualita"],"rttpg_featured_image_url":null,"rttpg_author":{"display_name":"redazione","author_link":"https:\/\/imagazine.it\/home_desk\/author\/redazione\/"},"rttpg_comment":0,"rttpg_category":"<a href=\"https:\/\/imagazine.it\/home_desk\/category\/attualita\/\" rel=\"category tag\">ATTUALIT\u00c0<\/a>","rttpg_excerpt":"Progetto della Provincia di Udine","_links":{"self":[{"href":"https:\/\/imagazine.it\/home_desk\/wp-json\/wp\/v2\/posts\/13511","targetHints":{"allow":["GET"]}}],"collection":[{"href":"https:\/\/imagazine.it\/home_desk\/wp-json\/wp\/v2\/posts"}],"about":[{"href":"https:\/\/imagazine.it\/home_desk\/wp-json\/wp\/v2\/types\/post"}],"author":[{"embeddable":true,"href":"https:\/\/imagazine.it\/home_desk\/wp-json\/wp\/v2\/users\/28"}],"replies":[{"embeddable":true,"href":"https:\/\/imagazine.it\/home_desk\/wp-json\/wp\/v2\/comments?post=13511"}],"version-history":[{"count":0,"href":"https:\/\/imagazine.it\/home_desk\/wp-json\/wp\/v2\/posts\/13511\/revisions"}],"wp:attachment":[{"href":"https:\/\/imagazine.it\/home_desk\/wp-json\/wp\/v2\/media?parent=13511"}],"wp:term":[{"taxonomy":"category","embeddable":true,"href":"https:\/\/imagazine.it\/home_desk\/wp-json\/wp\/v2\/categories?post=13511"},{"taxonomy":"post_tag","embeddable":true,"href":"https:\/\/imagazine.it\/home_desk\/wp-json\/wp\/v2\/tags?post=13511"}],"curies":[{"name":"wp","href":"https:\/\/api.w.org\/{rel}","templated":true}]}}