{"id":13493,"date":"2014-02-25T00:00:00","date_gmt":"2014-02-24T23:00:00","guid":{"rendered":"https:\/\/imagazine.it\/?p=13493"},"modified":"2014-02-25T00:00:00","modified_gmt":"2014-02-24T23:00:00","slug":"cultura-e-turismo-quando-il-binomio-e-vincente","status":"publish","type":"post","link":"https:\/\/imagazine.it\/home_desk\/cultura-e-turismo-quando-il-binomio-e-vincente\/","title":{"rendered":"Cultura e turismo, quando il binomio \u00e8 vincente"},"content":{"rendered":"<p class=\"ui-droppable\" style=\"text-align: justify;\"> \tGuarda al <strong>turismo culturale<\/strong> e si concentra sulla <strong>ricaduta economica sul territorio<\/strong> il <strong>Piccolo Festival Fvg<\/strong>, che <strong>dal 4 al 27 luglio <\/strong>prossimo offrir\u00e0 un programma musicale variegato e di qualit\u00e0 di scena nelle \u201cdimore da sogno\u201d del Friuli Venezia Giulia: castelli, ville e palazzi storici solitamente non aperti al pubblico. In collaborazione con un <strong>tour operator specializzato,<\/strong> la manifestazione \u2013 giunta quest\u2019anno alla sua settima edizione \u2013 offrir\u00e0 <strong>sei pacchetti<\/strong> <strong>turistici<\/strong> differenziati per attrarre in regione gli amanti dei viaggi e della cultura di tutto il mondo. A livello locale, invece, attraverso <strong>collaborazioni con produttori agroalimentari e ristoratori <\/strong>e una convenzione con <strong>Confindustria Udine<\/strong>, la rassegna si propone come vetrina d\u2019eccezione per la promozione delle realt\u00e0 economiche presenti sul territorio e dei loro prodotti.<\/p>\n<\/p>\n<p class=\"ui-droppable\" style=\"text-align: justify;\"> \tIl cartellone del Festival \u2013 all\u2019insegna della \u201cPocket Opera\u201d, l\u2019opera tascabile che si pu\u00f2 inscenare e godere in qualsiasi luogo \u2013 si trasformer\u00e0 in una straordinaria \u201ccolonna sonora\u201d per scoprire le pi\u00f9 belle <strong>dimore storiche del Friuli Venezia Giulia<\/strong>, un\u2019opportunit\u00e0 unica per il turista, in quanto <strong>quasi tutte normalmente non sono aperte al pubblico<\/strong>. Un\u2019occasione anche per scoprire l\u2019enogastronomia locale e l\u2019offerta storica, artistica e naturalistica regionale.<\/p>\n<p class=\"ui-droppable\" style=\"text-align: justify;\"> \tIl <strong>Piccolo Festival Fvg,<\/strong> in collaborazione con <strong>Tourism Project Italy<\/strong>, ha confezionato <strong>sei pacchetti<\/strong>, pensati per soddisfare le esigenze pi\u00f9 diverse e incoraggiare quel turismo culturale, sempre pi\u00f9 amato e praticato dai viaggiatori di tutto il mondo, che \u00e8 la vera chiave di volta per un territorio piccolo eppure estremamente suggestivo e variegato come la nostra regione. \u201cL\u2019idea alla base \u2013 spiega il direttore del Piccolo Festival Fvg <strong>Gabriele Ribis<\/strong> \u2013 \u00e8 quella di creare un circuito turistico\/culturale\/enogastronomico che abbia una ricaduta economica sul territorio. Il biglietto per uno spettacolo diventa cos\u00ec un passepartout per vivere il territorio che ospita l\u2019evento. In questo senso ecco che l\u2019<em>audience developing, <\/em>tema centrale del nuovo bando Creative Europe, diventa allo stesso tempo <em>business developing\u201d.<\/em><\/p>\n<p class=\"ui-droppable\" style=\"text-align: justify;\"> \tI pacchetti sono sei proposte agili, pensate per viaggi di tre-quattro giorni alla scoperta delle tipicit\u00e0 del Friuli Venezia Giulia.<\/p>\n<p class=\"ui-droppable\" style=\"text-align: justify;\"> \t\u00c8 inoltre in fase di sottoscrizione un\u2019importante convenzione tra <strong>Confindustria Udine <\/strong>e <strong>Piccolo Festival Fvg<\/strong>. La convenzione prevede una stretta collaborazione tra l\u2019Ufficio Cultura di Confindustria e gli organizzatori del Festival, al fine di promuovere la partecipazione delle aziende associate alle varie iniziative culturali della manifestazione, nell\u2019ambito di una pi\u00f9 diffusa attivit\u00e0 di sostegno all\u2019industria turistica del territorio.<\/p>\n<p class=\"ui-droppable\" style=\"text-align: justify;\"> \t\u201cConsideriamo questa collaborazione un\u2019importante opportunit\u00e0 per le aziende che decideranno di essere presenti alle varie serate del Festival &#8211; ha affermato <strong>Damiano Ghini<\/strong>, delegato alla Cultura di Confindustria Udine -. Si tratta di una vetrina culturale unica, candidata ad avere dimensione di respiro internazionale\u201d.\u00a0<\/p>\n","protected":false},"excerpt":{"rendered":"<p>Le novit\u00e0 del Piccolo Festival Fvg<\/p>\n","protected":false},"author":28,"featured_media":0,"comment_status":"closed","ping_status":"closed","sticky":false,"template":"","format":"standard","meta":{"dwc-title":[],"dwc-content":[],"footnotes":""},"categories":[8],"tags":[],"class_list":["post-13493","post","type-post","status-publish","format-standard","hentry","category-turismo"],"rttpg_featured_image_url":null,"rttpg_author":{"display_name":"redazione","author_link":"https:\/\/imagazine.it\/home_desk\/author\/redazione\/"},"rttpg_comment":0,"rttpg_category":"<a href=\"https:\/\/imagazine.it\/home_desk\/category\/turismo\/\" rel=\"category tag\">TURISMO<\/a>","rttpg_excerpt":"Le novit\u00e0 del Piccolo Festival Fvg","_links":{"self":[{"href":"https:\/\/imagazine.it\/home_desk\/wp-json\/wp\/v2\/posts\/13493","targetHints":{"allow":["GET"]}}],"collection":[{"href":"https:\/\/imagazine.it\/home_desk\/wp-json\/wp\/v2\/posts"}],"about":[{"href":"https:\/\/imagazine.it\/home_desk\/wp-json\/wp\/v2\/types\/post"}],"author":[{"embeddable":true,"href":"https:\/\/imagazine.it\/home_desk\/wp-json\/wp\/v2\/users\/28"}],"replies":[{"embeddable":true,"href":"https:\/\/imagazine.it\/home_desk\/wp-json\/wp\/v2\/comments?post=13493"}],"version-history":[{"count":0,"href":"https:\/\/imagazine.it\/home_desk\/wp-json\/wp\/v2\/posts\/13493\/revisions"}],"wp:attachment":[{"href":"https:\/\/imagazine.it\/home_desk\/wp-json\/wp\/v2\/media?parent=13493"}],"wp:term":[{"taxonomy":"category","embeddable":true,"href":"https:\/\/imagazine.it\/home_desk\/wp-json\/wp\/v2\/categories?post=13493"},{"taxonomy":"post_tag","embeddable":true,"href":"https:\/\/imagazine.it\/home_desk\/wp-json\/wp\/v2\/tags?post=13493"}],"curies":[{"name":"wp","href":"https:\/\/api.w.org\/{rel}","templated":true}]}}