{"id":13480,"date":"2014-02-20T00:00:00","date_gmt":"2014-02-19T23:00:00","guid":{"rendered":"https:\/\/imagazine.it\/?p=13480"},"modified":"2014-02-20T00:00:00","modified_gmt":"2014-02-19T23:00:00","slug":"banco-alimentare-donazioni-in-aumento-nonostante-la-crisi","status":"publish","type":"post","link":"https:\/\/imagazine.it\/home_desk\/banco-alimentare-donazioni-in-aumento-nonostante-la-crisi\/","title":{"rendered":"Banco Alimentare, donazioni in aumento nonostante la crisi"},"content":{"rendered":"<p align=\"JUSTIFY\" class=\"ui-droppable\"> \t<strong>L\u2019Associazione onlus Banco Alimentare del Friuli Venezia Giulia<\/strong>, affiliata alla Fondazione Banco Alimentare Onlus, che ha come scopo quello di contribuire alla soluzione dei problemi della fame, dell\u2019emarginazione e della povert\u00e0 mediante la raccolta delle eccedenze agricole e alimentari e la ridistribuzione delle stesse a Strutture ed Associazioni che si occupano di assistenza a poveri ed emarginati, ha da poco presentato la Relazione dell\u2019Attivit\u00e0 2013 e il Progetto di sviluppo per l\u2019anno 2014: ne emerge un quadro spaccato a met\u00e0, che evidenzia una distanza sempre pi\u00f9 sensibile fra l\u2019operato della politica e quello dei cittadini.<\/p>\n<\/p>\n<p align=\"JUSTIFY\" class=\"ui-droppable\"> \tPer la prima volta dalla nascita del Banco FVG, il numero delle strutture convenzionate non \u00e8 salito rispetto all\u2019anno precedente; <strong>Clara Braidotti<\/strong>, responsabile della comunicazione, spiega che \u00absiamo stati costretti a bloccare le richieste di nuove convenzioni, nonostante siano numerose, a causa dell\u2019aumento degli assistiti che si rivolgono alle strutture caritatevoli gi\u00e0 convenzionate\u00bb. Il 2013 \u00e8 stato anche l\u2019ultimo anno in cui l\u2019AGEA (Agenzia per le Erogazioni in Agricoltura) ha fornito le eccedenze della Comunit\u00e0 Europea; nel corso del 2014, infatti, le risorse devolute dall&#39;Unione Europea ai Banchi Alimentari nazionali scenderanno dai tradizionali 100 milioni di euro annui, garantiti dal vecchio PEAD (Programma europeo di aiuti alimentari agli indigenti), ai soli 35 del nuovo FEAD. Inoltre, l\u2019Italia deve ancora stilare a presentare a Bruxelles il proprio piano operativo, che prevede uno stanziamento di 30 milioni per il Banco alimentare nazionale da sommare ai 35 del FEAD: resta comunque un ammanco di 35 milioni rispetto agli anni precedenti, senza contare che, se pure dovesse andare tutto a buon fine, le prime forniture alimentari giungerebbero appena fra settembre\/ottobre, comportando un drammatico vuoto di derrate per parecchi mesi.<\/p>\n<p align=\"JUSTIFY\" class=\"ui-droppable\"> \tA tutto questo si somma il recente cambio di governo, che complica ulteriormente l\u2019iter delle trattative.<\/p>\n<p align=\"JUSTIFY\" class=\"ui-droppable\"> \tA fronte di una drastica riduzione di fondi voluta dalle segreterie europee, la sensibilit\u00e0 della gente nei confronti della fame e della povert\u00e0 \u00e8 invece aumentata: dalle 2.021 tonnellate di alimenti raccolti dal Banco FVG nel 2012, si \u00e8 infatti passati nel 2013 a ben <strong>2.138 tonnellate<\/strong>, per un valore commerciale complessivo di circa <strong>6,6 milioni di Euro<\/strong>. Ancora una volta, il culmine dell\u2019attivit\u00e0 \u00e8 stato registrato nella Giornata Nazionale della Colletta Alimentare, svoltasi lo scorso 30 novembre, che ha visto impegnati 6.500 volontari in 756 punti vendita del Friuli e del Veneto orientale, con il risultato straordinario di 604 tonnellate di alimenti (circa 2 milioni di euro il valore complessivo) raccolti in un solo giorno.<\/p>\n<p align=\"JUSTIFY\" class=\"ui-droppable\"> \tAlla realt\u00e0 della Colletta, ormai consolidata da diciotto anni di esperienza, si somma quella pi\u00f9 recente del programma <em><strong>Siticibo<\/strong><\/em>, attivo dal 2008. <em>Siticibo<\/em> si concentra nella raccolta del cosiddetto \u2018fresco di giornata\u2019 rimasto invenduto nei supermercati: si tratta di pane, ortofrutta, latticini, prodotti di pasticceria e altri alimenti tali da garantire agli assistiti un regime alimentare pi\u00f9 vario e di maggiore qualit\u00e0, con scadenza non inferiore alle 48 ore, che vengono recuperati dai volontari del Banco e ridistribuiti immediatamente nelle strutture caritative convenzionate. Nel 2013, il programma in regione ha registrato 517 tonnellate di cibo raccolto in 60 punti vendita.<\/p>\n<p align=\"JUSTIFY\" class=\"ui-droppable\"> \tPotenziare il programma <em>Siticibo<\/em>, nonch\u00e9 consolidare e sviluppare ulteriormente la consueta attivit\u00e0 dell\u2019Associazione, aumentando del 10% le quantit\u00e0 di alimenti raccolti e redistribuiti: sono questi gli obiettivi del Banco Alimentare regionale per l\u2019anno in corso. Traguardi ambiziosi, in attesa che la politica torni a fare di nuovo la sua parte.<\/p>\n","protected":false},"excerpt":{"rendered":"<p>Resi noti i dati del 2013<\/p>\n","protected":false},"author":31,"featured_media":0,"comment_status":"closed","ping_status":"closed","sticky":false,"template":"","format":"standard","meta":{"dwc-title":[],"dwc-content":[],"footnotes":""},"categories":[5],"tags":[],"class_list":["post-13480","post","type-post","status-publish","format-standard","hentry","category-attualita"],"rttpg_featured_image_url":null,"rttpg_author":{"display_name":"Vanni Veronesi","author_link":"https:\/\/imagazine.it\/home_desk\/author\/veronesi\/"},"rttpg_comment":0,"rttpg_category":"<a href=\"https:\/\/imagazine.it\/home_desk\/category\/attualita\/\" rel=\"category tag\">ATTUALIT\u00c0<\/a>","rttpg_excerpt":"Resi noti i dati del 2013","_links":{"self":[{"href":"https:\/\/imagazine.it\/home_desk\/wp-json\/wp\/v2\/posts\/13480","targetHints":{"allow":["GET"]}}],"collection":[{"href":"https:\/\/imagazine.it\/home_desk\/wp-json\/wp\/v2\/posts"}],"about":[{"href":"https:\/\/imagazine.it\/home_desk\/wp-json\/wp\/v2\/types\/post"}],"author":[{"embeddable":true,"href":"https:\/\/imagazine.it\/home_desk\/wp-json\/wp\/v2\/users\/31"}],"replies":[{"embeddable":true,"href":"https:\/\/imagazine.it\/home_desk\/wp-json\/wp\/v2\/comments?post=13480"}],"version-history":[{"count":0,"href":"https:\/\/imagazine.it\/home_desk\/wp-json\/wp\/v2\/posts\/13480\/revisions"}],"wp:attachment":[{"href":"https:\/\/imagazine.it\/home_desk\/wp-json\/wp\/v2\/media?parent=13480"}],"wp:term":[{"taxonomy":"category","embeddable":true,"href":"https:\/\/imagazine.it\/home_desk\/wp-json\/wp\/v2\/categories?post=13480"},{"taxonomy":"post_tag","embeddable":true,"href":"https:\/\/imagazine.it\/home_desk\/wp-json\/wp\/v2\/tags?post=13480"}],"curies":[{"name":"wp","href":"https:\/\/api.w.org\/{rel}","templated":true}]}}