{"id":13472,"date":"2014-02-18T00:00:00","date_gmt":"2014-02-17T23:00:00","guid":{"rendered":"https:\/\/imagazine.it\/?p=13472"},"modified":"2014-02-18T00:00:00","modified_gmt":"2014-02-17T23:00:00","slug":"fvg-e-slovenia-uniti-nella-ricerca-biomedica","status":"publish","type":"post","link":"https:\/\/imagazine.it\/home_desk\/fvg-e-slovenia-uniti-nella-ricerca-biomedica\/","title":{"rendered":"Fvg e Slovenia uniti nella ricerca biomedica"},"content":{"rendered":"<p class=\"ui-droppable\" style=\"text-align: justify;\"> \tA Trieste, a fine febbraio, si discuter\u00e0 sui destini di un\u2019ampia fetta della ricerca biomedica nel nostro territorio e in quello dei nostri vicini sloveni. Gioved\u00ec 27, nell&#39;Ateneo giuliano, \u00e8 in calendario \u201cSiamo pronti per Horizon 2020?\u201d, un convegno internazionale a tema, che riunir\u00e0 per la prima volta gli attori coinvolti nei principali progetti di ricerca attualmente in corso nell&#39;area transfrontaliera.<\/p>\n<\/p>\n<p class=\"ui-droppable\" style=\"text-align: justify;\"> \tA ideare e organizzare l&#39;incontro \u00e8 stato lo staff di Trans2Care, progetto innovativo dell&#39;Universit\u00e0 di Trieste, insieme al progetto Proteo di Sincrotrone Elettra, entrambi finanziati dalla UE. L&#39;Universit\u00e0 di Trieste ha invitato in citt\u00e0 44 potenziali partner allo scopo di approfondire la conoscenza reciproca e consolidare una rete che possa operare sinergicamente anche in futuro.<\/p>\n<p class=\"ui-droppable\" style=\"text-align: justify;\"> \tI progetti dedicati alla ricerca biomedica finanziati dal Programma per la Cooperazione Transfrontaliera Italia-Slovenia 2007-2013 sono sei. A livello scientifico sono focalizzati su temi ad alto impatto che spaziano dal cancro alle malattie degenerative, a quelle cardiovascolari e metaboliche, con grande attenzione al miglioramento della prevenzione delle patologie.<\/p>\n<p class=\"ui-droppable\" style=\"text-align: justify;\"> \tPer sostenere questi filoni di ricerca sono stati investiti ben 8 milioni e mezzo di euro, ovvero il 6% dell&#39;intero budget riservato al programma e pari al 23% del finanziamento riservato alle priorit\u00e0 strategiche. Le istituzioni europee hanno quindi scommesso sull&#39;innovazione biomedica per creare sviluppo e competitivit\u00e0, ma a quali risultati hanno portato questi investimenti?<\/p>\n<p class=\"ui-droppable\" style=\"text-align: justify;\"> \tIl convegno sar\u00e0 l&#39;occasione per fare il punto e capire se le conoscenze scientifiche acquisite in questi anni hanno generato nuove tecnologie, prodotti o servizi, se e come hanno effettivamente migliorato le nostre condizioni di vita e di salute. Ampio spazio sar\u00e0 dedicato ai giovani ricercatori, che avranno la possibilit\u00e0 di presentare i propri lavori ai colleghi, condividendo i risultati ad oggi conseguiti. I partecipanti sono invitati a esprimersi anche in merito ai propri obiettivi a breve, medio e lungo termine, in modo da individuare possibili prospettive future di ricerca congiunta, integrazione e crescita sostenibile. Un convegno strategico dunque, che guarda gi\u00e0 alle prossime sfide, in particolare alle opportunit\u00e0 di finanziamento offerte da Horizon 2020, il Programma Quadro europeo per la Ricerca e l&#39;Innovazione (2014 \u2013 2020) che individua le nuove linee guida sugli obiettivi scientifici da raggiungere per migliorare la vita dei cittadini europei.<\/p>\n<p class=\"ui-droppable\" style=\"text-align: justify;\"> \t\u201cL\u2019obiettivo strategico di tutti i progetti \u00e8 consolidarsi, anche allargandosi su un territorio pi\u00f9 ampio\u201d spiega la professoressa <strong>Sabina Passamonti<\/strong>, ideatrice dell&#39;evento e responsabile del progetto per l&#39;Universit\u00e0 di Trieste. \u201cQuesto incontro sar\u00e0 anche un banco di prova per capire quali possono essere le future sinergie e gli orizzonti cooperativi per i ricercatori che stanno lavorando oggi nell&#39;area transfrontaliera. Lo scorso dicembre c&#39;\u00e8 stato un primo incontro a Gorizia, dove i partner italiani e sloveni coinvolti hanno subito capito le potenzialit\u00e0 di una collaborazione a livello di network. Ne \u00e8 nata la consapevolezza che, con un piccolo sforzo di coordinamento, si possono ottenere vantaggi importanti e ottimizzare il lavoro di ognuno di noi. Ad esempio, evitando di sprecare energie e risorse umane nel lavorare separatamente alle stesse ricerche.\u201d<\/p>\n<p class=\"ui-droppable\" style=\"text-align: justify;\"> \t\u201cUnendo le forze, ne traggono vantaggio sia la scienza che la societ\u00e0\u201d, dichiara la docente. \u201cIl nostro intento, ora, \u00e8 quello di conoscerci meglio per identificare concrete possibilit\u00e0 di collaborazione e una pianificazione \u201callargata\u201d, in vista dei prossimi bandi, molto importanti per finanziare attivit\u00e0 congiunte di ricerca, innovazione e sviluppo tecnologico\u201d.<\/p>\n<p class=\"ui-droppable\" style=\"text-align: justify;\"> \tPer agevolare la costruzione di un percorso comune, dallo staff di Trans2Care sono stati ideati anche degli strumenti pratici di condivisione e di autovalutazione, messi a disposizione dei partecipanti all&#39;incontro internazionale tramite il sito del progetto. L\u2019ambizioso obiettivo \u00e8 anche di attivare il non facile dialogo tra scienza e impresa: nel corso dell&#39;evento, gli organizzatori intendono dare ampio spazio al tema dell&#39;interazione con il potenziale mercato dei prodotti della ricerca, secondo una visione lungimirante e sostenibile, anche economicamente.<\/p>\n<p class=\"ui-droppable\" style=\"text-align: justify;\"> \tProprio nell&#39;ottica di assecondare il percorso di trasferimento di ogni nuova scoperta e conoscenza verso le aziende, con l\u2019obiettivo di sviluppare nuove applicazioni, sar\u00e0 proposto, come strumento operativo di analisi, il Technology Readiness Levels. Il TRL misura l\u2019indice di \u201cprogresso tecnologico\u201d ed \u00e8 stato adottato da Horizon 2020 per prevedere l\u2019impatto economico e sociale dei progetti selezionati.<\/p>\n<p class=\"ui-droppable\" style=\"text-align: justify;\"> \tIl convegno triestino sar\u00e0 la prima vera occasione di cimentarsi con questa forma di valutazione e l\u2019esito complessivo sar\u00e0 reso noto agli Organi di Gestione del Programma Italia-Slovenia: un esempio di auto-responsabilizzazione da parte di chi utilizza i fondi pubblici.<\/p>\n","protected":false},"excerpt":{"rendered":"<p>Convegno su &#8220;Horizon 2020&#8221;<\/p>\n","protected":false},"author":28,"featured_media":0,"comment_status":"closed","ping_status":"closed","sticky":false,"template":"","format":"standard","meta":{"dwc-title":[],"dwc-content":[],"footnotes":""},"categories":[6],"tags":[],"class_list":["post-13472","post","type-post","status-publish","format-standard","hentry","category-societa"],"rttpg_featured_image_url":null,"rttpg_author":{"display_name":"redazione","author_link":"https:\/\/imagazine.it\/home_desk\/author\/redazione\/"},"rttpg_comment":0,"rttpg_category":"<a href=\"https:\/\/imagazine.it\/home_desk\/category\/societa\/\" rel=\"category tag\">SOCIET\u00c0<\/a>","rttpg_excerpt":"Convegno su \"Horizon 2020\"","_links":{"self":[{"href":"https:\/\/imagazine.it\/home_desk\/wp-json\/wp\/v2\/posts\/13472","targetHints":{"allow":["GET"]}}],"collection":[{"href":"https:\/\/imagazine.it\/home_desk\/wp-json\/wp\/v2\/posts"}],"about":[{"href":"https:\/\/imagazine.it\/home_desk\/wp-json\/wp\/v2\/types\/post"}],"author":[{"embeddable":true,"href":"https:\/\/imagazine.it\/home_desk\/wp-json\/wp\/v2\/users\/28"}],"replies":[{"embeddable":true,"href":"https:\/\/imagazine.it\/home_desk\/wp-json\/wp\/v2\/comments?post=13472"}],"version-history":[{"count":0,"href":"https:\/\/imagazine.it\/home_desk\/wp-json\/wp\/v2\/posts\/13472\/revisions"}],"wp:attachment":[{"href":"https:\/\/imagazine.it\/home_desk\/wp-json\/wp\/v2\/media?parent=13472"}],"wp:term":[{"taxonomy":"category","embeddable":true,"href":"https:\/\/imagazine.it\/home_desk\/wp-json\/wp\/v2\/categories?post=13472"},{"taxonomy":"post_tag","embeddable":true,"href":"https:\/\/imagazine.it\/home_desk\/wp-json\/wp\/v2\/tags?post=13472"}],"curies":[{"name":"wp","href":"https:\/\/api.w.org\/{rel}","templated":true}]}}