{"id":13420,"date":"2014-02-03T00:00:00","date_gmt":"2014-02-02T23:00:00","guid":{"rendered":"https:\/\/imagazine.it\/?p=13420"},"modified":"2014-02-03T00:00:00","modified_gmt":"2014-02-02T23:00:00","slug":"scherma-giovanile-udine-pronta-per-le-finali-italiane","status":"publish","type":"post","link":"https:\/\/imagazine.it\/home_desk\/scherma-giovanile-udine-pronta-per-le-finali-italiane\/","title":{"rendered":"Scherma giovanile, Udine pronta per le finali italiane"},"content":{"rendered":"<p style=\"text-align: justify;\" class=\"ui-droppable\"> \tUna settimana in compagnia della grande scherma. Da oggi a domenica Udine sar\u00e0 dapprima sede di un allenamento della nazionale assoluta di spada e poi ospiter\u00e0, al PalaIndoor Ovidio Bernes, i Campionati Italiani Cadetti e Giovani.<\/p>\n<p style=\"text-align: justify;\" class=\"ui-droppable\"> \t\u201cLa conferma di Udine come sede dei Campionati \u2013 sono le parole di <strong>Alessandro Nutta<\/strong>, vicepresidente dell\u2019Associazione Sportiva Udinese \u2013 \u00e8 un attestato di stima importante da parte della Federazione, che ha accolto di buon grado anche la nostra proposta di ospitare l\u2019allenamento della nazionale di spada: un\u2019occasione per i nostri atleti e per chiunque vorr\u00e0 venire al PalaASU per vedere all\u2019opera dei veri campioni\u201d.<\/p>\n<p style=\"text-align: justify;\" class=\"ui-droppable\"> \tIl PalaIndoor Ovidio Bernes sta diventando una struttura di riferimento per la scherma italiana e internazionale. Da due stagioni, infatti, a inizio gennaio nei suoi spazi si svolge la tappa italiana della Coppa del Mondo Under 20 e gi\u00e0 l\u2019anno scorso fu sede dei Campionati Italiani Under 17 (Cadetti) e Under 20 (Giovani). Anche quest\u2019anno i titoli in palio saranno 12, uno per ciascuna delle tre armi (fioretto, sciabola e spada), nelle competizioni femminili e maschili delle due categorie d\u2019et\u00e0.<br \/> \tIl via alla competizione si avr\u00e0 venerd\u00ec 7 febbraio con le prime quattro gare in programma: spada maschile, spada femminile, sciabola maschile e sciabola femminile Under 17. Sabato 8 febbraio toccher\u00e0 al fioretto maschile e femminile Under 17 e alla spada maschile e femminile Under 20. L\u2019ultima giornata, domenica 9 febbraio, sar\u00e0 invece dedicata al fioretto maschile e femminile e alla sciabola maschile e femminile Under 20. Le gare avranno inizio a partire dalle ore 8.45, le finali si disputeranno tra le ore 15 e le 18 di ogni giornata.<\/p>\n<p style=\"text-align: justify;\" class=\"ui-droppable\"> \tIn pedana saliranno, per ognuna delle 12 gare, i 36 migliori atleti italiani, giunti a Udine al termine di due prove di qualificazione disputatesi nei mesi scorsi. Difficile fare delle previsioni, ma la certezza \u00e8 che alcuni degli atleti che calcheranno le pedane del PalaIndoor sono destinati a raccogliere nei prossimi anni il testimone dei vari Baldini, Cassar\u00e0, Tagliariol, Di Francisca, Vezzali, Errigo, Montano, diventando gli alfieri dello sport pi\u00f9 medagliato della lunga storia olimpica italiana.<\/p>\n<p style=\"text-align: justify;\" class=\"ui-droppable\"> \tIn pedana a Udine non mancheranno atleti di societ\u00e0 regionali e alcuni di loro godono dei favori del pronostico. Grandi chance di medaglia per il Friuli Venezia Giulia ci saranno gi\u00e0 nella prima giornata, con gli sciabolatori della Gemina Scherma di San Giorgio di Nogaro <strong>Michela Battiston<\/strong> (2a al termine delle due prove di qualificazione), <strong>Leonardo Dreossi<\/strong> (1\u00b0, quindi favorito per la vittoria finale) e <strong>Federico De Robbio<\/strong> (12\u00b0).<\/p>\n<p style=\"text-align: justify;\" class=\"ui-droppable\"> \tCambiando arma, nella spada femminile ci saranno due atlete in gara, la portacolori della Societ\u00e0 Ginnastica Triestina <strong>Greta Odorico<\/strong> (23a) e l\u2019udinese <strong>Alessandra Segatto<\/strong> (28a). Nella giornata di sabato la responsabilit\u00e0 di rappresentare il Friuli Venezia Giulia sar\u00e0 tutta sulle spalle di due atlete in forza all\u2019ASU Udine, <strong>Francesca Tauro<\/strong> (20a) e ancora Alessandra Segatto (34a e capace, a soli 14 anni, di qualificarsi alle finali di entrambe le categorie). Lo stesso percorso di Alessandra Segatto lo hanno fatto Leonardo Dreossi e Michela Battiston, qualificatisi alla prova dei pi\u00f9 \u201cgrandi\u201d al 19\u00b0 e al 6\u00b0 posto. Entrambi, con il compagno di sala <strong>Francesco De Robbio<\/strong> (21\u00b0), saranno in gara domenica.<\/p>\n<p style=\"text-align: justify;\" class=\"ui-droppable\"> \tCome detto, i Campionati Italiani giungeranno al termine di una settimana in cui Udine ospiter\u00e0 la nazionale maggiore di spada maschile. Grazie all\u2019interessamento del Maestro dell\u2019ASU, <strong>Roberto Piraino<\/strong>, tecnico di riferimento della scherma italiana e per anni maestro delle nazionali azzurre, il Commissario Tecnico Sandro Cuomo porter\u00e0 nel capoluogo friulano gli 11 migliori atleti italiani, tra di loro il campione olimpico di Pechino, <strong>Matteo Tagliariol<\/strong>, il campione del mondo di Catania 2011, <strong>Paolo Pizzo<\/strong> e gli astri nascenti <strong>Enrico Garozzo<\/strong> e <strong>Gabriele Bino<\/strong>.<br \/> \tLa nazionale, che allogger\u00e0 all\u2019Hotel Astoria, si allener\u00e0 al ritmo di due sessioni quotidiane nella funzionale struttura del PalaASU di via Lodi da luned\u00ec 3 a venerd\u00ec 7. Per il movimento schermistico regionale si tratta di una grande occasione di crescita e di un imperdibile veicolo promozionale.<\/p>\n","protected":false},"excerpt":{"rendered":"<p>Nel week end in palio i titoli Cadetti e Giovani<\/p>\n","protected":false},"author":28,"featured_media":13421,"comment_status":"closed","ping_status":"closed","sticky":false,"template":"","format":"standard","meta":{"dwc-title":[],"dwc-content":[],"footnotes":""},"categories":[38],"tags":[],"class_list":["post-13420","post","type-post","status-publish","format-standard","has-post-thumbnail","hentry","category-sport"],"rttpg_featured_image_url":{"full":["https:\/\/imagazine.it\/wp-content\/uploads\/2024\/01\/3939-1.webp",623,489,false],"landscape":["https:\/\/imagazine.it\/wp-content\/uploads\/2024\/01\/3939-1.webp",623,489,false],"portraits":["https:\/\/imagazine.it\/wp-content\/uploads\/2024\/01\/3939-1.webp",623,489,false],"thumbnail":["https:\/\/imagazine.it\/wp-content\/uploads\/2024\/01\/3939-1-150x150.webp",150,150,true],"medium":["https:\/\/imagazine.it\/wp-content\/uploads\/2024\/01\/3939-1-300x235.webp",300,235,true],"large":["https:\/\/imagazine.it\/wp-content\/uploads\/2024\/01\/3939-1.webp",623,489,false],"thumblist":["https:\/\/imagazine.it\/wp-content\/uploads\/2024\/01\/3939-1.webp",300,235,false],"thumbrelated":["https:\/\/imagazine.it\/wp-content\/uploads\/2024\/01\/3939-1.webp",500,392,false],"meccarouselthumb":["https:\/\/imagazine.it\/wp-content\/uploads\/2024\/01\/3939-1.webp",413,324,false],"gridsquare":["https:\/\/imagazine.it\/wp-content\/uploads\/2024\/01\/3939-1.webp",331,260,false],"tileview":["https:\/\/imagazine.it\/wp-content\/uploads\/2024\/01\/3939-1.webp",300,235,false],"1536x1536":["https:\/\/imagazine.it\/wp-content\/uploads\/2024\/01\/3939-1.webp",623,489,false],"2048x2048":["https:\/\/imagazine.it\/wp-content\/uploads\/2024\/01\/3939-1.webp",623,489,false],"newsup-slider-full":["https:\/\/imagazine.it\/wp-content\/uploads\/2024\/01\/3939-1.webp",623,489,false],"newsup-featured":["https:\/\/imagazine.it\/wp-content\/uploads\/2024\/01\/3939-1.webp",623,489,false],"newsup-medium":["https:\/\/imagazine.it\/wp-content\/uploads\/2024\/01\/3939-1-623x380.webp",623,380,true],"tptn_thumbnail":["https:\/\/imagazine.it\/wp-content\/uploads\/2024\/01\/3939-1.webp",250,196,false],"sow-carousel-default":["https:\/\/imagazine.it\/wp-content\/uploads\/2024\/01\/3939-1-272x182.webp",272,182,true]},"rttpg_author":{"display_name":"redazione","author_link":"https:\/\/imagazine.it\/home_desk\/author\/redazione\/"},"rttpg_comment":0,"rttpg_category":"<a href=\"https:\/\/imagazine.it\/home_desk\/category\/sport\/\" rel=\"category tag\">SPORT<\/a>","rttpg_excerpt":"Nel week end in palio i titoli Cadetti e Giovani","_links":{"self":[{"href":"https:\/\/imagazine.it\/home_desk\/wp-json\/wp\/v2\/posts\/13420","targetHints":{"allow":["GET"]}}],"collection":[{"href":"https:\/\/imagazine.it\/home_desk\/wp-json\/wp\/v2\/posts"}],"about":[{"href":"https:\/\/imagazine.it\/home_desk\/wp-json\/wp\/v2\/types\/post"}],"author":[{"embeddable":true,"href":"https:\/\/imagazine.it\/home_desk\/wp-json\/wp\/v2\/users\/28"}],"replies":[{"embeddable":true,"href":"https:\/\/imagazine.it\/home_desk\/wp-json\/wp\/v2\/comments?post=13420"}],"version-history":[{"count":0,"href":"https:\/\/imagazine.it\/home_desk\/wp-json\/wp\/v2\/posts\/13420\/revisions"}],"wp:featuredmedia":[{"embeddable":true,"href":"https:\/\/imagazine.it\/home_desk\/wp-json\/wp\/v2\/media\/13421"}],"wp:attachment":[{"href":"https:\/\/imagazine.it\/home_desk\/wp-json\/wp\/v2\/media?parent=13420"}],"wp:term":[{"taxonomy":"category","embeddable":true,"href":"https:\/\/imagazine.it\/home_desk\/wp-json\/wp\/v2\/categories?post=13420"},{"taxonomy":"post_tag","embeddable":true,"href":"https:\/\/imagazine.it\/home_desk\/wp-json\/wp\/v2\/tags?post=13420"}],"curies":[{"name":"wp","href":"https:\/\/api.w.org\/{rel}","templated":true}]}}