{"id":13383,"date":"2014-01-21T00:00:00","date_gmt":"2014-01-20T23:00:00","guid":{"rendered":"https:\/\/imagazine.it\/?p=13383"},"modified":"2014-01-21T00:00:00","modified_gmt":"2014-01-20T23:00:00","slug":"sfidare-la-crisi-investire-su-se-stessi","status":"publish","type":"post","link":"https:\/\/imagazine.it\/home_desk\/sfidare-la-crisi-investire-su-se-stessi\/","title":{"rendered":"Sfidare la crisi, investire su se stessi"},"content":{"rendered":"<p style=\"text-align: justify;\" class=\"ui-droppable\"> \tLa Provincia di Trieste organizza il convegno \u201cSfidare la crisi, investire su se stessi\u201d che si svolger\u00e0 gioved\u00ec \u00a023 gennaio alle ore 14.30 presso la Sala Maggiore della Camera di Commercio di Trieste.<\/p>\n<p style=\"text-align: justify;\" class=\"ui-droppable\"> \tL&#8217;iniziativa rientra nell\u2019ambito del bando \u201cProgetti di azioni positive degli Enti locali\u201d, volto a espandere l\u2019accesso al lavoro, i percorsi di carriera e a incrementare l\u2019opportunit\u00e0 di formazione qualificazione e riqualificazione professionale delle donne.<\/p>\n<p style=\"text-align: justify;\" class=\"ui-droppable\"> \t\u201cIl programma \u2013 spiega <strong>Adele Pino<\/strong>, assessore provinciale alle Politiche attive del lavoro \u2013 comprende gli interventi di autorit\u00e0 e specialisti tra i quali l\u2019economista <strong>Riccardo Realfonzo<\/strong>, ordinario di Economia Politica presso l\u2019Universit\u00e0 del Sannio e l\u2019assessore regionale al Lavoro, <strong>Loredana Panariti<\/strong>. Il nostro obiettivo \u00e8 quello di indagare le possibilit\u00e0 di creazione d\u2019impresa nell\u2019attuale quadro di crisi \u201d.<\/p>\n<p style=\"text-align: justify;\" class=\"ui-droppable\"> \tNell\u2019ambito dello stesso progetto, la Provincia di Trieste ha organizzato due corsi formativi riservati a donne disoccupate o inoccupate che avranno inizio a fine gennaio.\u00a0<br \/> \tL\u2019iniziativa provinciale \u00e8 promossa dalla Regione Autonoma Friuli Venezia Giulia \u2013 Direzione Centrale Lavoro, Formazione, Istruzione, Pari Opportunit\u00e0, Politiche Giovanili e Ricerca (L.R. n. 23\/1990, art. 2, comma 3, lettere g e h ), e si avvale della partecipazione dei Comuni di Sgonico-Zgonik, Duino-Aurisina &#8211; Devin-Nabre\u017eina, Muggia, Monrupino &#8211; Ob\u010dina Repentabor, San Dorligo della Valle &#8211; Ob\u010dina Dolina, di Aries Azienda Speciale della Camera di Commercio di Trieste, Confcommercio, Legacoop Fvg e Confcooperative.<\/p>\n","protected":false},"excerpt":{"rendered":"<p>Gioved\u00ec convegno a Trieste<\/p>\n","protected":false},"author":28,"featured_media":0,"comment_status":"closed","ping_status":"closed","sticky":false,"template":"","format":"standard","meta":{"dwc-title":[],"dwc-content":[],"footnotes":""},"categories":[5],"tags":[],"class_list":["post-13383","post","type-post","status-publish","format-standard","hentry","category-attualita"],"rttpg_featured_image_url":null,"rttpg_author":{"display_name":"redazione","author_link":"https:\/\/imagazine.it\/home_desk\/author\/redazione\/"},"rttpg_comment":0,"rttpg_category":"<a href=\"https:\/\/imagazine.it\/home_desk\/category\/attualita\/\" rel=\"category tag\">ATTUALIT\u00c0<\/a>","rttpg_excerpt":"Gioved\u00ec convegno a Trieste","_links":{"self":[{"href":"https:\/\/imagazine.it\/home_desk\/wp-json\/wp\/v2\/posts\/13383","targetHints":{"allow":["GET"]}}],"collection":[{"href":"https:\/\/imagazine.it\/home_desk\/wp-json\/wp\/v2\/posts"}],"about":[{"href":"https:\/\/imagazine.it\/home_desk\/wp-json\/wp\/v2\/types\/post"}],"author":[{"embeddable":true,"href":"https:\/\/imagazine.it\/home_desk\/wp-json\/wp\/v2\/users\/28"}],"replies":[{"embeddable":true,"href":"https:\/\/imagazine.it\/home_desk\/wp-json\/wp\/v2\/comments?post=13383"}],"version-history":[{"count":0,"href":"https:\/\/imagazine.it\/home_desk\/wp-json\/wp\/v2\/posts\/13383\/revisions"}],"wp:attachment":[{"href":"https:\/\/imagazine.it\/home_desk\/wp-json\/wp\/v2\/media?parent=13383"}],"wp:term":[{"taxonomy":"category","embeddable":true,"href":"https:\/\/imagazine.it\/home_desk\/wp-json\/wp\/v2\/categories?post=13383"},{"taxonomy":"post_tag","embeddable":true,"href":"https:\/\/imagazine.it\/home_desk\/wp-json\/wp\/v2\/tags?post=13383"}],"curies":[{"name":"wp","href":"https:\/\/api.w.org\/{rel}","templated":true}]}}