{"id":13381,"date":"2014-01-20T00:00:00","date_gmt":"2014-01-19T23:00:00","guid":{"rendered":"https:\/\/imagazine.it\/?p=13381"},"modified":"2014-01-20T00:00:00","modified_gmt":"2014-01-19T23:00:00","slug":"illycaffe-e-samsung-partnership-mondiale","status":"publish","type":"post","link":"https:\/\/imagazine.it\/home_desk\/illycaffe-e-samsung-partnership-mondiale\/","title":{"rendered":"illycaff\u00e8 e Samsung: partnership mondiale"},"content":{"rendered":"<p class=\"ui-droppable\" style=\"text-align: justify;\"> \t<em>illycaff\u00e8<\/em>, marca leader nel segmento del caff\u00e8 di alta qualit\u00e0, e <em>Samsung<\/em>, leader a livello globale nella tecnologia, dopo aver collaborato a novembre nel Samsung Galaxy Studio di SOHO a New York e durante il Consumer Electronics Show a Las Vegas all\u2019inizio di gennaio, stringono una partnership pluriennale volta a migliorare l\u2019esperienza del consumatore nei rispettivi flagship store.<\/p>\n<p class=\"ui-droppable\"> \t\u00a0<\/p>\n<div class=\"image_box\">\n<div> \t\t<a class=\"news_images\" href=\"\/imagazine_images\/3749.png\" title=\"Oltre all'accordo con Samsung, illycaff\u00e8 quest'oggi ha inaugurato un nuovo boutique caf\u00e8 nel centro di Londra (ph. Adam Parker)\"><img decoding=\"async\" class=\"dragable_image ui-draggable\" id=\"image-3749\" src=\"\/imagazine_images\/3749\" style=\"width: 200px; position: relative;\" alt=\"\" title=\"\"><\/a><\/div>\n<div style=\"width: 200px;\">\n<h6 style=\"text-align: left; line-height: 14px; font-size: 11px;\"> \t\t\tOltre all&#39;accordo con Samsung, illycaff\u00e8 quest&#39;oggi ha inaugurato un nuovo boutique caf\u00e8 nel centro di Londra (ph. Adam Parker)<\/h6>\n<\/p><\/div>\n<\/p><\/div>\n<p class=\"ui-droppable\"> \t\u00a0<\/p>\n<p class=\"ui-droppable\" style=\"text-align: justify;\"> \tSamsung fornir\u00e0 ai nuovi <em>boutique caf\u00e9 <\/em>illy dispositivi elettronici high tech per l\u2019intrattenimento e soluzioni tecnologiche di servizio, mentre illycaff\u00e8 sar\u00e0 presente durante gli eventi organizzati da Samsung in tutto il mondo e nei suoi Showroom, per offrire ai clienti una \u201ccoffee experience\u201d indimenticabile.<\/p>\n<p class=\"ui-droppable\" style=\"text-align: justify;\"> \t\u201c<em>Il nostro obiettivo \u00e8 quello di aiutare le persone a vivere una vita pi\u00f9 piena, in modo pi\u00f9 semplice e ricco di significato<\/em>\u201d, ha detto <strong>Younghee Lee, Executive Vice President Global Marketing, IT&#038;Mobile Division di Samsung Electronics<\/strong>. <em>\u201cNoi cerchiamo, come partner, aziende innovatrici che condividano il nostro impegno nel migliorare la vita quotidiana delle persone, proprio come illy. Insieme siamo pronti a implementare questa collaborazione nei prossimi anni, aprendoci verso nuove aree e nuovi progetti condivisi, promuovendo creativit\u00e0, innovazione e passione<\/em>.\u201d<\/p>\n<p class=\"ui-droppable\" style=\"text-align: justify;\"> \t\u201c<em>Siamo molto orgogliosi di annunciare questa partnership con Samsung<\/em>\u201d, ha dichiarato <strong>Andrea Illy, presidente e amministratore delegato di illycaff\u00e8<\/strong>. \u201c<em>illycaff\u00e8 \u00e8 sempre stata precursore nella creativit\u00e0 e nell\u2019innovazione. Samsung \u00e8, quindi, per noi il miglior alleato per sviluppare un nuovo concetto di retail, dove l\u2019esperienza fisica e quella digitale non hanno pi\u00f9 confini. La loro passione per la creativit\u00e0 e la loro esperienza senza rivali nel settore dell\u2019innovazione tecnologica e dei nuovi media ci aiuter\u00e0 a creare una nuova generazione di <\/em>boutique caf\u00e9 <em>in tutto il mondo<\/em>.\u201d<\/p>\n<p class=\"ui-droppable\" style=\"text-align: justify;\"> \tL\u2019accordo \u00e8 stato studiato in maniera tale da unire le risorse delle due aziende, cos\u00ec da sfruttare i punti di forza dei due marchi, utilizzando da un lato l\u2019esperienza di Samsung nell\u2019innovazione tecnologica, nei dispositivi elettronici e nei contenuti multimediali e, dall\u2019altro, le competenze di illycaff\u00e8 nell\u2019ambito del caff\u00e8 di alta qualit\u00e0, nel retail marketing food &#038; beverage e il legame con una serie di progetti artistici. L\u2019importanza che entrambe le aziende attribuiscono alla creativit\u00e0, soprattutto all\u2019arte e al design, rappresenta per i due marchi un terreno comune.<\/p>\n<\/p>\n<p class=\"ui-droppable\" style=\"text-align: justify;\"> \tilly Regent Street di Londra \u00e8 il primo esempio di questa partnership. Un <em>boutique caf\u00e8 <\/em>che incontra l\u2019high tech, permettendo ai clienti di vivere un\u2019esperienza eccezionale, che li coinvolge attraverso contenuti multimediali di alto livello. La prima fase di questa partnership prevede l\u2019apertura di altri locali sul modello di illy Regent Street e la presenza di illy nei negozi Samsung, entro la fine del 2014. Questi locali avranno la firma \u201cdigitalized by Samsung\u201d.<\/p>\n<p class=\"ui-droppable\" style=\"text-align: justify;\"> \tSamsung fornir\u00e0 a illycaff\u00e8 una serie di dispositivi <em>mobile <\/em>Galaxy, tra cui tablet e altri smart device, e digital solution, fra le quali ci saranno una App per telefonia mobile e altre soluzioni innovative sviluppate appositamente per i prodotti illycaff\u00e8 e per i locali illy. Samsung provveder\u00e0 anche ad assicurare la presenza in loco di \u201cSamsung Angels\u201d per aiutare i clienti ad avere la migliore esperienza possibile.<\/p>\n<p class=\"ui-droppable\"> \t<span style=\"text-align: justify;\">Situato nel cuore di uno dei principali quartieri dello shopping londinese<\/span><em style=\"text-align: justify;\">, illy Regent Street <\/em><span style=\"text-align: justify;\">coniuga l\u2019unicit\u00e0 dell\u2019esperienza del bar italiano con il design illy e con una tecnologia high-tech innovativa, offrendo l\u2019opportunit\u00e0 di rilassarsi e ricaricarsi in un ambiente elegante e ricco di stimoli.<\/span><\/p>\n<p class=\"ui-droppable\" style=\"text-align: justify;\"> \tAperto tutti i giorni dalle 7 alle 20, il nuovo <em>boutique caf\u00e9 <\/em>riunisce su due piani l\u2019eleganza dell\u2019architettura italiana con il design distintivo di illy e rappresenta il luogo ideale per bere un caff\u00e8 con gli amici o per un incontro lavorativo con i colleghi, per confrontarsi e scambiarsi idee utilizzando i <strong>tablet <\/strong>e la rete <strong>Wi-fi <\/strong>forniti in <strong>partnership con Samsung<\/strong>.<\/p>\n<p class=\"ui-droppable\" style=\"text-align: justify;\"> \tLe pareti sono decorate da fotografie e manifesti iconografici di illy, mentre al centro del locale risalta uno <strong><em>Chandelier <\/em>composto da 216 tazzine illy Art Collection<\/strong>, realizzate in 20 anni da alcuni dei pi\u00f9 grandi artisti contemporanei, come Anish Kapoor e Marina Abramovi\u0107.<\/p>\n<p class=\"ui-droppable\" style=\"text-align: justify;\"> \tNel locale si pu\u00f2 anche ammirare una replica, realizzata a <strong>mosaico<\/strong>, dell\u2019opera <strong>dell\u2019artista del Bauhaus Xanti Schawinsky<\/strong>, che era raffigurata su uno storico manifesto pubblicitario di illy del 1934. Si tratta di un mosaico composto da 85.000 tessere di 31 colori diversi, che misura complessivamente quattro metri di altezza per tre di larghezza.<\/p>\n<p class=\"ui-droppable\" style=\"text-align: justify;\"> \tA rappresentare il meglio della cultura italiana a <em>illy Regent Street, <\/em>oltre allo stile architettonico del locale, \u00e8 un <strong>menu <\/strong>prelibato che include alcune delle migliori <strong>specialit\u00e0 della cucina italiana<\/strong>.<\/p>\n<p class=\"ui-droppable\" style=\"text-align: justify;\"> \tL\u2019ampia <strong>offerta soddisfa tutte le esigenze, dalla colazione all\u2019aperitivo<\/strong>: una selezione di pasticceria per il mattino, con ripieni alla crema o alla marmellata; a pranzo antipasti, primi, piadine e panini; una ricca selezione di dolci e di mignon, ideale a fine pasto o per una pausa pomeridiana. Qui si pu\u00f2 trovare il piatto pi\u00f9 adatto a ogni ora del giorno, da gustare seduti o da portare con s\u00e9.<\/p>\n<p class=\"ui-droppable\" style=\"text-align: justify;\"> \tNel locale si pu\u00f2 anche gustare uno <strong>speciale tiramis\u00f9 <\/strong>creato appositamente da illy: <strong><em>illymis\u00f9<\/em><\/strong>, dove il caff\u00e8 viene servito a parte sotto forma di espresso preparato al momento, che il cliente pu\u00f2 versare direttamente sul dolce a suo piacimento.<\/p>\n<p class=\"ui-droppable\" style=\"text-align: justify;\"> \tI veri amanti dei dolci apprezzeranno inoltre <strong>lCOLORI<\/strong>, deliziosi biscotti croccanti con farciture di svariati gusti, creati esclusivamente per illy dal mastro pasticcere Luigi Biasetto, vincitore della <em>Coupe du Monde de la Patisserie<\/em>.<\/p>\n<p class=\"ui-droppable\" style=\"text-align: justify;\"> \tAd accompagnare il menu, una variet\u00e0 di bevande calde e fredde a base di caff\u00e8 illy, un unico blend di nove pregiate variet\u00e0 di caff\u00e8 100% Arabica, noto in tutto il mondo. Completeranno la carta succhi di frutta, bibite e una selezione di aperitivi e di vini italiani.<\/p>\n<p class=\"ui-droppable\" style=\"text-align: justify;\"> \tAll\u2019interno di <em>illy Regent Street <\/em>si trova anche un\u2019<strong>area dedicata allo shopping<\/strong>, con un\u2019ampia scelta di prodotti illy: dal classico blend nelle diverse varianti alle Monoarabica, dalle macchine da caff\u00e8 di ultima generazione illy Iperespresso alle tazzine illy Art Collection. L\u2019offerta sar\u00e0 ulteriormente arricchita da una selezione di prodotti della Gruppo illy, polo del gusto che riunisce aziende d\u2019eccellenza enogastronomica, tra cui il cioccolato Domori e i t\u00e8 Dammann Fr\u00e8res.<\/p>\n","protected":false},"excerpt":{"rendered":"<p>Siglata oggi a Londra<\/p>\n","protected":false},"author":28,"featured_media":13382,"comment_status":"closed","ping_status":"closed","sticky":false,"template":"","format":"standard","meta":{"dwc-title":[],"dwc-content":[],"footnotes":""},"categories":[6],"tags":[],"class_list":["post-13381","post","type-post","status-publish","format-standard","has-post-thumbnail","hentry","category-societa"],"rttpg_featured_image_url":{"full":["https:\/\/imagazine.it\/wp-content\/uploads\/2024\/01\/3749-1.webp",800,533,false],"landscape":["https:\/\/imagazine.it\/wp-content\/uploads\/2024\/01\/3749-1.webp",800,533,false],"portraits":["https:\/\/imagazine.it\/wp-content\/uploads\/2024\/01\/3749-1.webp",800,533,false],"thumbnail":["https:\/\/imagazine.it\/wp-content\/uploads\/2024\/01\/3749-1-150x150.webp",150,150,true],"medium":["https:\/\/imagazine.it\/wp-content\/uploads\/2024\/01\/3749-1-300x200.webp",300,200,true],"large":["https:\/\/imagazine.it\/wp-content\/uploads\/2024\/01\/3749-1.webp",640,426,false],"thumblist":["https:\/\/imagazine.it\/wp-content\/uploads\/2024\/01\/3749-1.webp",300,200,false],"thumbrelated":["https:\/\/imagazine.it\/wp-content\/uploads\/2024\/01\/3749-1.webp",500,333,false],"meccarouselthumb":["https:\/\/imagazine.it\/wp-content\/uploads\/2024\/01\/3749-1.webp",474,316,false],"gridsquare":["https:\/\/imagazine.it\/wp-content\/uploads\/2024\/01\/3749-1.webp",391,260,false],"tileview":["https:\/\/imagazine.it\/wp-content\/uploads\/2024\/01\/3749-1.webp",300,200,false],"1536x1536":["https:\/\/imagazine.it\/wp-content\/uploads\/2024\/01\/3749-1.webp",800,533,false],"2048x2048":["https:\/\/imagazine.it\/wp-content\/uploads\/2024\/01\/3749-1.webp",800,533,false],"newsup-slider-full":["https:\/\/imagazine.it\/wp-content\/uploads\/2024\/01\/3749-1.webp",800,533,false],"newsup-featured":["https:\/\/imagazine.it\/wp-content\/uploads\/2024\/01\/3749-1.webp",800,533,false],"newsup-medium":["https:\/\/imagazine.it\/wp-content\/uploads\/2024\/01\/3749-1-720x380.webp",720,380,true],"tptn_thumbnail":["https:\/\/imagazine.it\/wp-content\/uploads\/2024\/01\/3749-1.webp",250,167,false],"sow-carousel-default":["https:\/\/imagazine.it\/wp-content\/uploads\/2024\/01\/3749-1-272x182.webp",272,182,true]},"rttpg_author":{"display_name":"redazione","author_link":"https:\/\/imagazine.it\/home_desk\/author\/redazione\/"},"rttpg_comment":0,"rttpg_category":"<a href=\"https:\/\/imagazine.it\/home_desk\/category\/societa\/\" rel=\"category tag\">SOCIET\u00c0<\/a>","rttpg_excerpt":"Siglata oggi a Londra","_links":{"self":[{"href":"https:\/\/imagazine.it\/home_desk\/wp-json\/wp\/v2\/posts\/13381","targetHints":{"allow":["GET"]}}],"collection":[{"href":"https:\/\/imagazine.it\/home_desk\/wp-json\/wp\/v2\/posts"}],"about":[{"href":"https:\/\/imagazine.it\/home_desk\/wp-json\/wp\/v2\/types\/post"}],"author":[{"embeddable":true,"href":"https:\/\/imagazine.it\/home_desk\/wp-json\/wp\/v2\/users\/28"}],"replies":[{"embeddable":true,"href":"https:\/\/imagazine.it\/home_desk\/wp-json\/wp\/v2\/comments?post=13381"}],"version-history":[{"count":0,"href":"https:\/\/imagazine.it\/home_desk\/wp-json\/wp\/v2\/posts\/13381\/revisions"}],"wp:featuredmedia":[{"embeddable":true,"href":"https:\/\/imagazine.it\/home_desk\/wp-json\/wp\/v2\/media\/13382"}],"wp:attachment":[{"href":"https:\/\/imagazine.it\/home_desk\/wp-json\/wp\/v2\/media?parent=13381"}],"wp:term":[{"taxonomy":"category","embeddable":true,"href":"https:\/\/imagazine.it\/home_desk\/wp-json\/wp\/v2\/categories?post=13381"},{"taxonomy":"post_tag","embeddable":true,"href":"https:\/\/imagazine.it\/home_desk\/wp-json\/wp\/v2\/tags?post=13381"}],"curies":[{"name":"wp","href":"https:\/\/api.w.org\/{rel}","templated":true}]}}