{"id":13379,"date":"2014-01-18T00:00:00","date_gmt":"2014-01-17T23:00:00","guid":{"rendered":"https:\/\/imagazine.it\/?p=13379"},"modified":"2014-01-18T00:00:00","modified_gmt":"2014-01-17T23:00:00","slug":"parole-povere-un-delicato-capolavoro","status":"publish","type":"post","link":"https:\/\/imagazine.it\/home_desk\/parole-povere-un-delicato-capolavoro\/","title":{"rendered":"&#8220;Parole povere&#8221;, un delicato capolavoro"},"content":{"rendered":"<p class=\"ui-droppable\" style=\"text-align: justify;\"> \tTrieste, teatro Miela: si spengono le luci della sala, si accende il grande schermo.<\/p>\n<p class=\"ui-droppable\"> \t\u00a0<\/p>\n<\/p>\n<p class=\"ui-droppable\" style=\"text-align: justify;\"> \tSussurrata, quasi un sibilo, si sente la voce di <strong>Pierluigi Cappello<\/strong> mentre tutto \u00e8 ancora avvolto dal nero: inizia cos\u00ec, <em>in medias res<\/em>, il docu-film di <strong>Francesca Archibugi <em>Parole povere<\/em><\/strong>, dal titolo di una lirica memorabile di Cappello, in cui ogni strofa inizia \u00abdalla pi\u00f9 impersonale delle parole: &#8220;uno&#8221;\u00bb. E come in una litania di personaggi appartenenti a quella Chiusaforte che fu, in quella vita arcaica del Friuli rurale pre-terremoto, la poesia snocciola fatti, luoghi, ricordi di un bambino che, negli anni dell&#39;adolescenza, sarebbe finito su una sedia a rotelle dopo uno spaventoso incidente.<\/p>\n<p class=\"ui-droppable\" style=\"text-align: justify;\"> \tA questo evento, che nella vita di Cappello \u00e8 <em>la<\/em> svolta, Francesca Archibugi arriva piano, con la delicatezza &#8211; il termine chiave di tutto il film &#8211; che le \u00e8 sempre stata propria, fin dai tempi di <em>Verso sera <\/em>(1990), quando dirigeva Marcello Mastroianni alla prese con la nipotina. E come arriva, mostrando corsie d&#39;ospedale, medici e una lapide in ricordo di chi, quel tragico giorno, non ci rimise le gambe bens\u00ec la vita, cos\u00ec se ne va, tornando nei rumori, e soprattutto nei silenzi, della quotidianit\u00e0 di Cappello. Che \u00e8 fatta di letture continue, immagini e parole da fissare su qualsiasi superficie capiti a tiro, lunghe meditazioni per arrivare a quell&#39;entit\u00e0 sospesa fra il pensato e il detto, fra il brusio interiore e l&#39;esprimibile chiamata &#8220;poesia&#8221;.<\/p>\n<p class=\"ui-droppable\" style=\"text-align: justify;\"> \tLa telecamera della Archibugi racconta tutto ci\u00f2 come lo farebbe un amico intimo del poeta: lo sguardo \u00e8 naturale, senza alcuna posa &#8220;per il cinema&#8221;. E mentre scorrono i volti di amici e colleghi di Cappello, da Gian Mario Villalta a Paolo Maurensig, da Tullio Avoledo a Battista Lena, da Eraldo Affinati a Stas Gawronski, ci sembra di essere con tutti loro a tavola, oppure sul palco durante una prova prima di uno spettacolo di letture e musica, o ancora seduti al tavolo di un bar a conversare di letteratura.<\/p>\n<p class=\"ui-droppable\" style=\"text-align: justify;\"> \tSullo sfondo, Chiusaforte e il Friuli del &#39;76, con la celebre registrazione di <em>Shine On You Crazy Diamond<\/em> dei Pink Floyd, interrotta dalla scossa di terremoto che fa saltare la musica e consegna alla storia un documento unico di quei 57 fatali secondi. Ma anche il Friuli di oggi, dove il verde delle montagne selvagge convive con le ferite inferte dal cemento e da uno sviluppo troppo veloce che ha spazzato via una civilt\u00e0 secolare: il Friuli sezionato dalla penna chirurgica di Cappello nella sua poesia <em>L&#39;autostrada<\/em>, dove ogni parola \u00e8 un&#39;adesione assoluta al reale, testimonianza, direbbe Fulvio Tomizza, di \u00abci\u00f2 che ho visto e vissuto\u00bb.<\/p>\n<p class=\"ui-droppable\" style=\"text-align: justify;\"> \tE poi le foto, nel bianco e nero che significa &#8220;verit\u00e0&#8221;, i video d&#39;epoca, e Cappello che ricorda la figura del padre, comunista &#8220;ingenuo&#8221; che credeva ciecamente in tutto ci\u00f2 che arrivava dalla Russia: un&#39;ingenuit\u00e0 figlia di tempi perduti, di quando \u00able cose erano vere per la prima volta, nell&#39;innocenza\u00bb. Un susseguirsi di memorie che costuiscono il mondo interiore di un poeta capace di uscire dalle gole delle sue montagne con il volo altissimo e lontano dei suoi versi. Di cui Francesca Archibugi, con la densa leggerezza di <em>Parole povere<\/em>, si \u00e8 fatta interprete raffinata e preziosa.<\/p>\n","protected":false},"excerpt":{"rendered":"<p>Magico incontro fra poesia e cinema<\/p>\n","protected":false},"author":31,"featured_media":13380,"comment_status":"closed","ping_status":"closed","sticky":false,"template":"","format":"standard","meta":{"dwc-title":[],"dwc-content":[],"footnotes":""},"categories":[37],"tags":[],"class_list":["post-13379","post","type-post","status-publish","format-standard","has-post-thumbnail","hentry","category-cultura-e-spettacolo"],"rttpg_featured_image_url":{"full":["https:\/\/imagazine.it\/wp-content\/uploads\/2024\/01\/3737-1.webp",340,230,false],"landscape":["https:\/\/imagazine.it\/wp-content\/uploads\/2024\/01\/3737-1.webp",340,230,false],"portraits":["https:\/\/imagazine.it\/wp-content\/uploads\/2024\/01\/3737-1.webp",340,230,false],"thumbnail":["https:\/\/imagazine.it\/wp-content\/uploads\/2024\/01\/3737-1-150x150.webp",150,150,true],"medium":["https:\/\/imagazine.it\/wp-content\/uploads\/2024\/01\/3737-1-300x203.webp",300,203,true],"large":["https:\/\/imagazine.it\/wp-content\/uploads\/2024\/01\/3737-1.webp",340,230,false],"thumblist":["https:\/\/imagazine.it\/wp-content\/uploads\/2024\/01\/3737-1.webp",300,203,false],"thumbrelated":["https:\/\/imagazine.it\/wp-content\/uploads\/2024\/01\/3737-1.webp",340,230,false],"meccarouselthumb":["https:\/\/imagazine.it\/wp-content\/uploads\/2024\/01\/3737-1.webp",340,230,false],"gridsquare":["https:\/\/imagazine.it\/wp-content\/uploads\/2024\/01\/3737-1.webp",340,230,false],"tileview":["https:\/\/imagazine.it\/wp-content\/uploads\/2024\/01\/3737-1.webp",300,203,false],"1536x1536":["https:\/\/imagazine.it\/wp-content\/uploads\/2024\/01\/3737-1.webp",340,230,false],"2048x2048":["https:\/\/imagazine.it\/wp-content\/uploads\/2024\/01\/3737-1.webp",340,230,false],"newsup-slider-full":["https:\/\/imagazine.it\/wp-content\/uploads\/2024\/01\/3737-1.webp",340,230,false],"newsup-featured":["https:\/\/imagazine.it\/wp-content\/uploads\/2024\/01\/3737-1.webp",340,230,false],"newsup-medium":["https:\/\/imagazine.it\/wp-content\/uploads\/2024\/01\/3737-1.webp",340,230,false],"tptn_thumbnail":["https:\/\/imagazine.it\/wp-content\/uploads\/2024\/01\/3737-1.webp",250,169,false],"sow-carousel-default":["https:\/\/imagazine.it\/wp-content\/uploads\/2024\/01\/3737-1-272x182.webp",272,182,true]},"rttpg_author":{"display_name":"Vanni Veronesi","author_link":"https:\/\/imagazine.it\/home_desk\/author\/veronesi\/"},"rttpg_comment":0,"rttpg_category":"<a href=\"https:\/\/imagazine.it\/home_desk\/category\/cultura-e-spettacolo\/\" rel=\"category tag\">CULTURA&amp;SPETTACOLO<\/a>","rttpg_excerpt":"Magico incontro fra poesia e cinema","_links":{"self":[{"href":"https:\/\/imagazine.it\/home_desk\/wp-json\/wp\/v2\/posts\/13379","targetHints":{"allow":["GET"]}}],"collection":[{"href":"https:\/\/imagazine.it\/home_desk\/wp-json\/wp\/v2\/posts"}],"about":[{"href":"https:\/\/imagazine.it\/home_desk\/wp-json\/wp\/v2\/types\/post"}],"author":[{"embeddable":true,"href":"https:\/\/imagazine.it\/home_desk\/wp-json\/wp\/v2\/users\/31"}],"replies":[{"embeddable":true,"href":"https:\/\/imagazine.it\/home_desk\/wp-json\/wp\/v2\/comments?post=13379"}],"version-history":[{"count":0,"href":"https:\/\/imagazine.it\/home_desk\/wp-json\/wp\/v2\/posts\/13379\/revisions"}],"wp:featuredmedia":[{"embeddable":true,"href":"https:\/\/imagazine.it\/home_desk\/wp-json\/wp\/v2\/media\/13380"}],"wp:attachment":[{"href":"https:\/\/imagazine.it\/home_desk\/wp-json\/wp\/v2\/media?parent=13379"}],"wp:term":[{"taxonomy":"category","embeddable":true,"href":"https:\/\/imagazine.it\/home_desk\/wp-json\/wp\/v2\/categories?post=13379"},{"taxonomy":"post_tag","embeddable":true,"href":"https:\/\/imagazine.it\/home_desk\/wp-json\/wp\/v2\/tags?post=13379"}],"curies":[{"name":"wp","href":"https:\/\/api.w.org\/{rel}","templated":true}]}}