{"id":13369,"date":"2014-01-16T00:00:00","date_gmt":"2014-01-15T23:00:00","guid":{"rendered":"https:\/\/imagazine.it\/?p=13369"},"modified":"2014-01-16T00:00:00","modified_gmt":"2014-01-15T23:00:00","slug":"trieste-film-festival-domani-il-via","status":"publish","type":"post","link":"https:\/\/imagazine.it\/home_desk\/trieste-film-festival-domani-il-via\/","title":{"rendered":"Trieste Film Festival, domani il via"},"content":{"rendered":"<p class=\"ui-droppable\" style=\"text-align: justify;\"> \tSi apre domani la venticinquesima edizione del Trieste Film Festival, il principale appuntamento italiano con il cinema dell&#39;Europa centro-orientale. La rassegna, diretta da <strong>Annamaria Percavassi<\/strong> e <strong>Fabrizio Grosoli<\/strong> ospiter\u00e0 anche quest&#39;anno le sue proiezioni al Teatro Miela e alla Sala Tripcovich.<\/p>\n<\/p>\n<p class=\"ui-droppable\" style=\"text-align: justify;\"> \tSono pi\u00f9 di 100 i lavori che passeranno nelle giornate del festival. Si inizia alle 17.30 per la sezione <strong>CONCORSO INTERNAZIONALE DOCUMENTARI<\/strong> (sala Tripcovich) con <strong><em>MAMA EUROPA<\/em><\/strong> <em>(Mamma Europa) <\/em>della slovena <strong>Petra Seli\u0161kar<\/strong>; uno sguardo all&#39;Europa attraverso gli occhi di Terra, una bambina di 6 anni nata nei Balcani, ma cresciuta come cittadina del mondo dal padre di origine cubana e macedone e dalla madre slovena. La piccola Terra imparer\u00e0 presto il significato della parola confini.<\/p>\n<p class=\"ui-droppable\" style=\"text-align: justify;\"> \t&#8220;Sono slovena e il mio compagno e direttore della fotografia Brand \u00e8 macedone. Da quando la Slovenia \u00e8 entrata nell&#39;UE e nell&#39;area Schengen la nostra vita nomade \u00e8 diventata piuttosto complicata. Brand ha bisogno di un visto per ogni paese in cui deve andare, con esclusione di Cuba, il paese di suo padre, e dei paesi balcanici, ma non della Slovenia. Viaggiare con il mio compagno \u00e8 diventata una lotta senza fine, anche dopo la nascita di Terra, ma questo non ci ha mai impedito di farlo&#8221; (P. Seli\u0161kar).<\/p>\n<p class=\"ui-droppable\" style=\"text-align: justify;\"> \tAd aprire ufficialmente il festival sempre in sala Tripcovich alle 20, in anteprima italiana l&#39;ultimo film di <strong>Danis Tanovi\u0107<\/strong> (cineasta premiato con l&#39;oscar nel 2001 per <em>No Man&#39;s Land<\/em>) dal titolo <strong><em>EPIZODA U \u017dIVOTU BERA\u010cA \u017dELJEZA <\/em><\/strong><em>(Un episodio di un raccoglitore di ferro)<\/em>, una coproduzione bosniaca, francese, slovena che vede la partecipazione anche di Rai Cinema. Il film \u00e8 ambientato nella Bosnia-Erzegovina e incentrato sulla storia di una famiglia Rom che vive a Poljice, lontano dai centri urbani. Il padre Nazif recupera metallo da vecchie auto e lo vende a un robivecchi, la madre Senada tiene in ordine la casa, cucina e si prende cura delle due figlie piccole. Un terzo figlio \u00e8 in arrivo. Quando si sente male, Nazif prende una macchina a prestito e la porta alla clinica pi\u00f9 vicina. Senada ha perso il bambino e rischia la setticemia se non viene operata immediatamente, ma non ha l\u2019assicurazione sanitaria\u2026 <em>Epizoda u \u017eivotu bera\u010da \u017eeljeza<\/em> era in concorso all\u2019ultimo Festival di Belino dove ha vinto il Gran premio della giuria e quello per il Miglior attore. \u201c<em>Il film \u00e8 la ricostruzione di eventi reali e l&#39;intenzione alla base del film \u00e8 quella di mostrare le discriminazioni che le minoranze devono affrontare in Bosnia<\/em> <em>ed Erzegovina, in particolare le comunit\u00e0 Rom &#8230; Tutte le scene mi sono state descritte da Nazif e le abbiamo girate cos\u00ec come lui se le ricordava. Non c\u2019\u00e8 una sceneggiatura. Quasi tutte le persone che compaiono nel film sono quelle che realmente hanno vissuto la vicenda.<\/em>\u201d (D. Tanovi\u0107). Sar\u00e0 presente il produttore Cedomir Kolar.<\/p>\n<p class=\"ui-droppable\" style=\"text-align: justify;\"> \tA seguire alle ore 22 il <strong>lungometraggio fuori concorso <em>GRZELI NATELI DGEEBI <\/em><\/strong><em>(In Bloom)<\/em> di Nana Ekvtimishvili, Simon Gross. Primi anni Novanta a Tbilisi, capitale della Georgia, da poco indipendente dopo il crollo dell&#39;Unione Sovietica. Il paese si trova ad affrontare la guerra sulla costa del Mar Nero. Ma per Eka e Natia, due amiche inseparabili di quattordici anni, la vita si sta aprendo. Il film \u00e8 stato al Forum del festival di Berlino e ai festival di Karlovy Vary e Sarajevo dello scorso anno,<\/p>\n<p class=\"ui-droppable\" style=\"text-align: justify;\"> \tAlla Sala Tripcovich per tutta la durata del festival \u00e8 visibile la mostra I SENTIERI DELLA GLORIA, IN VIAGGIO CON MARIO MONICELLI SUI LUOGHI DELLA GRANDE GUERRA realizzata dalla Cineteca del Friuli, una quindicina di immagini scattate nel 1959 sul set del film con Sordi e Gassman che ebbe enorme successo, e altrettante (a colori) scattate nel 2004 durante le riprese del documentario I SENTIERI DELLA GLORIA di <strong>Gloria De Antoni<\/strong>.\u00a0<\/p>\n","protected":false},"excerpt":{"rendered":"<p>Inaugurazione in Sala Tripcovich<\/p>\n","protected":false},"author":28,"featured_media":13370,"comment_status":"closed","ping_status":"closed","sticky":false,"template":"","format":"standard","meta":{"dwc-title":[],"dwc-content":[],"footnotes":""},"categories":[37],"tags":[],"class_list":["post-13369","post","type-post","status-publish","format-standard","has-post-thumbnail","hentry","category-cultura-e-spettacolo"],"rttpg_featured_image_url":{"full":["https:\/\/imagazine.it\/wp-content\/uploads\/2024\/01\/3695-1.webp",756,567,false],"landscape":["https:\/\/imagazine.it\/wp-content\/uploads\/2024\/01\/3695-1.webp",756,567,false],"portraits":["https:\/\/imagazine.it\/wp-content\/uploads\/2024\/01\/3695-1.webp",756,567,false],"thumbnail":["https:\/\/imagazine.it\/wp-content\/uploads\/2024\/01\/3695-1-150x150.webp",150,150,true],"medium":["https:\/\/imagazine.it\/wp-content\/uploads\/2024\/01\/3695-1-300x225.webp",300,225,true],"large":["https:\/\/imagazine.it\/wp-content\/uploads\/2024\/01\/3695-1.webp",640,480,false],"thumblist":["https:\/\/imagazine.it\/wp-content\/uploads\/2024\/01\/3695-1.webp",300,225,false],"thumbrelated":["https:\/\/imagazine.it\/wp-content\/uploads\/2024\/01\/3695-1.webp",500,375,false],"meccarouselthumb":["https:\/\/imagazine.it\/wp-content\/uploads\/2024\/01\/3695-1.webp",432,324,false],"gridsquare":["https:\/\/imagazine.it\/wp-content\/uploads\/2024\/01\/3695-1.webp",347,260,false],"tileview":["https:\/\/imagazine.it\/wp-content\/uploads\/2024\/01\/3695-1.webp",300,225,false],"1536x1536":["https:\/\/imagazine.it\/wp-content\/uploads\/2024\/01\/3695-1.webp",756,567,false],"2048x2048":["https:\/\/imagazine.it\/wp-content\/uploads\/2024\/01\/3695-1.webp",756,567,false],"newsup-slider-full":["https:\/\/imagazine.it\/wp-content\/uploads\/2024\/01\/3695-1.webp",756,567,false],"newsup-featured":["https:\/\/imagazine.it\/wp-content\/uploads\/2024\/01\/3695-1.webp",756,567,false],"newsup-medium":["https:\/\/imagazine.it\/wp-content\/uploads\/2024\/01\/3695-1-720x380.webp",720,380,true],"tptn_thumbnail":["https:\/\/imagazine.it\/wp-content\/uploads\/2024\/01\/3695-1.webp",250,188,false],"sow-carousel-default":["https:\/\/imagazine.it\/wp-content\/uploads\/2024\/01\/3695-1-272x182.webp",272,182,true]},"rttpg_author":{"display_name":"redazione","author_link":"https:\/\/imagazine.it\/home_desk\/author\/redazione\/"},"rttpg_comment":0,"rttpg_category":"<a href=\"https:\/\/imagazine.it\/home_desk\/category\/cultura-e-spettacolo\/\" rel=\"category tag\">CULTURA&amp;SPETTACOLO<\/a>","rttpg_excerpt":"Inaugurazione in Sala Tripcovich","_links":{"self":[{"href":"https:\/\/imagazine.it\/home_desk\/wp-json\/wp\/v2\/posts\/13369","targetHints":{"allow":["GET"]}}],"collection":[{"href":"https:\/\/imagazine.it\/home_desk\/wp-json\/wp\/v2\/posts"}],"about":[{"href":"https:\/\/imagazine.it\/home_desk\/wp-json\/wp\/v2\/types\/post"}],"author":[{"embeddable":true,"href":"https:\/\/imagazine.it\/home_desk\/wp-json\/wp\/v2\/users\/28"}],"replies":[{"embeddable":true,"href":"https:\/\/imagazine.it\/home_desk\/wp-json\/wp\/v2\/comments?post=13369"}],"version-history":[{"count":0,"href":"https:\/\/imagazine.it\/home_desk\/wp-json\/wp\/v2\/posts\/13369\/revisions"}],"wp:featuredmedia":[{"embeddable":true,"href":"https:\/\/imagazine.it\/home_desk\/wp-json\/wp\/v2\/media\/13370"}],"wp:attachment":[{"href":"https:\/\/imagazine.it\/home_desk\/wp-json\/wp\/v2\/media?parent=13369"}],"wp:term":[{"taxonomy":"category","embeddable":true,"href":"https:\/\/imagazine.it\/home_desk\/wp-json\/wp\/v2\/categories?post=13369"},{"taxonomy":"post_tag","embeddable":true,"href":"https:\/\/imagazine.it\/home_desk\/wp-json\/wp\/v2\/tags?post=13369"}],"curies":[{"name":"wp","href":"https:\/\/api.w.org\/{rel}","templated":true}]}}