{"id":13355,"date":"2014-01-10T00:00:00","date_gmt":"2014-01-09T23:00:00","guid":{"rendered":"https:\/\/imagazine.it\/?p=13355"},"modified":"2014-01-10T00:00:00","modified_gmt":"2014-01-09T23:00:00","slug":"i-futuri-dottori-del-caffe","status":"publish","type":"post","link":"https:\/\/imagazine.it\/home_desk\/i-futuri-dottori-del-caffe\/","title":{"rendered":"I futuri dottori del caff\u00e8"},"content":{"rendered":"<p style=\"text-align: justify;\" class=\"ui-droppable\"> \t\u00c8 stato inaugurato quest\u2019oggi a Trieste il quarto anno accademico del Master universitario interateneo di II livello in Economia e Scienza del Caff\u00e8 per i laureati interessati a lavorare nel mondo del caff\u00e8 e nell&#8217;agro-alimentare, organizzato da <em>illycaff\u00e8<\/em> e centri di ricerca.<\/p>\n<p style=\"text-align: justify;\" class=\"ui-droppable\"> \tIl corso, unico al mondo e internazionale, offre dopo 400 ore di lezione il Master in economia e scienza caff\u00e8, diretto da <strong>Furio Liverani<\/strong>.<\/p>\n<p style=\"text-align: justify;\" class=\"ui-droppable\"> \tSono 17 gli studenti iscritti, provenienti da 11 diversi Paesi.<\/p>\n<p style=\"text-align: justify;\" class=\"ui-droppable\"> \t\u00abSono orgoglioso che la mia azienda continui a essere la promotrice di questa iniziativa\u00bb, ha commentato il presidente di <em>illycaff\u00e8<\/em>, <strong>Andrea Illy<\/strong>.\u00a0<\/p>\n","protected":false},"excerpt":{"rendered":"<p>Al via le lezioni<\/p>\n","protected":false},"author":28,"featured_media":13356,"comment_status":"closed","ping_status":"closed","sticky":false,"template":"","format":"standard","meta":{"dwc-title":[],"dwc-content":[],"footnotes":""},"categories":[5],"tags":[],"class_list":["post-13355","post","type-post","status-publish","format-standard","has-post-thumbnail","hentry","category-attualita"],"rttpg_featured_image_url":{"full":["https:\/\/imagazine.it\/wp-content\/uploads\/2024\/01\/3586-1.webp",723,586,false],"landscape":["https:\/\/imagazine.it\/wp-content\/uploads\/2024\/01\/3586-1.webp",723,586,false],"portraits":["https:\/\/imagazine.it\/wp-content\/uploads\/2024\/01\/3586-1.webp",723,586,false],"thumbnail":["https:\/\/imagazine.it\/wp-content\/uploads\/2024\/01\/3586-1-150x150.webp",150,150,true],"medium":["https:\/\/imagazine.it\/wp-content\/uploads\/2024\/01\/3586-1-300x243.webp",300,243,true],"large":["https:\/\/imagazine.it\/wp-content\/uploads\/2024\/01\/3586-1.webp",640,519,false],"thumblist":["https:\/\/imagazine.it\/wp-content\/uploads\/2024\/01\/3586-1.webp",300,243,false],"thumbrelated":["https:\/\/imagazine.it\/wp-content\/uploads\/2024\/01\/3586-1.webp",500,405,false],"meccarouselthumb":["https:\/\/imagazine.it\/wp-content\/uploads\/2024\/01\/3586-1.webp",400,324,false],"gridsquare":["https:\/\/imagazine.it\/wp-content\/uploads\/2024\/01\/3586-1.webp",321,260,false],"tileview":["https:\/\/imagazine.it\/wp-content\/uploads\/2024\/01\/3586-1.webp",300,243,false],"1536x1536":["https:\/\/imagazine.it\/wp-content\/uploads\/2024\/01\/3586-1.webp",723,586,false],"2048x2048":["https:\/\/imagazine.it\/wp-content\/uploads\/2024\/01\/3586-1.webp",723,586,false],"newsup-slider-full":["https:\/\/imagazine.it\/wp-content\/uploads\/2024\/01\/3586-1.webp",723,586,false],"newsup-featured":["https:\/\/imagazine.it\/wp-content\/uploads\/2024\/01\/3586-1.webp",723,586,false],"newsup-medium":["https:\/\/imagazine.it\/wp-content\/uploads\/2024\/01\/3586-1-720x380.webp",720,380,true],"tptn_thumbnail":["https:\/\/imagazine.it\/wp-content\/uploads\/2024\/01\/3586-1.webp",250,203,false],"sow-carousel-default":["https:\/\/imagazine.it\/wp-content\/uploads\/2024\/01\/3586-1-272x182.webp",272,182,true]},"rttpg_author":{"display_name":"redazione","author_link":"https:\/\/imagazine.it\/home_desk\/author\/redazione\/"},"rttpg_comment":0,"rttpg_category":"<a href=\"https:\/\/imagazine.it\/home_desk\/category\/attualita\/\" rel=\"category tag\">ATTUALIT\u00c0<\/a>","rttpg_excerpt":"Al via le lezioni","_links":{"self":[{"href":"https:\/\/imagazine.it\/home_desk\/wp-json\/wp\/v2\/posts\/13355","targetHints":{"allow":["GET"]}}],"collection":[{"href":"https:\/\/imagazine.it\/home_desk\/wp-json\/wp\/v2\/posts"}],"about":[{"href":"https:\/\/imagazine.it\/home_desk\/wp-json\/wp\/v2\/types\/post"}],"author":[{"embeddable":true,"href":"https:\/\/imagazine.it\/home_desk\/wp-json\/wp\/v2\/users\/28"}],"replies":[{"embeddable":true,"href":"https:\/\/imagazine.it\/home_desk\/wp-json\/wp\/v2\/comments?post=13355"}],"version-history":[{"count":0,"href":"https:\/\/imagazine.it\/home_desk\/wp-json\/wp\/v2\/posts\/13355\/revisions"}],"wp:featuredmedia":[{"embeddable":true,"href":"https:\/\/imagazine.it\/home_desk\/wp-json\/wp\/v2\/media\/13356"}],"wp:attachment":[{"href":"https:\/\/imagazine.it\/home_desk\/wp-json\/wp\/v2\/media?parent=13355"}],"wp:term":[{"taxonomy":"category","embeddable":true,"href":"https:\/\/imagazine.it\/home_desk\/wp-json\/wp\/v2\/categories?post=13355"},{"taxonomy":"post_tag","embeddable":true,"href":"https:\/\/imagazine.it\/home_desk\/wp-json\/wp\/v2\/tags?post=13355"}],"curies":[{"name":"wp","href":"https:\/\/api.w.org\/{rel}","templated":true}]}}