{"id":13353,"date":"2014-01-10T00:00:00","date_gmt":"2014-01-09T23:00:00","guid":{"rendered":"https:\/\/imagazine.it\/?p=13353"},"modified":"2014-01-10T00:00:00","modified_gmt":"2014-01-09T23:00:00","slug":"una-giornalista-prestata-alla-politica","status":"publish","type":"post","link":"https:\/\/imagazine.it\/home_desk\/una-giornalista-prestata-alla-politica\/","title":{"rendered":"Una giornalista prestata alla politica"},"content":{"rendered":"<p class=\"ui-droppable\" style=\"text-align: justify;\"> \t<strong>Vicesindaco Martini, sulla sua pagina <em>Twitter<\/em> si definisce \u201cgiornalista temporaneamente prestata alla politica\u201d. Cosa l\u2019ha spinta a questa scelta?<\/strong><\/p>\n<p class=\"ui-droppable\" style=\"text-align: justify;\"> \t\u00abIl pensare di poter dare un contributo, anche se piccolo, nella costruzione del bene comune in un momento in cui la sfiducia dei cittadini, peraltro motivata, \u00e8 al massimo e rischia di avere la meglio il qualunquismo, ovvero il pensare che tanto sono tutti uguali e nulla potr\u00e0 mai cambiare\u00bb.<\/p>\n<p class=\"ui-droppable\" style=\"text-align: justify;\"> \t<strong>Dal momento della nomina ricevuta nel 2011 com\u2019\u00e8 cambiata la sua vita?<\/strong><\/p>\n<\/p>\n<p class=\"ui-droppable\" style=\"text-align: justify;\"> \t\u00abQuella che sto vivendo \u00e8 un\u2019esperienza totalizzante, che non lascia spazio a molto altro e che in un certo senso limita la propria libert\u00e0: condizione che si accetta sapendo che \u00e8 per un bene maggiore, ovvero il bene comune\u00bb.<\/p>\n<p class=\"ui-droppable\" style=\"text-align: justify;\"> \t<strong>Che cos\u2019\u00e8 per lei la politica?<\/strong><\/p>\n<p class=\"ui-droppable\" style=\"text-align: justify;\"> \t\u00ab\u00c8 servizio al bene comune, \u00e8 scegliere di condividere i problemi, \u00e8 affrontare la complessit\u00e0 con la convinzione che non possa essere un alibi al disimpegno, \u00e8 impegnarsi perch\u00e9 gli interessi di parte non prevalgano su quelli della gente, in particolare di chi \u00e8 pi\u00f9 debole e indifeso, \u00e8 mettere sempre la persona al centro e garantire la cura di tutti in fedelt\u00e0 alla nostra Costituzione, \u00e8 alimentare una speranza, offrire una prospettiva\u00bb.<\/p>\n<p class=\"ui-droppable\" style=\"text-align: justify;\"> \t<strong>Lei \u00e8 madre di tre figlie: qual \u00e8 il segreto per conciliare un lavoro spesso senza orari con la famiglia?<\/strong><\/p>\n<p class=\"ui-droppable\" style=\"text-align: justify;\"> \t\u00abNon sono ancora certa che un impegno di questo tipo si possa davvero conciliare con la famiglia! A volte ho l\u2019impressione che sia ancora un servizio a misura di single e pensionati. In ogni caso il segreto sta nella corresponsabilit\u00e0 tra i genitori, ovvero nel superamento definitivo della convinzione che debba essere principalmente la madre a farsi carico dell\u2019educazione dei fi gli e della gestione della famiglia, e nei servizi: mai avrei potuto assumere certi incarichi, non solo politici ma anche professionali, se non avessi potuto contare sul nido o sul servizio integrativo scolastico. Oltre a questi due aspetti ci sono poi le alleanze, ovvero la capacit\u00e0 di condividere i problemi con altri, trovando insieme le soluzioni e condividendole: un genitore che accompagna anche i fi gli di altre famiglie, che a loro volta ricambieranno il servizio\u2026\u00bb<\/p>\n<p class=\"ui-droppable\" style=\"text-align: justify;\"> \t<strong>Com\u2019\u00e8 la giornata tipo del vicesindaco di Trieste?<\/strong><\/p>\n<p class=\"ui-droppable\" style=\"text-align: justify;\"> \t\u00abDecisamente intensa! Fatta di incontri con i cittadini, che espongono delle difficolt\u00e0, segnalano dei disagi o fanno delle proposte; di riunioni interne con il personale del Comune, con cui ci si confronta quotidianamente per cercare di risolvere i problemi piccoli o maggiormente complessi che la quotidianit\u00e0 propone; di partecipazione a eventi in cui \u00e8 richiesta la presenza dell\u2019Amministrazione. In qualunque stagione, faccio sempre in tempo a vedere il tramonto dal mio ufficio, ma fortunatamente \u00e8 una vista mare che ripaga della fatica e aumenta la consapevolezza di quanto sia bella Trieste\u00bb.<\/p>\n<p class=\"ui-droppable\" style=\"text-align: justify;\"> \t<strong>Soffermiamoci su Trieste, quali sono a suo avviso le sfide principali che la citt\u00e0 dovr\u00e0 cercare di vincere nel prossimo futuro?<\/strong><\/p>\n<p class=\"ui-droppable\" style=\"text-align: justify;\"> \t\u00abL\u2019occupazione e la ripresa economica, perch\u00e9 senza lavoro non c\u2019\u00e8 dignit\u00e0 per la persona. Credo che questa sia una sfida che pu\u00f2 essere vinta aprendosi sempre pi\u00f9 e potenziando l\u2019internazionalizzazione della citt\u00e0\u00bb.<\/p>\n<p class=\"ui-droppable\" style=\"text-align: justify;\"> \t<strong>Oltre a quello di vicesindaco, tra i vari incarichi a lei assegnati spicca quello di responsabile della comunicazione: a suo avviso le pubbliche amministrazioni oggi giorno come comunicano ai cittadini?<\/strong><\/p>\n<\/p>\n<p class=\"ui-droppable\" style=\"text-align: justify;\"> \t\u00abQuello della comunicazione \u00e8 un settore in costante evoluzione, che richiede grande capacit\u00e0 di adeguarsi alle nuove esigenze e di utilizzare i nuovi canali: tanto per fare un esempio, una Pubblica Amministrazione non presente sui <em>social media <\/em>\u00e8 un\u2019amministrazione che, anche se involontariamente, taglia i ponti con una larghissima fetta di popolazione, che oggi non compra pi\u00f9 il giornale locale, non guarda la tv, ma s\u2019informa solo o quasi attraverso <em>Facebook<\/em> e <em>Twitter<\/em>. Certamente non \u00e8 facile, anche perch\u00e9 i tempi e lo stile dei social sono molto diversi da quelli della PA, ma bisogna cogliere la sfida: nel nostro Comune abbiamo appena ultimato e condiviso la stesura, ora in fase di approvazione, delle <em>Linee guida per l\u2019utilizzo dei social media<\/em>\u2026\u00bb<\/p>\n<p class=\"ui-droppable\" style=\"text-align: justify;\"> \t<strong>A proposito di comunicazione, in gennaio il Comune di Trieste lancer\u00e0 una novit\u00e0 assoluta: di cosa si tratta?<\/strong><\/p>\n<p class=\"ui-droppable\" style=\"text-align: justify;\"> \t\u00ab\u00c8 un sistema di prenotazione del proprio turno al Centro civico attraverso lo <em>smartphone\u00a0<\/em>(denominato <a href=\"http:\/\/www.imagazine.it\/news\/794#.Us_IT_TuKxU\" target=\"_blank\" rel=\"noopener\">QURAMI<\/a>): una modalit\u00e0 che permetter\u00e0 di risparmiare tempo e di evitare code inutili, oltre che di monitorare le richieste, riuscendo di conseguenza a organizzare meglio il servizio. Un modo attraverso il quale l\u2019Amministrazione dice al cittadino: so che il tuo tempo \u00e8 prezioso e sono io che devo essere al servizio delle tue esigenze, non tu ostaggio della burocrazia e dell\u2019inefficienza\u00bb.<\/p>\n<p class=\"ui-droppable\" style=\"text-align: justify;\"> \t<strong>Torniamo a Fabiana Martini: lei \u00e8 stata la prima donna laica a essere direttrice di un periodico religioso in Italia (<\/strong><strong><em>Vita nuova<\/em><\/strong><strong>). In ambito politico e amministrativo, a suo avviso, come dovrebbero convivere fede e laicit\u00e0?<\/strong><\/p>\n<p class=\"ui-droppable\" style=\"text-align: justify;\"> \t\u00abLa laicit\u00e0 \u00e8 la condizione di partenza di tutti ed \u00e8 quindi garanzia di uguaglianza e di giustizia: occorre fare attenzione a non rivendicare spazi sacri, nella consapevolezza che solo l\u2019azione politica esercitata in un contesto democratico riesce a produrre risultati generali e duraturi nel tempo\u00bb.<\/p>\n<p class=\"ui-droppable\" style=\"text-align: justify;\"> \t<strong>Nella sua attivit\u00e0 politica e amministrativa, c\u2019\u00e8 una fi gura alla quale s\u2019ispira?<\/strong><\/p>\n<p class=\"ui-droppable\" style=\"text-align: justify;\"> \t\u00abSono tante le persone, anche non note, che m\u2019ispirano quotidianamente: tra tutte cito don Lorenzo Milani (fondatore della Scuola di Barbiana, ndr) e il suo \u201cI care\u201d, quel \u201cmi sta a cuore\u201d, \u201cm\u2019interessa\u201d contrapposto al \u201cme ne frego\u201d della gente e dei suoi problemi, la disponibilit\u00e0 a sporcarsi le mani, perch\u00e9 come dice sempre don Milani \u201ca che serve avere le mani pulite se le abbiamo tenute in tasca?\u201d\u00bb.<\/p>\n<p class=\"ui-droppable\" style=\"text-align: justify;\"> \t<strong>In questo contesto qual \u00e8 l\u2019obiettivo che pi\u00f9 le sta a cuore e che desidera raggiungere nel corso del suo mandato?<\/strong><\/p>\n<p class=\"ui-droppable\" style=\"text-align: justify;\"> \t\u00abConsiderando le numerose e variegate deleghe, gli obiettivi sono molteplici: possono essere riassunti in un miglioramento dei rapporti tra cittadini e Pubblica Amministrazione attraverso una progressiva semplificazione e una serie di azioni e attenzioni che permettano a ciascuna e a ciascuno di sentirsi veramente a casa\u00bb.<\/p>\n<p class=\"ui-droppable\" style=\"text-align: justify;\"> \t<strong>Per concludere, torniamo al punto di partenza: quanto tempo avrebbe piacere potesse durare il suo \u201cprestito\u201d alla politica?<\/strong><\/p>\n<p class=\"ui-droppable\" style=\"text-align: justify;\"> \t\u00abAl momento il mio \u201cprestito\u201d scade nel 2016, al termine di questo mandato. A quel punto si vedr\u00e0: come non avrei mai immaginato nel 2011 di trovarmi ad assumere quest\u2019incarico, cos\u00ec \u00e8 difficile ora ipotecare il futuro. Di una cosa sono convinta: il servizio politico deve essere svolto per un tempo limitato. La mia professione \u00e8 il giornalismo\u00bb.<\/p>\n","protected":false},"excerpt":{"rendered":"<p>Intervista a Fabiana Martini<\/p>\n","protected":false},"author":28,"featured_media":13354,"comment_status":"closed","ping_status":"closed","sticky":false,"template":"","format":"standard","meta":{"dwc-title":[],"dwc-content":[],"footnotes":""},"categories":[6],"tags":[],"class_list":["post-13353","post","type-post","status-publish","format-standard","has-post-thumbnail","hentry","category-societa"],"rttpg_featured_image_url":{"full":["https:\/\/imagazine.it\/wp-content\/uploads\/2024\/01\/3560-1.webp",391,264,false],"landscape":["https:\/\/imagazine.it\/wp-content\/uploads\/2024\/01\/3560-1.webp",391,264,false],"portraits":["https:\/\/imagazine.it\/wp-content\/uploads\/2024\/01\/3560-1.webp",391,264,false],"thumbnail":["https:\/\/imagazine.it\/wp-content\/uploads\/2024\/01\/3560-1-150x150.webp",150,150,true],"medium":["https:\/\/imagazine.it\/wp-content\/uploads\/2024\/01\/3560-1-300x203.webp",300,203,true],"large":["https:\/\/imagazine.it\/wp-content\/uploads\/2024\/01\/3560-1.webp",391,264,false],"thumblist":["https:\/\/imagazine.it\/wp-content\/uploads\/2024\/01\/3560-1.webp",300,203,false],"thumbrelated":["https:\/\/imagazine.it\/wp-content\/uploads\/2024\/01\/3560-1.webp",391,264,false],"meccarouselthumb":["https:\/\/imagazine.it\/wp-content\/uploads\/2024\/01\/3560-1.webp",391,264,false],"gridsquare":["https:\/\/imagazine.it\/wp-content\/uploads\/2024\/01\/3560-1.webp",385,260,false],"tileview":["https:\/\/imagazine.it\/wp-content\/uploads\/2024\/01\/3560-1.webp",300,203,false],"1536x1536":["https:\/\/imagazine.it\/wp-content\/uploads\/2024\/01\/3560-1.webp",391,264,false],"2048x2048":["https:\/\/imagazine.it\/wp-content\/uploads\/2024\/01\/3560-1.webp",391,264,false],"newsup-slider-full":["https:\/\/imagazine.it\/wp-content\/uploads\/2024\/01\/3560-1.webp",391,264,false],"newsup-featured":["https:\/\/imagazine.it\/wp-content\/uploads\/2024\/01\/3560-1.webp",391,264,false],"newsup-medium":["https:\/\/imagazine.it\/wp-content\/uploads\/2024\/01\/3560-1.webp",391,264,false],"tptn_thumbnail":["https:\/\/imagazine.it\/wp-content\/uploads\/2024\/01\/3560-1.webp",250,169,false],"sow-carousel-default":["https:\/\/imagazine.it\/wp-content\/uploads\/2024\/01\/3560-1-272x182.webp",272,182,true]},"rttpg_author":{"display_name":"redazione","author_link":"https:\/\/imagazine.it\/home_desk\/author\/redazione\/"},"rttpg_comment":0,"rttpg_category":"<a href=\"https:\/\/imagazine.it\/home_desk\/category\/societa\/\" rel=\"category tag\">SOCIET\u00c0<\/a>","rttpg_excerpt":"Intervista a Fabiana Martini","_links":{"self":[{"href":"https:\/\/imagazine.it\/home_desk\/wp-json\/wp\/v2\/posts\/13353","targetHints":{"allow":["GET"]}}],"collection":[{"href":"https:\/\/imagazine.it\/home_desk\/wp-json\/wp\/v2\/posts"}],"about":[{"href":"https:\/\/imagazine.it\/home_desk\/wp-json\/wp\/v2\/types\/post"}],"author":[{"embeddable":true,"href":"https:\/\/imagazine.it\/home_desk\/wp-json\/wp\/v2\/users\/28"}],"replies":[{"embeddable":true,"href":"https:\/\/imagazine.it\/home_desk\/wp-json\/wp\/v2\/comments?post=13353"}],"version-history":[{"count":0,"href":"https:\/\/imagazine.it\/home_desk\/wp-json\/wp\/v2\/posts\/13353\/revisions"}],"wp:featuredmedia":[{"embeddable":true,"href":"https:\/\/imagazine.it\/home_desk\/wp-json\/wp\/v2\/media\/13354"}],"wp:attachment":[{"href":"https:\/\/imagazine.it\/home_desk\/wp-json\/wp\/v2\/media?parent=13353"}],"wp:term":[{"taxonomy":"category","embeddable":true,"href":"https:\/\/imagazine.it\/home_desk\/wp-json\/wp\/v2\/categories?post=13353"},{"taxonomy":"post_tag","embeddable":true,"href":"https:\/\/imagazine.it\/home_desk\/wp-json\/wp\/v2\/tags?post=13353"}],"curies":[{"name":"wp","href":"https:\/\/api.w.org\/{rel}","templated":true}]}}