{"id":13345,"date":"2014-01-07T00:00:00","date_gmt":"2014-01-06T23:00:00","guid":{"rendered":"https:\/\/imagazine.it\/?p=13345"},"modified":"2014-01-07T00:00:00","modified_gmt":"2014-01-06T23:00:00","slug":"premi-a-susanna-tamaro-il-san-giusto-doro","status":"publish","type":"post","link":"https:\/\/imagazine.it\/home_desk\/premi-a-susanna-tamaro-il-san-giusto-doro\/","title":{"rendered":"Premi, a Susanna Tamaro il &#8220;San Giusto d&#8217;Oro&#8221;"},"content":{"rendered":"<p style=\"text-align: justify;\" class=\"ui-droppable\"> \tVenerd\u00ec 10 gennaio, alle ore 12, nella sala del Consiglio comunale di Trieste, alla presenza di autorit\u00e0 civili, militari e religiose, sar\u00e0 conferito alla scrittrice <strong>Susanna Tamaro<\/strong> il 47\u00b0 San Giusto d\u2019Oro, tradizionale riconoscimento dei cronisti giuliani a personaggi o realt\u00e0 che si sono distinti per aver portato alto e dato lustro al nome della Citt\u00e0 Trieste in Italia e nel mondo.<\/p>\n<p style=\"text-align: justify;\" class=\"ui-droppable\"> \tPromossa dal Comune di Trieste e dal Gruppo Giuliano Cronisti, con il contributo della Fondazione CRTrieste, che mette a disposizione ogni anno la statuetta opera dello scultore <strong>Tristano Alberti<\/strong>, la cerimonia sar\u00e0 aperta con l\u2019indirizzo di saluto del presidente del Consiglio comunale <strong>Iztok Furlanic<\/strong>, cui seguiranno gli interventi del sindaco <strong>Roberto Cosolini<\/strong>, del vicepresidente del CdA della Fondazione CRTrieste <strong>Renzo Piccini<\/strong>, del vicepresidente del Gruppo Giuliano Cronisti <strong>Furio Baldassi<\/strong> e del caposervizio Cultura de \u201cIl Piccolo\u201d <strong>Alessandro Mezzana Lona<\/strong>.<\/p>\n<p style=\"text-align: justify;\" class=\"ui-droppable\"> \tSusanna Tamaro \u00e8 una delle scrittrici italiane pi\u00f9 conosciute e amate in tutto il mondo. Ha pubblicato romanzi per adulti di straordinario successo di pubblico come: \u201cLa testa fra le nuvole\u201d (1989), \u201cPer voce sola\u201d (1991), \u201cVa\u2019 dove ti porta il cuore\u201d (1994), \u201cAnima Mundi\u201d (1997), \u201cCara Mathilda\u201d (2001), \u201cRispondimi\u201d (2001), \u201cFuori\u201d (2003), \u201cAscolta la mia voce\u201d (2006), \u201cBaita dei pini\u201d (2007), \u201cLuisito\u201d (2008), \u201cPer Sempre\u201d (2011), \u201cL\u2019isola che c\u2019\u00e8. Il nostro tempo, l\u2019Italia, i nostri figli\u201d (2011), mentre nel gennaio di quest\u2019anno \u00e8 uscito \u201cOgni angelo \u00e8 tremendo\u201d. Nel 2000 la scrittrice ha istituito la Fondazione Tamaro, ente che si alimenta esclusivamente con i diritti dei\u00a0suoi libri e con eventuali donazioni, contribuendo allo sviluppo di progetti a favore delle categorie pi\u00f9 deboli nel mondo intero.<\/p>\n<p style=\"text-align: justify;\" class=\"ui-droppable\"> \tSusanna Tamaro va cos\u00ec ad aggiungersi al lungo elenco dei prestigiosi premiati del San Giusto d\u2019Oro, dove figurano il chirurgo <strong>Piero Valdoni<\/strong> (primo \u201cSan Giusto d\u2019Oro\u201d nel 1967), l\u2019archeologo <strong>Doro Levi<\/strong>, la pittrice <strong>Leonor Fini<\/strong>, il Trio di Trieste, il regista <strong>Giorgio Strehler<\/strong>, il medico ricercatore <strong>Brenno Babudieri<\/strong>, il compositore <strong>Raffaello de Banfield<\/strong>, il fisico <strong>Paolo Budinich<\/strong>, lo scienziato <strong>Giorgio Pilleri<\/strong>, l\u2019economista <strong>Pier Paolo Luzzato Fegiz<\/strong>, il pittore <strong>Luigi Spazal<\/strong>, il bioingeniere <strong>Giorgio Bugliarello<\/strong>, il cantante lirico <strong>Piero Cappuccilli<\/strong>, lo scultore <strong>Marcello Mascherini<\/strong>, lo storico <strong>Diego de Castro<\/strong>, il violinista <strong>Franco Gulli<\/strong>, lo stilita <strong>Ottavio Missoni<\/strong>, il germanista <strong>Claudio Magris<\/strong>, il giurista <strong>Livio Paladin<\/strong>, il cardiologo <strong>Fulvio Camerini<\/strong>, il gallerista <strong>Leo Castelli<\/strong>, le Assicurazioni Generali, il critico d\u2019arte <strong>Gillo Dorfles<\/strong>, la stilista <strong>Mila Schon<\/strong>, il musicista <strong>Lelio Luttazzi<\/strong>, lo scrittore <strong>Giorgio Voghera<\/strong>, il fisico <strong>Luciano Fonda<\/strong>, il campione sportivo <strong>Cesare Rubini<\/strong>, il vicepresidente di A.P. <strong>Claudio Erbsen<\/strong>, il Collegio del Mondo Unito dell\u2019Adriatico, l\u2019architetto <strong>Boris Podrecca<\/strong>, l\u2019eurobanchiere <strong>Tommaso Padoa Schioppa<\/strong>, <strong>Franco Gutti<\/strong> di Assicurazioni Generali, la cantante lirica <strong>Fedora Barbieri<\/strong>, La Barcolana, il presidente delle Comunit\u00e0 Ebraiche <strong>Amos Luzzatto<\/strong>, lo scrittore <strong>Boris Pahor<\/strong>, lo scrittore <strong>Manlio Cecovini<\/strong>, la stilista <strong>Raffaella Curiel<\/strong>, il medico UNICEF <strong>Marzio Babille<\/strong>, la cantante lirica <strong>Daniela Barcellona<\/strong>, il vescovo <strong>Eugenio Ravignani<\/strong>, il pittore <strong>Bruno Chersicla<\/strong>, IllyCaff\u00e8, lo scienziato <strong>Mauro Giacca<\/strong> e il coro \u201cIllersberg\u201d. Riconoscimenti straordinari sono stati assegnati inoltre ai Giuliani d\u2019Australia e all\u2019Associazione Triestini e Goriziani in Roma.<\/p>\n","protected":false},"excerpt":{"rendered":"<p>Venerd\u00ec la consegna ufficiale<\/p>\n","protected":false},"author":28,"featured_media":13346,"comment_status":"closed","ping_status":"closed","sticky":false,"template":"","format":"standard","meta":{"dwc-title":[],"dwc-content":[],"footnotes":""},"categories":[37],"tags":[],"class_list":["post-13345","post","type-post","status-publish","format-standard","has-post-thumbnail","hentry","category-cultura-e-spettacolo"],"rttpg_featured_image_url":{"full":["https:\/\/imagazine.it\/wp-content\/uploads\/2024\/01\/3511-1.webp",693,461,false],"landscape":["https:\/\/imagazine.it\/wp-content\/uploads\/2024\/01\/3511-1.webp",693,461,false],"portraits":["https:\/\/imagazine.it\/wp-content\/uploads\/2024\/01\/3511-1.webp",693,461,false],"thumbnail":["https:\/\/imagazine.it\/wp-content\/uploads\/2024\/01\/3511-1-150x150.webp",150,150,true],"medium":["https:\/\/imagazine.it\/wp-content\/uploads\/2024\/01\/3511-1-300x200.webp",300,200,true],"large":["https:\/\/imagazine.it\/wp-content\/uploads\/2024\/01\/3511-1.webp",640,426,false],"thumblist":["https:\/\/imagazine.it\/wp-content\/uploads\/2024\/01\/3511-1.webp",300,200,false],"thumbrelated":["https:\/\/imagazine.it\/wp-content\/uploads\/2024\/01\/3511-1.webp",500,333,false],"meccarouselthumb":["https:\/\/imagazine.it\/wp-content\/uploads\/2024\/01\/3511-1.webp",474,315,false],"gridsquare":["https:\/\/imagazine.it\/wp-content\/uploads\/2024\/01\/3511-1.webp",391,260,false],"tileview":["https:\/\/imagazine.it\/wp-content\/uploads\/2024\/01\/3511-1.webp",300,200,false],"1536x1536":["https:\/\/imagazine.it\/wp-content\/uploads\/2024\/01\/3511-1.webp",693,461,false],"2048x2048":["https:\/\/imagazine.it\/wp-content\/uploads\/2024\/01\/3511-1.webp",693,461,false],"newsup-slider-full":["https:\/\/imagazine.it\/wp-content\/uploads\/2024\/01\/3511-1.webp",693,461,false],"newsup-featured":["https:\/\/imagazine.it\/wp-content\/uploads\/2024\/01\/3511-1.webp",693,461,false],"newsup-medium":["https:\/\/imagazine.it\/wp-content\/uploads\/2024\/01\/3511-1-693x380.webp",693,380,true],"tptn_thumbnail":["https:\/\/imagazine.it\/wp-content\/uploads\/2024\/01\/3511-1.webp",250,166,false],"sow-carousel-default":["https:\/\/imagazine.it\/wp-content\/uploads\/2024\/01\/3511-1-272x182.webp",272,182,true]},"rttpg_author":{"display_name":"redazione","author_link":"https:\/\/imagazine.it\/home_desk\/author\/redazione\/"},"rttpg_comment":0,"rttpg_category":"<a href=\"https:\/\/imagazine.it\/home_desk\/category\/cultura-e-spettacolo\/\" rel=\"category tag\">CULTURA&amp;SPETTACOLO<\/a>","rttpg_excerpt":"Venerd\u00ec la consegna ufficiale","_links":{"self":[{"href":"https:\/\/imagazine.it\/home_desk\/wp-json\/wp\/v2\/posts\/13345","targetHints":{"allow":["GET"]}}],"collection":[{"href":"https:\/\/imagazine.it\/home_desk\/wp-json\/wp\/v2\/posts"}],"about":[{"href":"https:\/\/imagazine.it\/home_desk\/wp-json\/wp\/v2\/types\/post"}],"author":[{"embeddable":true,"href":"https:\/\/imagazine.it\/home_desk\/wp-json\/wp\/v2\/users\/28"}],"replies":[{"embeddable":true,"href":"https:\/\/imagazine.it\/home_desk\/wp-json\/wp\/v2\/comments?post=13345"}],"version-history":[{"count":0,"href":"https:\/\/imagazine.it\/home_desk\/wp-json\/wp\/v2\/posts\/13345\/revisions"}],"wp:featuredmedia":[{"embeddable":true,"href":"https:\/\/imagazine.it\/home_desk\/wp-json\/wp\/v2\/media\/13346"}],"wp:attachment":[{"href":"https:\/\/imagazine.it\/home_desk\/wp-json\/wp\/v2\/media?parent=13345"}],"wp:term":[{"taxonomy":"category","embeddable":true,"href":"https:\/\/imagazine.it\/home_desk\/wp-json\/wp\/v2\/categories?post=13345"},{"taxonomy":"post_tag","embeddable":true,"href":"https:\/\/imagazine.it\/home_desk\/wp-json\/wp\/v2\/tags?post=13345"}],"curies":[{"name":"wp","href":"https:\/\/api.w.org\/{rel}","templated":true}]}}